{"id":2026,"date":"2013-03-07T19:33:01","date_gmt":"2013-03-07T18:33:01","guid":{"rendered":"http:\/\/www.invarena.cz\/?p=2026"},"modified":"2014-02-05T13:30:05","modified_gmt":"2014-02-05T12:30:05","slug":"dotace-5-milionu-korun-na-projekt-tyflocentra-brno","status":"publish","type":"post","link":"https:\/\/www.invarena.cz\/?p=2026","title":{"rendered":"TyfloCentra Brno dostalo p\u011bt milion\u016f"},"content":{"rendered":"<p><strong>\u00a0TyfloCentrum Brno dostalo od ministerstva pr\u00e1ce a soci\u00e1ln\u00edch v\u011bc\u00ed p\u011bt milion\u016f korun na projekt, kter\u00fd m\u00e1 nevidom\u00fdm a slabozrak\u00fdm d\u00e1t \u0161anci na sehn\u00e1n\u00ed zam\u011bstn\u00e1n\u00ed.<\/strong><\/p>\n<p>&nbsp;<\/p>\n<p>Projekt potrv\u00e1 18 m\u011bs\u00edc\u016f a zahrnuje jednak rekvalifikace, ale tak\u00e9 praktick\u00fd tr\u00e9nink. Podle \u0159editelky TyfloCentra m\u016f\u017ee pomoci des\u00edtk\u00e1m jejich dlouhodob\u011b nezam\u011bstnan\u00fdch klient\u016f.<\/p>\n<p>\u0159editelka TyfloCentra Brno: Budeme motivovat klienty k tomu, aby se rekvalifikovali, aby u n\u00e1s zkusili takzvan\u00e9 pracovn\u00ed m\u00edsto na zkou\u0161ku na t\u0159i m\u011bs\u00edce a vyzkou\u0161eli si, co to je b\u00fdt zam\u011bstn\u00e1m, a dokonce v r\u00e1mci toho projektu chceme vytvo\u0159it dv\u011b nov\u00e1 pracovn\u00ed m\u00edsta pro osoby se zrakov\u00fdm posti\u017een\u00edm.<\/p>\n","protected":false},"excerpt":{"rendered":"<div class=\"mh-excerpt\"><p>\u00a0TyfloCentrum Brno dostalo od ministerstva pr\u00e1ce a soci\u00e1ln\u00edch v\u011bc\u00ed p\u011bt milion\u016f korun na projekt, kter\u00fd m\u00e1 nevidom\u00fdm a slabozrak\u00fdm d\u00e1t \u0161anci na sehn\u00e1n\u00ed zam\u011bstn\u00e1n\u00ed. &nbsp; <a class=\"mh-excerpt-more\" href=\"https:\/\/www.invarena.cz\/?p=2026\" title=\"TyfloCentra Brno dostalo p\u011bt milion\u016f\">[&#8230;]<\/a><\/p>\n<\/div>","protected":false},"author":1,"featured_media":13634,"comment_status":"open","ping_status":"open","sticky":false,"template":"","format":"standard","meta":{"footnotes":""},"categories":[1],"tags":[],"class_list":["post-2026","post","type-post","status-publish","format-standard","has-post-thumbnail","hentry","category-nezarazene"],"_links":{"self":[{"href":"https:\/\/www.invarena.cz\/index.php?rest_route=\/wp\/v2\/posts\/2026","targetHints":{"allow":["GET"]}}],"collection":[{"href":"https:\/\/www.invarena.cz\/index.php?rest_route=\/wp\/v2\/posts"}],"about":[{"href":"https:\/\/www.invarena.cz\/index.php?rest_route=\/wp\/v2\/types\/post"}],"author":[{"embeddable":true,"href":"https:\/\/www.invarena.cz\/index.php?rest_route=\/wp\/v2\/users\/1"}],"replies":[{"embeddable":true,"href":"https:\/\/www.invarena.cz\/index.php?rest_route=%2Fwp%2Fv2%2Fcomments&post=2026"}],"version-history":[{"count":0,"href":"https:\/\/www.invarena.cz\/index.php?rest_route=\/wp\/v2\/posts\/2026\/revisions"}],"wp:featuredmedia":[{"embeddable":true,"href":"https:\/\/www.invarena.cz\/index.php?rest_route=\/wp\/v2\/media\/13634"}],"wp:attachment":[{"href":"https:\/\/www.invarena.cz\/index.php?rest_route=%2Fwp%2Fv2%2Fmedia&parent=2026"}],"wp:term":[{"taxonomy":"category","embeddable":true,"href":"https:\/\/www.invarena.cz\/index.php?rest_route=%2Fwp%2Fv2%2Fcategories&post=2026"},{"taxonomy":"post_tag","embeddable":true,"href":"https:\/\/www.invarena.cz\/index.php?rest_route=%2Fwp%2Fv2%2Ftags&post=2026"}],"curies":[{"name":"wp","href":"https:\/\/api.w.org\/{rel}","templated":true}]}}