{"id":20269,"date":"2015-03-07T10:43:57","date_gmt":"2015-03-07T09:43:57","guid":{"rendered":"http:\/\/www.invarena.cz\/?p=20269"},"modified":"2015-03-07T10:44:19","modified_gmt":"2015-03-07T09:44:19","slug":"novy-projekt-podpori-zamestnavani-hendikepovanych-moderni-obec-newsletter","status":"publish","type":"post","link":"https:\/\/www.invarena.cz\/?p=20269","title":{"rendered":"Nov\u00fd projekt podpo\u0159\u00ed zam\u011bstn\u00e1v\u00e1n\u00ed hendikepovan\u00fdch"},"content":{"rendered":"<p><strong>S n\u00e1zvem Koruna za kilo startuje na za\u010d\u00e1tku b\u0159ezna spole\u010dn\u00e1 aktivita kolektivn\u00edho syst\u00e9mu pro sb\u011br elektroodpadu ASEKOL a N\u00e1rodn\u00ed rady osob se zdravotn\u00edm posti\u017een\u00edm \u010cR (NRZP).<\/strong><!--more--><\/p>\n<p>ilustra\u010dn\u00ed foto: Brian Forbes Flickr.com<\/p>\n<p> Za ka\u017ed\u00fd kilogram star\u00e9ho elektra, kter\u00fd lid\u00e9 od 1. b\u0159ezna a\u017e do konce roku 2015 vyhod\u00ed do \u010derven\u00fdch kontejner\u016f, poputuje na \u00fa\u010det fondu Rovn\u00e1 \u0161ance, spadaj\u00edc\u00edho pod NRZP, jedna koruna. <\/p>\n<p>Celkovou \u010d\u00e1stku pak fond vyu\u017eije na podporu hendikepovan\u00fdch ob\u010dan\u016f p\u0159i z\u00edsk\u00e1v\u00e1n\u00ed zam\u011bstn\u00e1n\u00ed.<br \/>\n&#8222;Jednor\u00e1zov\u00e9 finan\u010dn\u00ed p\u0159\u00edsp\u011bvky v tomto p\u0159\u00edpad\u011b nepln\u00ed sv\u016fj \u00fa\u010del, zato rekvalifikace a st\u00e1l\u00e9 zam\u011bstn\u00e1n\u00ed maj\u00ed pro b\u011b\u017en\u00fd \u017eivot hendikepovan\u00fdch a jejich za\u0159azen\u00ed do spole\u010dnosti daleko v\u011bt\u0161\u00ed v\u00fdznam,&#8220; vysv\u011btlil p\u0159edseda NRZP V\u00e1clav Kr\u00e1sa. Ka\u017ed\u00fd, kdo letos kdekoliv v \u010cesku vyhod\u00ed vyslou\u017eil\u00fd elektrospot\u0159ebi\u010d do jednoho z 2123 \u010derven\u00fdch kontejner\u016f, pom\u016f\u017ee hendikepovan\u00fdm s hled\u00e1n\u00edm nov\u00e9 pr\u00e1ce.<br \/>\n&#8222;Nada\u010dn\u00edmu fondu Rovn\u00e1 \u0161ance jsme se rozhodli pomoci t\u00edmto zp\u016fsobem i proto, \u017ee v r\u00e1mci zpracov\u00e1n\u00ed elektroodpadu \u00fazce spolupracujeme s n\u011bkolika chr\u00e1n\u011bn\u00fdmi d\u00edlnami v \u010cesku a v\u00edme, jak je pro hendikepovan\u00e9 spoluob\u010dany obt\u00ed\u017en\u00e9 naj\u00edt pr\u00e1ci,&#8220; uvedla Martina \u010ea\u010fov\u00e1 za ASEKOL, kter\u00fd \u010derven\u00e9 kontejnery provozuje.<\/p>\n<p>Modern\u00ed obec <\/p>\n","protected":false},"excerpt":{"rendered":"<div class=\"mh-excerpt\"><p>S n\u00e1zvem Koruna za kilo startuje na za\u010d\u00e1tku b\u0159ezna spole\u010dn\u00e1 aktivita kolektivn\u00edho syst\u00e9mu pro sb\u011br elektroodpadu ASEKOL a N\u00e1rodn\u00ed rady osob se zdravotn\u00edm posti\u017een\u00edm \u010cR <a class=\"mh-excerpt-more\" href=\"https:\/\/www.invarena.cz\/?p=20269\" title=\"Nov\u00fd projekt podpo\u0159\u00ed zam\u011bstn\u00e1v\u00e1n\u00ed hendikepovan\u00fdch\">[&#8230;]<\/a><\/p>\n<\/div>","protected":false},"author":1,"featured_media":15045,"comment_status":"open","ping_status":"closed","sticky":false,"template":"","format":"standard","meta":{"footnotes":""},"categories":[9],"tags":[],"class_list":["post-20269","post","type-post","status-publish","format-standard","has-post-thumbnail","hentry","category-zpravy"],"_links":{"self":[{"href":"https:\/\/www.invarena.cz\/index.php?rest_route=\/wp\/v2\/posts\/20269","targetHints":{"allow":["GET"]}}],"collection":[{"href":"https:\/\/www.invarena.cz\/index.php?rest_route=\/wp\/v2\/posts"}],"about":[{"href":"https:\/\/www.invarena.cz\/index.php?rest_route=\/wp\/v2\/types\/post"}],"author":[{"embeddable":true,"href":"https:\/\/www.invarena.cz\/index.php?rest_route=\/wp\/v2\/users\/1"}],"replies":[{"embeddable":true,"href":"https:\/\/www.invarena.cz\/index.php?rest_route=%2Fwp%2Fv2%2Fcomments&post=20269"}],"version-history":[{"count":0,"href":"https:\/\/www.invarena.cz\/index.php?rest_route=\/wp\/v2\/posts\/20269\/revisions"}],"wp:featuredmedia":[{"embeddable":true,"href":"https:\/\/www.invarena.cz\/index.php?rest_route=\/wp\/v2\/media\/15045"}],"wp:attachment":[{"href":"https:\/\/www.invarena.cz\/index.php?rest_route=%2Fwp%2Fv2%2Fmedia&parent=20269"}],"wp:term":[{"taxonomy":"category","embeddable":true,"href":"https:\/\/www.invarena.cz\/index.php?rest_route=%2Fwp%2Fv2%2Fcategories&post=20269"},{"taxonomy":"post_tag","embeddable":true,"href":"https:\/\/www.invarena.cz\/index.php?rest_route=%2Fwp%2Fv2%2Ftags&post=20269"}],"curies":[{"name":"wp","href":"https:\/\/api.w.org\/{rel}","templated":true}]}}