{"id":20280,"date":"2015-03-06T07:03:10","date_gmt":"2015-03-06T06:03:10","guid":{"rendered":"http:\/\/www.invarena.cz\/?p=20280"},"modified":"2015-03-06T07:03:10","modified_gmt":"2015-03-06T06:03:10","slug":"specialni-skola-bude-od-zari-i-stredni-pomuze-rozvoji","status":"publish","type":"post","link":"https:\/\/www.invarena.cz\/?p=20280","title":{"rendered":"Speci\u00e1ln\u00ed \u0161kola bude od z\u00e1\u0159\u00ed i st\u0159edn\u00ed. Pom\u016f\u017ee rozvoji"},"content":{"rendered":"<p><strong>Kraj schv\u00e1lil zm\u011bnu z\u0159izovac\u00ed listiny. Za\u0159\u00edzen\u00ed tak otev\u0159e obor dvoulet\u00e9 praktick\u00e9 \u0161koly.<\/strong><!--more--><\/p>\n<p>Svitavy \u2013 Speci\u00e1ln\u00ed z\u00e1kladn\u00ed \u0161kola ve Svitav\u00e1ch u\u017e brzy roz\u0161\u00ed\u0159\u00ed svou p\u016fsobnost nejen na z\u00e1kladn\u00ed stupe\u0148 vzd\u011bl\u00e1v\u00e1n\u00ed. Po jedn\u00e1n\u00ed zastupitel\u016f Pardubick\u00e9ho kraje je jasn\u00e9, \u017ee za\u0159\u00edzen\u00ed bude nov\u011b vykon\u00e1vat tak\u00e9 funkci st\u0159edn\u00ed \u0161koly, v jej\u00edm\u017e r\u00e1mci od 1. z\u00e1\u0159\u00ed nab\u00eddne obor dvoulet\u00e9 praktick\u00e9 \u0161koly. &#8222;Z\u0159\u00edzen\u00edm praktick\u00e9 \u0161koly dvoulet\u00e9 vytv\u00e1\u0159\u00edme podm\u00ednky pro dal\u0161\u00ed soci\u00e1ln\u00ed rozvoj \u017e\u00e1k\u016f se speci\u00e1ln\u00edmi vzd\u011bl\u00e1vac\u00edmi pot\u0159ebami, a to v r\u00e1mci roz\u0161\u00ed\u0159en\u00ed v\u0161eobecn\u00e9ho vzd\u011bl\u00e1n\u00ed,&#8220; \u0159\u00edk\u00e1 \u0159editel Speci\u00e1ln\u00ed z\u00e1kladn\u00ed \u0161koly Svitavy Igor Kloss.<\/p>\n<p>Tlak ve\u0159ejnosti s\u00edl\u00ed<\/p>\n<p>Zastupitelstvo Pardubick\u00e9ho kraje, kter\u00fd je z\u0159izovatelem \u0161koly, u\u017e v t\u00e9to souvislosti odsouhlasilo zm\u011bnu z\u0159izovac\u00ed listiny v jej\u00edch p\u0159\u00edslu\u0161n\u00fdch \u010d\u00e1stech.<\/p>\n<p>&#8222;Vzniknou tu dv\u011b t\u0159\u00eddy st\u0159edn\u00edho vzd\u011bl\u00e1v\u00e1n\u00ed, tedy dvoulet\u00e9 praktick\u00e9 \u0161koly. Jde o dlouhodobou \u017e\u00e1dost s t\u00edm, \u017ee je zmapov\u00e1no jak\u00e9koliv pokryt\u00ed v regionu tohoto roz\u0161\u00ed\u0159en\u00ed oboru,&#8220; uvedl Martin Kiss, vedouc\u00ed odboru \u0161kolstv\u00ed a kultury Pardubick\u00e9ho kraje. Kraj tak reagoval p\u0159edev\u0161\u00edm na to rozbor sou\u010dasn\u00e9 situace jak v regionu, tak pr\u00e1v\u011b v odv\u011btv\u00ed speci\u00e1ln\u00edho \u0161kolstv\u00ed. &#8222;Tlak ve\u0159ejnosti obecn\u011b na inkluzi a zapojov\u00e1n\u00ed tu je. Nicm\u00e9n\u011b jde o proces, kter\u00fd je ve v\u00fdvoji a st\u00e1le nen\u00ed p\u0159ipraven. Filozofi\u00ed do budoucna je zapojovat tyto d\u011bti do standardn\u00edho \u0161koln\u00edho procesu. K tomuto pot\u0159ebujete m\u00edt vytvo\u0159en\u00e9 podm\u00ednky,&#8220; dodal Martin Kiss.<\/p>\n<p>Ty v\u0161ak nejsou vytvo\u0159en\u00e9, a\u0165 u\u017e se jedn\u00e1 o prostorov\u00e9 kapacity, tak atestovan\u00e9 pedagogy schopn\u00e9 pracovat s ment\u00e1ln\u011b posti\u017een\u00fdmi, \u010di d\u011btmi vy\u017eaduj\u00edc\u00edmi speci\u00e1ln\u00ed p\u0159\u00edstup. Z\u0159\u00edzen\u00ed oboru praktick\u00e9 dvoulet\u00e9 \u0161koly na Speci\u00e1ln\u00ed z\u00e1kladn\u00ed \u0161kole ve Svitav\u00e1ch proto jej\u00edm nyn\u011bj\u0161\u00edm \u017e\u00e1k\u016fm pom\u016f\u017ee z\u016fstat v prost\u0159ed\u00ed, v n\u011bm\u017e s nimi speci\u00e1ln\u011b vystudovan\u00ed kanto\u0159i mohou l\u00e9pe pracovat a poskytnout jim pot\u0159ebnou p\u00e9\u010di.<\/p>\n<p>BOHUSLAV STEHNO<br \/>\nSvitavsk\u00fd den\u00edk<br \/>\n<a href=\"http:\/\/svitavsky.denik.cz\/\">http:\/\/svitavsky.denik.cz\/<\/a><\/p>\n","protected":false},"excerpt":{"rendered":"<div class=\"mh-excerpt\"><p>Kraj schv\u00e1lil zm\u011bnu z\u0159izovac\u00ed listiny. Za\u0159\u00edzen\u00ed tak otev\u0159e obor dvoulet\u00e9 praktick\u00e9 \u0161koly.<\/p>\n<\/div>","protected":false},"author":1,"featured_media":18704,"comment_status":"open","ping_status":"closed","sticky":false,"template":"","format":"standard","meta":{"footnotes":""},"categories":[9],"tags":[],"class_list":["post-20280","post","type-post","status-publish","format-standard","has-post-thumbnail","hentry","category-zpravy"],"_links":{"self":[{"href":"https:\/\/www.invarena.cz\/index.php?rest_route=\/wp\/v2\/posts\/20280","targetHints":{"allow":["GET"]}}],"collection":[{"href":"https:\/\/www.invarena.cz\/index.php?rest_route=\/wp\/v2\/posts"}],"about":[{"href":"https:\/\/www.invarena.cz\/index.php?rest_route=\/wp\/v2\/types\/post"}],"author":[{"embeddable":true,"href":"https:\/\/www.invarena.cz\/index.php?rest_route=\/wp\/v2\/users\/1"}],"replies":[{"embeddable":true,"href":"https:\/\/www.invarena.cz\/index.php?rest_route=%2Fwp%2Fv2%2Fcomments&post=20280"}],"version-history":[{"count":0,"href":"https:\/\/www.invarena.cz\/index.php?rest_route=\/wp\/v2\/posts\/20280\/revisions"}],"wp:featuredmedia":[{"embeddable":true,"href":"https:\/\/www.invarena.cz\/index.php?rest_route=\/wp\/v2\/media\/18704"}],"wp:attachment":[{"href":"https:\/\/www.invarena.cz\/index.php?rest_route=%2Fwp%2Fv2%2Fmedia&parent=20280"}],"wp:term":[{"taxonomy":"category","embeddable":true,"href":"https:\/\/www.invarena.cz\/index.php?rest_route=%2Fwp%2Fv2%2Fcategories&post=20280"},{"taxonomy":"post_tag","embeddable":true,"href":"https:\/\/www.invarena.cz\/index.php?rest_route=%2Fwp%2Fv2%2Ftags&post=20280"}],"curies":[{"name":"wp","href":"https:\/\/api.w.org\/{rel}","templated":true}]}}