{"id":20288,"date":"2015-03-06T14:21:55","date_gmt":"2015-03-06T13:21:55","guid":{"rendered":"http:\/\/www.invarena.cz\/?p=20288"},"modified":"2015-03-06T14:21:55","modified_gmt":"2015-03-06T13:21:55","slug":"asistenty-pedagogu-podpori-dotace","status":"publish","type":"post","link":"https:\/\/www.invarena.cz\/?p=20288","title":{"rendered":"Asistenty pedagog\u016f podpo\u0159\u00ed dotace"},"content":{"rendered":"<p><strong>St\u0159edn\u00ed \u010cechy \u2013 Celkem 12,8 milionu korun p\u0159ijal St\u0159edo\u010desk\u00fd kraj od st\u00e1tu. Pen\u00edze poslou\u017e\u00ed st\u0159edo\u010desk\u00fdm \u0161kol\u00e1m p\u0159ev\u00e1\u017en\u011b na zaplacen\u00ed asistent\u016f pedagoga pro d\u011bti, \u017e\u00e1ky a studenty se zdravotn\u00edm posti\u017een\u00edm a soci\u00e1ln\u00edm znev\u00fdhodn\u011bn\u00edm.<\/strong><!--more--><\/p>\n<p>St\u00e1t poskytne kraji 12,8 milionu korun<\/p>\n<p>Finan\u010dn\u00ed injekci 12,8 milionu korun z ministerstva \u0161kolstv\u00ed, ml\u00e1de\u017ee a t\u011blov\u00fdchovy si rozd\u011bl\u00ed \u0161koly a \u0161kolsk\u00e1 za\u0159\u00edzen\u00ed z\u0159izovan\u00e9 St\u0159edo\u010desk\u00fdm krajem, obcemi kraje a soukrom\u00e9 \u0161koly v p\u016fsobnosti kraje.<br \/>\n&#8222;Rozvojov\u00fd program ministerstva se jmenuje Financov\u00e1n\u00ed asistent\u016f pedagoga pro d\u011bti, \u017e\u00e1ky a studenty se zdravotn\u00edm posti\u017een\u00edm a pro d\u011bti, \u017e\u00e1ky a studenty se soci\u00e1ln\u00edm znev\u00fdhodn\u011bn\u00edm na rok 2015. P\u016fjde na n\u011bj 9,8 milionu korun. Obdobn\u00fd program ur\u010den\u00fd pro st\u0159edo\u010desk\u00e9 soukrom\u00e9 \u0161koly podpo\u0159\u00ed st\u00e1t \u010d\u00e1stkou 2,8 milionu korun,&#8220; uvedl statut\u00e1rn\u00ed n\u00e1m\u011bstek hejtmana pro oblast \u0161kolstv\u00ed Milan N\u011bmec (\u010cSSD).<br \/>\n&#8222;Sna\u017e\u00edme se hendikepovan\u00fdm \u010di jinak znev\u00fdhodn\u011bn\u00fdm \u017e\u00e1k\u016fm a student\u016fm maxim\u00e1ln\u011b pom\u00e1hat nejen ve vzd\u011bl\u00e1v\u00e1n\u00ed, ale p\u0159edev\u0161\u00edm v za\u010dlen\u011bn\u00ed mezi sv\u00e9 vrstevn\u00edky. Ka\u017edoro\u010dn\u00ed dotace na tyto \u00fa\u010dely n\u00e1m v\u00fdrazn\u011b pom\u00e1h\u00e1,&#8220; \u0159ekl st\u0159edo\u010desk\u00fd hejtman Milo\u0161 Petera (\u010cSSD).<br \/>\nNa podporu soci\u00e1ln\u011b znev\u00fdhodn\u011bn\u00fdch romsk\u00fdch \u017e\u00e1k\u016f st\u0159edn\u00edch \u0161kol a student\u016f vy\u0161\u0161\u00edch odborn\u00fdch \u0161kol a konzervato\u0159\u00ed na leto\u0161n\u00ed leden a\u017e \u010derven st\u00e1t vy\u010dlenil celkem 64 500 korun. Tyto pen\u00edze jsou ur\u010deny na \u010d\u00e1ste\u010dnou nebo \u00faplnou \u00fahradu n\u00e1klad\u016f \u017e\u00e1k\u016f a student\u016f na \u0161koln\u00e9, stravn\u00e9, ubytov\u00e1n\u00ed a \u0161koln\u00ed pot\u0159eby. \u010cty\u0159icet tis\u00edc korun p\u016fjde na program Podpora sout\u011b\u017e\u00ed a p\u0159ehl\u00eddek v z\u00e1jmov\u00e9m vzd\u011bl\u00e1v\u00e1n\u00ed pro \u0161koln\u00ed rok 2014\/2015.<br \/>\n&#8222;Bezplatn\u00e1 v\u00fduka \u010desk\u00e9ho jazyka p\u0159izp\u016fsoben\u00e1 pot\u0159eb\u00e1m \u017e\u00e1k\u016f \u2013 cizinc\u016f z t\u0159et\u00edch zem\u00ed bude podpo\u0159ena \u010d\u00e1stkou sto dvacet tis\u00edc korun.<br \/>\nMinistr \u0161kolstv\u00ed Marcel Chl\u00e1dek (\u010cSSD) p\u0159ipravuje reformu financov\u00e1n\u00ed region\u00e1ln\u00edho \u0161kolstv\u00ed. Minul\u00fd t\u00fdden \u0159ekl, \u017ee pro spu\u0161t\u011bn\u00ed reformy bude nutn\u00e9 nav\u00fd\u0161it sumu, kterou st\u00e1t na \u0161kolstv\u00ed vyd\u00e1v\u00e1. Kl\u00ed\u010dov\u00e9 obory, kter\u00e9 budou z\u00e1sadn\u00ed pro financov\u00e1n\u00ed st\u0159edn\u00edch \u0161kol, by m\u011bl ze sedmdes\u00e1ti procent ur\u010dovat st\u00e1t.<\/p>\n<p>Nov\u00e1 metodika pro asistenty<\/p>\n<p>Podle \u010dlenky \u0161kolsk\u00e9 komise Asociace kraj\u016f \u010cR V\u011bry Palkov\u00e9 je pot\u0159eba vy\u0159e\u0161it tak\u00e9 financov\u00e1n\u00ed asistent\u016f pedagoga, na n\u011b\u017e jsou nyn\u00ed prost\u0159edky nedostate\u010dn\u00e9. Kraje nav\u00edc p\u0159ijdou o \u010d\u00e1st pravomoc\u00ed p\u0159i p\u0159erozd\u011blov\u00e1n\u00ed pen\u011bz, nov\u011b by m\u011bly dost\u00e1vat z ministerstva objem pen\u011bz rozpo\u010d\u00edtan\u00fd konkr\u00e9tn\u011b na jednotliv\u00e9 \u0161koly.<br \/>\nNa asistenty pedagoga pro soci\u00e1ln\u011b znev\u00fdhodn\u011bn\u00e9 \u017e\u00e1ky ministerstvo \u0161kolstv\u00ed stejn\u011b jako v lo\u0148sk\u00e9m roce vy\u010dlenilo 105 milion\u016f korun. Asistenti by se m\u011bli u\u017e na ja\u0159e do\u010dkat \u017e\u00e1dan\u00e9 metodick\u00e9 podpory. V r\u00e1mci projektu Syst\u00e9mov\u00e1 podpora inkluzivn\u00edho vzd\u011bl\u00e1v\u00e1n\u00ed v \u010cR, na n\u011bm\u017e se pod\u00edlej\u00ed Univerzita Palack\u00e9ho v Olomouci a organizace \u010clov\u011bk v t\u00edsni, toti\u017e vznik\u00e1 sada metodick\u00fdch materi\u00e1l\u016f.<\/p>\n<p>Bene\u0161ovsk\u00fd den\u00edk<\/p>\n","protected":false},"excerpt":{"rendered":"<div class=\"mh-excerpt\"><p>St\u0159edn\u00ed \u010cechy \u2013 Celkem 12,8 milionu korun p\u0159ijal St\u0159edo\u010desk\u00fd kraj od st\u00e1tu. Pen\u00edze poslou\u017e\u00ed st\u0159edo\u010desk\u00fdm \u0161kol\u00e1m p\u0159ev\u00e1\u017en\u011b na zaplacen\u00ed asistent\u016f pedagoga pro d\u011bti, \u017e\u00e1ky a <a class=\"mh-excerpt-more\" href=\"https:\/\/www.invarena.cz\/?p=20288\" title=\"Asistenty pedagog\u016f podpo\u0159\u00ed dotace\">[&#8230;]<\/a><\/p>\n<\/div>","protected":false},"author":1,"featured_media":0,"comment_status":"open","ping_status":"closed","sticky":false,"template":"","format":"standard","meta":{"footnotes":""},"categories":[9],"tags":[],"class_list":["post-20288","post","type-post","status-publish","format-standard","hentry","category-zpravy"],"_links":{"self":[{"href":"https:\/\/www.invarena.cz\/index.php?rest_route=\/wp\/v2\/posts\/20288","targetHints":{"allow":["GET"]}}],"collection":[{"href":"https:\/\/www.invarena.cz\/index.php?rest_route=\/wp\/v2\/posts"}],"about":[{"href":"https:\/\/www.invarena.cz\/index.php?rest_route=\/wp\/v2\/types\/post"}],"author":[{"embeddable":true,"href":"https:\/\/www.invarena.cz\/index.php?rest_route=\/wp\/v2\/users\/1"}],"replies":[{"embeddable":true,"href":"https:\/\/www.invarena.cz\/index.php?rest_route=%2Fwp%2Fv2%2Fcomments&post=20288"}],"version-history":[{"count":0,"href":"https:\/\/www.invarena.cz\/index.php?rest_route=\/wp\/v2\/posts\/20288\/revisions"}],"wp:attachment":[{"href":"https:\/\/www.invarena.cz\/index.php?rest_route=%2Fwp%2Fv2%2Fmedia&parent=20288"}],"wp:term":[{"taxonomy":"category","embeddable":true,"href":"https:\/\/www.invarena.cz\/index.php?rest_route=%2Fwp%2Fv2%2Fcategories&post=20288"},{"taxonomy":"post_tag","embeddable":true,"href":"https:\/\/www.invarena.cz\/index.php?rest_route=%2Fwp%2Fv2%2Ftags&post=20288"}],"curies":[{"name":"wp","href":"https:\/\/api.w.org\/{rel}","templated":true}]}}