{"id":20297,"date":"2015-04-26T10:19:10","date_gmt":"2015-04-26T08:19:10","guid":{"rendered":"http:\/\/www.invarena.cz\/?p=20297"},"modified":"2015-04-26T10:19:10","modified_gmt":"2015-04-26T08:19:10","slug":"pribyva-lidi-s-alzheimerovou-chorobou","status":"publish","type":"post","link":"https:\/\/www.invarena.cz\/?p=20297","title":{"rendered":"P\u0159ib\u00fdv\u00e1 lid\u00ed s Alzheimerovou chorobou"},"content":{"rendered":"<p><strong>Alzheimerova choroba. Po\u010det nemocn\u00fdch v \u010cesku se odhaduje na 150 tis\u00edc. Popt\u00e1vka po specializovan\u00e9 p\u00e9\u010di roste. V litv\u00ednovsk\u00e9m Janov\u011b te\u010f maj\u00ed 21 nov\u00fdch l\u016f\u017eek. Dal\u0161\u00ed m\u00edsta v \u00dasteck\u00e9m kraji p\u0159ibudou. Region jich chce do dvou let v\u00edc ne\u017e 400.<\/strong><!--more--><\/p>\n<p>foto. K. Kendall \/ Flickr.com<\/p>\n<p>\u010cesk\u00e1 televize<\/p>\n<p>Romana \u0160\u00edmov\u00e1. Star\u00e1 se o lidi s Alzheimerovou chorobou. P\u0159\u00edmo v p\u00e9\u010di pak m\u00e1 t\u0159i.<\/p>\n<p>Romana \u0160\u00cdMOV\u00c1, o\u0161et\u0159ovatelka Domova soci\u00e1ln\u00edch slu\u017eeb Litv\u00ednov Janov:  Jsem pro n\u011b takovej nejbli\u017e\u0161\u00ed \u010dlov\u011bk, jo, tak\u017ee kdy\u017e oni maj\u00ed n\u011bjak\u00fd starosti nebo n\u011bco pot\u0159ebuj\u00ed, tak se obrac\u00ed na m\u011b.<\/p>\n<p>Alzheimerova nemoc se ned\u00e1 l\u00e9\u010dit. Jej\u00ed pr\u016fb\u011bh se ale d\u00e1 zpomalit. Pom\u00e1haj\u00ed r\u016fzn\u00e9 terapie.<\/p>\n<p>Alena \u0160T\u00ddBROV\u00c1, vedouc\u00ed o\u0161et\u0159ovatelsk\u00e9 p\u00e9\u010de:  Nemoc za\u010d\u00edn\u00e1 \u010dasto pl\u00ed\u017eiv\u011b. \u010clov\u011bk za\u010dne zapom\u00ednat, doch\u00e1z\u00ed ke ztr\u00e1t\u011b orientace v prostoru i v \u010dase.<\/p>\n<p>V orientaci lidem pom\u00e1haj\u00ed tak\u00e9 r\u016fzn\u00e9 zna\u010dky, nap\u0159\u00edklad podle barevn\u00e9 kv\u011btiny klient pozn\u00e1, \u017ee jde o jeho pokoj. Pro jistotu je pak ale cel\u00e9 nov\u011b otev\u0159en\u00e9 patro s 37 pokoji hl\u00edd\u00e1no tak\u00e9 elektronick\u00fdm z\u00e1mkem.<\/p>\n<p>Vladim\u00edr VOPELKA, \u0159editel Domova soci\u00e1ln\u00edch slu\u017eeb Litv\u00ednov Janov:  M\u00e1me posledn\u00edch 8 voln\u00fdch m\u00edst s t\u00edm, \u017ee prob\u00edhaj\u00ed pr\u016fb\u011b\u017en\u011b soci\u00e1ln\u00ed \u0161et\u0159en\u00ed v m\u00edstech, odkud klienti p\u0159ich\u00e1zej\u00ed.<\/p>\n<p>V n\u00e1sleduj\u00edc\u00edch dvou letech chce \u00dasteck\u00fd kraj zvednout po\u010dty l\u016f\u017eek o v\u00edc ne\u017e 400 m\u00edst. Nejv\u00edce jich vznikne na \u00dastecku, Mostecku a Litom\u011b\u0159icku.<\/p>\n<p>Martin KLIKA, radn\u00ed \u00dasteck\u00e9ho kraje:   Roz\u0161i\u0159ujeme po\u010det specializovan\u00fdch m\u00edst, tak abysme t\u011bmto lidem zajistili d\u016fstojn\u00e9 st\u00e1\u0159\u00ed.<\/p>\n<p>V \u010cesku \u017eije odhadem 150 tis\u00edc lid\u00ed <span class=\"highlight\">posti\u017een\u00fdch<\/span> demenc\u00ed. Do dvaceti let se jejich po\u010det zdvojn\u00e1sob\u00ed. V roce 2050 jich pak bude skoro 400 tis\u00edc. <\/p>\n<p>\u010cesk\u00e1 televize<\/p>\n","protected":false},"excerpt":{"rendered":"<div class=\"mh-excerpt\"><p>Alzheimerova choroba. Po\u010det nemocn\u00fdch v \u010cesku se odhaduje na 150 tis\u00edc. Popt\u00e1vka po specializovan\u00e9 p\u00e9\u010di roste. V litv\u00ednovsk\u00e9m Janov\u011b te\u010f maj\u00ed 21 nov\u00fdch l\u016f\u017eek. Dal\u0161\u00ed <a class=\"mh-excerpt-more\" href=\"https:\/\/www.invarena.cz\/?p=20297\" title=\"P\u0159ib\u00fdv\u00e1 lid\u00ed s Alzheimerovou chorobou\">[&#8230;]<\/a><\/p>\n<\/div>","protected":false},"author":1,"featured_media":21033,"comment_status":"open","ping_status":"closed","sticky":false,"template":"","format":"standard","meta":{"footnotes":""},"categories":[7],"tags":[],"class_list":["post-20297","post","type-post","status-publish","format-standard","has-post-thumbnail","hentry","category-spolecnost"],"_links":{"self":[{"href":"https:\/\/www.invarena.cz\/index.php?rest_route=\/wp\/v2\/posts\/20297","targetHints":{"allow":["GET"]}}],"collection":[{"href":"https:\/\/www.invarena.cz\/index.php?rest_route=\/wp\/v2\/posts"}],"about":[{"href":"https:\/\/www.invarena.cz\/index.php?rest_route=\/wp\/v2\/types\/post"}],"author":[{"embeddable":true,"href":"https:\/\/www.invarena.cz\/index.php?rest_route=\/wp\/v2\/users\/1"}],"replies":[{"embeddable":true,"href":"https:\/\/www.invarena.cz\/index.php?rest_route=%2Fwp%2Fv2%2Fcomments&post=20297"}],"version-history":[{"count":0,"href":"https:\/\/www.invarena.cz\/index.php?rest_route=\/wp\/v2\/posts\/20297\/revisions"}],"wp:featuredmedia":[{"embeddable":true,"href":"https:\/\/www.invarena.cz\/index.php?rest_route=\/wp\/v2\/media\/21033"}],"wp:attachment":[{"href":"https:\/\/www.invarena.cz\/index.php?rest_route=%2Fwp%2Fv2%2Fmedia&parent=20297"}],"wp:term":[{"taxonomy":"category","embeddable":true,"href":"https:\/\/www.invarena.cz\/index.php?rest_route=%2Fwp%2Fv2%2Fcategories&post=20297"},{"taxonomy":"post_tag","embeddable":true,"href":"https:\/\/www.invarena.cz\/index.php?rest_route=%2Fwp%2Fv2%2Ftags&post=20297"}],"curies":[{"name":"wp","href":"https:\/\/api.w.org\/{rel}","templated":true}]}}