{"id":20303,"date":"2015-03-21T08:22:23","date_gmt":"2015-03-21T07:22:23","guid":{"rendered":"http:\/\/www.invarena.cz\/?p=20303"},"modified":"2015-03-21T08:27:14","modified_gmt":"2015-03-21T07:27:14","slug":"opavska-charita-dosahla-na-evropskou-dotaci","status":"publish","type":"post","link":"https:\/\/www.invarena.cz\/?p=20303","title":{"rendered":"Opavsk\u00e1 Charita dos\u00e1hla na evropskou dotaci"},"content":{"rendered":"<p><strong>Region\u00e1ln\u00ed rada Moravskoslezsko poskytne opavsk\u00e9 Charit\u011b dotaci ve v\u00fd\u0161i 5,4 milionu korun.<\/strong><!--more--><\/p>\n<p> \u010c\u00e1stka umo\u017en\u00ed zmodernizovat hned n\u011bkolik za\u0159\u00edzen\u00ed nap\u0159\u00ed\u010d celou charitn\u00ed \u010dinnost\u00ed. Kter\u00e9 to budou? Rekonstrukce p\u016fdn\u00edch prostor objektu v Such\u00fdch Lazc\u00edch a jejich vybaven\u00ed roz\u0161\u00ed\u0159\u00ed kapacitu Chr\u00e1n\u011bn\u00e9ho a podporovan\u00e9ho bydlen\u00ed pro du\u0161evn\u011b nemocn\u00e9. To p\u0159edstavuje n\u00e1slednou p\u00e9\u010di pro lidi, opou\u0161t\u011bj\u00edc\u00ed psychiatrickou l\u00e9\u010debnu. Zvy\u0161uje jejich samostatnost, zlep\u0161uje dovednosti a umo\u017e\u0148uje jim za\u010dlen\u011bn\u00ed do b\u011b\u017en\u00e9ho \u017eivota. Nov\u00fd v\u016fz pro zam\u011bstnance Chr\u00e1n\u011bn\u00e9 d\u00edlny sv. Josefa umo\u017en\u00ed Charit\u011b l\u00e9pe uspokojit popt\u00e1vku po vy\u0161\u00edvac\u00edch zak\u00e1zk\u00e1ch a p\u0159epravu na v\u00fdstavn\u00ed a prodejn\u00ed trhy a akce. Chr\u00e1n\u011bn\u00e1 technick\u00e1 d\u00edlna ve Velk\u00fdch Ho\u0161tic\u00edch m\u016f\u017ee za z\u00edskan\u00e9 pen\u00edze nakoupit dva pr\u016fmyslov\u00e9 skartovac\u00ed stroje, filtra\u010dn\u00ed za\u0159\u00edzen\u00ed a demagnetiz\u00e1tor.<br \/>\n\u010cty\u0159i nov\u00e9 automobily na plynov\u00fd pohon obnov\u00ed zastaral\u00fd vozov\u00fd park Charitn\u00ed pe\u010dovatelsk\u00e9 slu\u017eby a pe\u010dovatelky je budou vyu\u017e\u00edvat p\u0159i doj\u00ed\u017e\u010fk\u00e1ch za klienty. D\u016fm sv. Cyrila a Metod\u011bje pro zrakov\u011b posti\u017een\u00e9 ve Vla\u0161tovi\u010dk\u00e1ch po\u0159\u00edd\u00ed za evropskou dotaci z Region\u00e1ln\u00edho opera\u010dn\u00edho programu Moravskoslezsko speci\u00e1ln\u00ed sedmim\u00edstn\u00e9 vozidlo na plynov\u00fd pohon. Zam\u011bstnanci ho budou pou\u017e\u00edvat nejenom k p\u0159eprav\u011b klient\u016f na akce nebo na v\u00fdlety, ale t\u00e9\u017e pro b\u011b\u017enou provozn\u00ed \u010dinnost. Chr\u00e1n\u011bn\u00e1 d\u00edlna Vla\u0161tovi\u010dky roz\u0161\u00ed\u0159\u00ed sv\u00e9 kapacity po rekonstrukci sklepn\u00edch prostor a m\u016f\u017ee p\u0159ikoupit i t\u0159i pr\u016fmyslov\u00e9 \u0161ic\u00ed stroje a knofl\u00edkovac\u00ed stroj. Po\u0159\u00edzen\u00edm nov\u00e9ho vy\u0161\u00edvac\u00edho stroje vzniknou rovn\u011b\u017e dv\u011b nov\u00e1 pracovn\u00ed m\u00edsta pro zdravotn\u011b posti\u017een\u00e9 osoby na \u010d\u00e1ste\u010dn\u00fd \u00favazek. &#8222;Z p\u0159id\u011blen\u00ed pen\u011bz m\u00e1me pochopiteln\u011b velkou radost. Z\u00edskali jsme je d\u00edky dobr\u00e9 pr\u00e1ci na\u0161eho t\u00fdmu, kter\u00fd projekt Rozvoj soci\u00e1ln\u00edch slu\u017eeb a chr\u00e1n\u011bn\u00fdch d\u00edlen Charity Opava kvalitn\u011b p\u0159ipravil,&#8220; netaj\u00ed \u0159editel Jan Hanu\u0161. Dotace opavsk\u00e9 Charit\u011b umo\u017en\u00ed posunout svou \u010dinnost d\u00e1l a sou\u010dasn\u011b i sn\u00ed\u017eit jej\u00ed ekologick\u00e9 dopady.<\/p>\n<p>JITKA HRU\u0160KOV\u00c1<br \/>\nhttp:\/\/www.opavsky.denik.cz\/<\/p>\n","protected":false},"excerpt":{"rendered":"<div class=\"mh-excerpt\"><p>Region\u00e1ln\u00ed rada Moravskoslezsko poskytne opavsk\u00e9 Charit\u011b dotaci ve v\u00fd\u0161i 5,4 milionu korun.<\/p>\n<\/div>","protected":false},"author":1,"featured_media":14283,"comment_status":"open","ping_status":"closed","sticky":false,"template":"","format":"standard","meta":{"footnotes":""},"categories":[9],"tags":[],"class_list":["post-20303","post","type-post","status-publish","format-standard","has-post-thumbnail","hentry","category-zpravy"],"_links":{"self":[{"href":"https:\/\/www.invarena.cz\/index.php?rest_route=\/wp\/v2\/posts\/20303","targetHints":{"allow":["GET"]}}],"collection":[{"href":"https:\/\/www.invarena.cz\/index.php?rest_route=\/wp\/v2\/posts"}],"about":[{"href":"https:\/\/www.invarena.cz\/index.php?rest_route=\/wp\/v2\/types\/post"}],"author":[{"embeddable":true,"href":"https:\/\/www.invarena.cz\/index.php?rest_route=\/wp\/v2\/users\/1"}],"replies":[{"embeddable":true,"href":"https:\/\/www.invarena.cz\/index.php?rest_route=%2Fwp%2Fv2%2Fcomments&post=20303"}],"version-history":[{"count":0,"href":"https:\/\/www.invarena.cz\/index.php?rest_route=\/wp\/v2\/posts\/20303\/revisions"}],"wp:featuredmedia":[{"embeddable":true,"href":"https:\/\/www.invarena.cz\/index.php?rest_route=\/wp\/v2\/media\/14283"}],"wp:attachment":[{"href":"https:\/\/www.invarena.cz\/index.php?rest_route=%2Fwp%2Fv2%2Fmedia&parent=20303"}],"wp:term":[{"taxonomy":"category","embeddable":true,"href":"https:\/\/www.invarena.cz\/index.php?rest_route=%2Fwp%2Fv2%2Fcategories&post=20303"},{"taxonomy":"post_tag","embeddable":true,"href":"https:\/\/www.invarena.cz\/index.php?rest_route=%2Fwp%2Fv2%2Ftags&post=20303"}],"curies":[{"name":"wp","href":"https:\/\/api.w.org\/{rel}","templated":true}]}}