{"id":20305,"date":"2015-03-21T08:21:13","date_gmt":"2015-03-21T07:21:13","guid":{"rendered":"http:\/\/www.invarena.cz\/?p=20305"},"modified":"2015-03-21T08:27:30","modified_gmt":"2015-03-21T07:27:30","slug":"mala-bojovnice-o-zivot-sni-o-posteli-bude-na-ni-mit","status":"publish","type":"post","link":"https:\/\/www.invarena.cz\/?p=20305","title":{"rendered":"Mal\u00e1 bojovnice o \u017eivot sn\u00ed o posteli. Bude na ni m\u00edt?"},"content":{"rendered":"<p><strong>\u0160tafetov\u00fd b\u011bh Den\u00edku pom\u016f\u017ee nemocn\u00e9 R\u016f\u017eence, aby u\u017e nemusela sp\u00e1t v d\u011btsk\u00e9 post\u00fdlce.<\/strong><!--more--><\/p>\n<p>ilustra\u010dn\u00ed foto<\/p>\n<p>\u010cesk\u00e1 L\u00edpa \u2013 Jako p\u0159ed\u010dasn\u011b narozen\u00e1 str\u00e1vila prvn\u00ed t\u00fddny \u017eivota v inkub\u00e1toru. Bez pomoci p\u0159\u00edstroj\u016f ned\u00fdchala, p\u011bt hodin bojovala o \u017eivot na s\u00e1le p\u0159i n\u00e1ro\u010dn\u00e9 operaci srdce a l\u00e9ka\u0159i j\u00ed ned\u00e1vali ani p\u016fl roku \u017eivota kv\u016fli z\u00e1va\u017en\u00fdm syndrom\u016fm, na kter\u00e9 se z\u00e1hy p\u0159i\u0161lo. Nem\u00e1 to jednoduch\u00e9, ale nevzd\u00e1v\u00e1 se.<\/p>\n<p>Velk\u00e1 bojovnice a optimistka je sedmilet\u00e1 R\u016f\u017eenka Tu\u0161elov\u00e1 z \u010cesk\u00e9 L\u00edpy, kter\u00e1 \u017eije se svou matkou v jednom z byt\u016f na s\u00eddli\u0161ti Lada. R\u016f\u017eenka pro\u017eije cel\u00fd \u017eivot na invalidn\u00edm voz\u00edku, sama se kv\u016fli handicapu neudr\u017e\u00ed na nohou, \u0161patn\u011b vid\u00ed a krom\u011b jin\u00fdch ji za \u010dty\u0159i roky \u010dek\u00e1 operace p\u00e1te\u0159e, ze kter\u00e9 maj\u00ed strach i \u0161pi\u010dkov\u00ed l\u00e9ka\u0159i.<\/p>\n<p>&#8222;Dokto\u0159i se toho moc boj\u00ed. \u0158\u00edkaj\u00ed, \u017ee m\u016f\u017ee p\u0159ij\u00edt o \u017eivot, ale nechci malovat \u010derta na ze\u010f,&#8220; \u0159\u00edk\u00e1 R\u016f\u017een\u010dina matka. Nen\u00ed to ka\u017edodenn\u00ed cvi\u010den\u00ed s R\u016f\u017eenkou ani to, \u017ee na v\u00fdchovu d\u00edt\u011bte je \u00fapln\u011b sama, ale nejhor\u0161\u00ed je podle n\u00ed strach p\u0159i \u010dek\u00e1n\u00ed, zda se jej\u00ed dcera po operaci v\u016fbec probud\u00ed.<\/p>\n<p>Pro ob\u011b velmi n\u00e1ro\u010dn\u00e9 je v\u017edy tak\u00e9 obdob\u00ed po operaci, kdy je R\u016f\u017eenka i na n\u011bkolik t\u00fddn\u016f odk\u00e1zan\u00e1 jen na l\u016f\u017eko. V jej\u00edm p\u0159\u00edpad\u011b konkr\u00e9tn\u011b na d\u011btskou post\u00fdlku, do kter\u00e9 se t\u0159icetikilov\u00e9 d\u00edt\u011b sotva vejde. Dvacet tis\u00edc na speci\u00e1ln\u00ed zdravotn\u00ed postel ale rodin\u011b sch\u00e1z\u00ed. Novou nad\u011bj\u00ed pro R\u016f\u017eenku m\u016f\u017ee b\u00fdt sportovn\u00ed akce \u010ceskolipsk\u00e9ho den\u00edku, kter\u00e1 se uskute\u010dn\u00ed 1. kv\u011btna na atletick\u00e9m stadionu U Plou\u010dnice v \u010cesk\u00e9 L\u00edp\u011b, kde se rozho\u0159\u00ed b\u011b\u017eeck\u00e1 bitva \u010dty\u0159\u010dlenn\u00fdch \u0161tafet.<\/p>\n<p>T\u00fdmy pak pom\u016f\u017eou R\u016f\u017eence l\u00e9pe dos\u00e1hnout jej\u00edho snu symbolick\u00fdm startovn\u00fdm 50 korun za \u010dlena ve \u0161tafet\u011b. Ka\u017ed\u00fd, kdo po \u010darod\u011bjnick\u00e9m reji d\u00e1 p\u0159ednost sportu p\u0159ed sezen\u00edm u televize a leno\u0161en\u00edm, si dom\u016f ze stadionu odnese nejen dobr\u00fd pocit, ale i origin\u00e1ln\u00ed sportovn\u00ed z\u00e1\u017eitek.<\/p>\n<p>Stometrov\u00fd sranda sprint s novinovou \u0161tafetou oko\u0159en\u011bn\u00fd nev\u0161edn\u00edm kulturn\u00edm programem i zn\u00e1m\u00fdmi osobnostmi regionu, to v historii \u010deskolipsk\u00e9 redakce zkr\u00e1tka je\u0161t\u011b nebylo. Samoz\u0159ejmost\u00ed sv\u00e1te\u010dn\u00edho sportovn\u00edho kl\u00e1n\u00ed budou atraktivn\u00ed a hodnotn\u00e9 ceny pro v\u00edt\u011bze, v\u010detn\u011b unik\u00e1tn\u00ed trofeje vyroben\u00e9 novoborsk\u00fdm skl\u00e1\u0159em.<\/p>\n<p>Jste sportovec t\u011blem i du\u0161\u00ed, m\u00e1te v pr\u00e1ci kolegy, kte\u0159\u00ed jsou pro ka\u017edou srandu nebo jste jedni z t\u011bch, co se neoto\u010d\u00ed z\u00e1dy k t\u011bm, kdo nem\u011bli v \u017eivot\u011b tolik \u0161t\u011bst\u00ed a zaslou\u017eili by si pomoc? P\u0159ihl\u00e1sit se m\u016f\u017ee ka\u017ed\u00fd, nejd\u00e9le v\u0161ak do pond\u011bl\u00ed 27. dubna.<\/p>\n<p>&#8212;<\/p>\n<p>B\u011bh pro R\u016f\u017eenku C 1. kv\u011btna na atletick\u00e9m stadionu U Plou\u010dnice C startovn\u00e9: 50 korun za \u010dlena \u0161tafety C b\u011b\u017ece \u010dek\u00e1 \u00fasek 4x 100 metr\u016f, podm\u00ednkou je 1 \u017eena v t\u00fdmu P\u0159ihl\u00e1sit sv\u016fj t\u00fdm je mo\u017en\u00e9 na: &#8211; e\u00acmailu ceskolipsky@denik.cz &#8211; telefonn\u00edm \u010d\u00edsle 724 482 838 &#8211; osobn\u011b v redakci \u010ceskolipsk\u00e9ho den\u00edku na adrese Mari\u00e1nsk\u00e1 216 \u010cesk\u00e1 L\u00edpa Uz\u00e1v\u011brka p\u0159ihl\u00e1\u0161ek je 27. dubna.<\/p>\n<p>AD\u00c9LA VACHTOV\u00c1<br \/>\nhttp:\/\/www.ceskolipsky.denik.cz\/<\/p>\n","protected":false},"excerpt":{"rendered":"<div class=\"mh-excerpt\"><p>\u0160tafetov\u00fd b\u011bh Den\u00edku pom\u016f\u017ee nemocn\u00e9 R\u016f\u017eence, aby u\u017e nemusela sp\u00e1t v d\u011btsk\u00e9 post\u00fdlce.<\/p>\n<\/div>","protected":false},"author":1,"featured_media":15261,"comment_status":"open","ping_status":"closed","sticky":false,"template":"","format":"standard","meta":{"footnotes":""},"categories":[9],"tags":[],"class_list":["post-20305","post","type-post","status-publish","format-standard","has-post-thumbnail","hentry","category-zpravy"],"_links":{"self":[{"href":"https:\/\/www.invarena.cz\/index.php?rest_route=\/wp\/v2\/posts\/20305","targetHints":{"allow":["GET"]}}],"collection":[{"href":"https:\/\/www.invarena.cz\/index.php?rest_route=\/wp\/v2\/posts"}],"about":[{"href":"https:\/\/www.invarena.cz\/index.php?rest_route=\/wp\/v2\/types\/post"}],"author":[{"embeddable":true,"href":"https:\/\/www.invarena.cz\/index.php?rest_route=\/wp\/v2\/users\/1"}],"replies":[{"embeddable":true,"href":"https:\/\/www.invarena.cz\/index.php?rest_route=%2Fwp%2Fv2%2Fcomments&post=20305"}],"version-history":[{"count":0,"href":"https:\/\/www.invarena.cz\/index.php?rest_route=\/wp\/v2\/posts\/20305\/revisions"}],"wp:featuredmedia":[{"embeddable":true,"href":"https:\/\/www.invarena.cz\/index.php?rest_route=\/wp\/v2\/media\/15261"}],"wp:attachment":[{"href":"https:\/\/www.invarena.cz\/index.php?rest_route=%2Fwp%2Fv2%2Fmedia&parent=20305"}],"wp:term":[{"taxonomy":"category","embeddable":true,"href":"https:\/\/www.invarena.cz\/index.php?rest_route=%2Fwp%2Fv2%2Fcategories&post=20305"},{"taxonomy":"post_tag","embeddable":true,"href":"https:\/\/www.invarena.cz\/index.php?rest_route=%2Fwp%2Fv2%2Ftags&post=20305"}],"curies":[{"name":"wp","href":"https:\/\/api.w.org\/{rel}","templated":true}]}}