{"id":20325,"date":"2015-03-14T07:57:00","date_gmt":"2015-03-14T06:57:00","guid":{"rendered":"http:\/\/www.invarena.cz\/?p=20325"},"modified":"2015-03-14T07:57:00","modified_gmt":"2015-03-14T06:57:00","slug":"andel-znovu-otevira-a-opet-pomaha","status":"publish","type":"post","link":"https:\/\/www.invarena.cz\/?p=20325","title":{"rendered":"And\u011bl znovu otev\u00edr\u00e1. A op\u011bt pom\u00e1h\u00e1"},"content":{"rendered":"<p><strong>Uva\u0159it k\u00e1vu, obslou\u017eit z\u00e1kazn\u00edka nebo si vyzkou\u0161et pr\u00e1ci s po\u010d\u00edta\u010dem mohou lehce ment\u00e1ln\u011b posti\u017een\u00ed ve znovuotev\u0159en\u00e9 brn\u011bnsk\u00e9 kav\u00e1rn\u011b v Gork\u00e9ho ulici. Soci\u00e1ln\u00ed rehabilitace \u2013 Kav\u00e1rna And\u011bl po dvou letech op\u011bt otev\u0159ela. <\/strong><!--more--><\/p>\n<p>&#8222;Zkou\u0161ela jsem u\u017e v\u0161echny mo\u017en\u00e9 pr\u00e1ce, nejv\u00edc m\u011b bav\u00ed ukl\u00edzen\u00ed. R\u00e1da bych tu z\u016fstala pracovat co nejd\u00e9le,&#8220; sv\u011b\u0159ila se Jana Zatloukalov\u00e1, kter\u00e1 m\u00e1 lehkou mozkovou disfunkci a probl\u00e9my s kr\u00e1tkodobou pam\u011bt\u00ed. Zatloukalov\u00e1 pracuje v Kav\u00e1rn\u011b And\u011bl jako dobrovolnice, tedy vyu\u017e\u00edv\u00e1 mo\u017enost n\u00e1cviku \u010dinnost\u00ed, dv\u011b hodiny denn\u011b. Pom\u00e1h\u00e1 j\u00ed soci\u00e1ln\u00ed pracovnice. Kav\u00e1rna spustila zku\u0161ebn\u00ed provoz p\u0159ed t\u0159emi t\u00fddny. V pond\u011bl\u00ed \u0161estn\u00e1ct\u00e9ho b\u0159ezna se uskute\u010dn\u00ed jej\u00ed ofici\u00e1ln\u00ed otev\u0159en\u00ed, na n\u011bm\u017e vystoup\u00ed kapela Banana Raincoat a herci z Divadla Hysterie.<br \/>\nI v p\u00e1tek t\u0159in\u00e1ct\u00e9ho bude v kav\u00e1rn\u011b hudebn\u00ed a divadeln\u00ed program. &#8222;Kdysi jsem nav\u0161t\u00edvil Kav\u00e1rnu And\u011bl jako host, p\u0159i\u0161lo mi to jako dobr\u00fd n\u00e1pad. Kdy\u017e mi nedopadlo otev\u0159en\u00ed m\u00e9ho vlastn\u00edho podniku mimo Brno, rozhodl jsem se kontaktovat Diec\u00e9zn\u00ed charitu Brno a ve spolupr\u00e1ci s n\u00ed op\u011bt otev\u0159\u00edt tuto kav\u00e1rnu,&#8220; sd\u011blil provozovatel podniku Alexandr Pr\u016f\u0161a. Soci\u00e1ln\u00ed rehabilitace \u2013 Kav\u00e1rna And\u011bl je tr\u00e9ninkov\u00e9 pracovi\u0161t\u011b pro lidi s lehk\u00fdm ment\u00e1ln\u00edm posti\u017een\u00edm, autismem \u010di kombinovan\u00fdm posti\u017een\u00edm. Vznikla v roce 2010, ale jej\u00ed provoz se nevyplatil. Proto ji po t\u0159ech letech zav\u0159eli. &#8222;Soci\u00e1ln\u00ed slu\u017eba tam fungovala i n\u00e1sleduj\u00edc\u00ed dva roky, ale bez ve\u0159ejn\u00e9ho provozu,&#8220; uvedla Diana Kosinov\u00e1. Je mluv\u010d\u00ed Diec\u00e9zn\u00ed charity Brno, kter\u00e1 je partnerem kav\u00e1rny.<\/p>\n<p>DOMINIKA V\u00c1GNEROV\u00c1<br \/>\nhttp:\/\/brnensky.denik.cz\/<\/p>\n","protected":false},"excerpt":{"rendered":"<div class=\"mh-excerpt\"><p>Uva\u0159it k\u00e1vu, obslou\u017eit z\u00e1kazn\u00edka nebo si vyzkou\u0161et pr\u00e1ci s po\u010d\u00edta\u010dem mohou lehce ment\u00e1ln\u011b posti\u017een\u00ed ve znovuotev\u0159en\u00e9 brn\u011bnsk\u00e9 kav\u00e1rn\u011b v Gork\u00e9ho ulici. Soci\u00e1ln\u00ed rehabilitace \u2013 Kav\u00e1rna <a class=\"mh-excerpt-more\" href=\"https:\/\/www.invarena.cz\/?p=20325\" title=\"And\u011bl znovu otev\u00edr\u00e1. A op\u011bt pom\u00e1h\u00e1\">[&#8230;]<\/a><\/p>\n<\/div>","protected":false},"author":1,"featured_media":0,"comment_status":"open","ping_status":"closed","sticky":false,"template":"","format":"standard","meta":{"footnotes":""},"categories":[9],"tags":[],"class_list":["post-20325","post","type-post","status-publish","format-standard","hentry","category-zpravy"],"_links":{"self":[{"href":"https:\/\/www.invarena.cz\/index.php?rest_route=\/wp\/v2\/posts\/20325","targetHints":{"allow":["GET"]}}],"collection":[{"href":"https:\/\/www.invarena.cz\/index.php?rest_route=\/wp\/v2\/posts"}],"about":[{"href":"https:\/\/www.invarena.cz\/index.php?rest_route=\/wp\/v2\/types\/post"}],"author":[{"embeddable":true,"href":"https:\/\/www.invarena.cz\/index.php?rest_route=\/wp\/v2\/users\/1"}],"replies":[{"embeddable":true,"href":"https:\/\/www.invarena.cz\/index.php?rest_route=%2Fwp%2Fv2%2Fcomments&post=20325"}],"version-history":[{"count":0,"href":"https:\/\/www.invarena.cz\/index.php?rest_route=\/wp\/v2\/posts\/20325\/revisions"}],"wp:attachment":[{"href":"https:\/\/www.invarena.cz\/index.php?rest_route=%2Fwp%2Fv2%2Fmedia&parent=20325"}],"wp:term":[{"taxonomy":"category","embeddable":true,"href":"https:\/\/www.invarena.cz\/index.php?rest_route=%2Fwp%2Fv2%2Fcategories&post=20325"},{"taxonomy":"post_tag","embeddable":true,"href":"https:\/\/www.invarena.cz\/index.php?rest_route=%2Fwp%2Fv2%2Ftags&post=20325"}],"curies":[{"name":"wp","href":"https:\/\/api.w.org\/{rel}","templated":true}]}}