{"id":2033,"date":"2013-03-08T10:01:52","date_gmt":"2013-03-08T09:01:52","guid":{"rendered":"http:\/\/www.invarena.cz\/?p=2033"},"modified":"2013-03-11T08:18:30","modified_gmt":"2013-03-11T07:18:30","slug":"zene-po-obrne-odebrali-prukaz-ztp","status":"publish","type":"post","link":"https:\/\/www.invarena.cz\/?p=2033","title":{"rendered":"\u017den\u011b po obrn\u011b odebrali pr\u016fkaz ZTP"},"content":{"rendered":"<p>MPSV zm\u011bnilo podm\u00ednky pro p\u0159izn\u00e1n\u00ed pr\u016fkaz\u016f OZP a tak na n\u011b dos\u00e1hne m\u00e9n\u011b lid\u00ed, a to v\u010detn\u011b t\u011bch, u kter\u00fdch se jednozna\u010dn\u011b zd\u00e1, \u017ee si je zaslou\u017e\u00ed. Prima FTV p\u0159inesla report\u00e1\u017e o \u017een\u011b po obrn\u011b, kter\u00e9 pr\u016fkaz ZTP ji\u017e nebyl obnoven, proto\u017ee by\u0165 s obt\u00ed\u017eemi dok\u00e1zala uj\u00edt 200 metr\u016f.<!--more--><\/p>\n<p>redaktor:<br \/>\n<strong>Pan\u00ed Dobrovoln\u00e1 prod\u011blala d\u011btskou mozkovou obrnu. Posti\u017een\u00e9 m\u00e1 ob\u011b nohy a levou ruku. T\u011b\u017eko se pohybuje. Od \u0161esti let proto m\u011bla pr\u016fkaz ZTP. Ned\u00e1vno si ho cht\u011bla obnovit. Ke sv\u00e9mu p\u0159ekvapen\u00ed ale zjistila, \u017ee na n\u011bj m\u016f\u017ee zapomenout.<\/strong><\/p>\n<p>Alena Dobrovoln\u00e1:<br \/>\nUjdu 200 metr\u016f s p\u0159est\u00e1vkami, tak\u017ee na to konto vlastn\u011b na ten pr\u016fkaz nem\u00e1m n\u00e1rok.<\/p>\n<p><strong>Pro pan\u00ed Dobrovolnou je to obrovsk\u00fd probl\u00e9m. Ujde i v\u00edc ne\u017e 200 metr\u016f, jen\u017ee v ide\u00e1ln\u00edch podm\u00ednk\u00e1ch. Pr\u016fkaz j\u00ed alespo\u0148 \u010d\u00e1ste\u010dn\u011b usnad\u0148oval \u017eivot. D\u00edky n\u011bmu z\u00edskala nap\u0159\u00edklad speci\u00e1ln\u00ed zna\u010dku na auto.<\/strong><\/p>\n<p>Dobrovoln\u00e1\u00a0:<br \/>\nOprav\u0148uje k vjezdu tam, kam m\u016f\u017ee jenom dopravn\u00ed obsluha, tak\u017ee bez tohodle ozna\u010den\u00ed j\u00e1 se prost\u011b na n\u011bkter\u00fd m\u00edsta jednodu\u0161e v zim\u011b nedostanu.<\/p>\n<p>redaktor:<br \/>\nPodobn\u00e9 probl\u00e9my podle N\u00e1rodn\u00ed rady zdravotn\u011b posti\u017een\u00fdch \u0159e\u0161\u00ed tis\u00edce lid\u00ed. V\u0161ichni ti, kter\u00fdm kon\u010d\u00ed platnost pr\u016fkazu. Za komplikace pr\u00fd mohou zm\u011bny, kter\u00e9 p\u0159ipravilo ministerstvo pr\u00e1ce. Dosud posudkov\u00fd l\u00e9ka\u0159 hodnotil kv\u016fli p\u0159izn\u00e1n\u00ed pr\u016fkazu ZTP 36 krit\u00e9ri\u00ed. Jedn\u00edm z hlavn\u00edch byla diagn\u00f3za. To je ale minulost.<\/p>\n<p>V\u00e1clav Kr\u00e1sa, p\u0159edseda NRZP:<br \/>\nDnes se posuzuje podle jak\u00fdchsi deseti \u017eivotn\u00edch situac\u00ed a je to, z\u00e1le\u017e\u00ed na subjektivn\u00edm pohledu posudkov\u00e9ho l\u00e9ka\u0159e.<\/p>\n<p><strong>Kdyby se pan\u00ed Dobrovoln\u00e1 uprost\u0159ed zku\u0161ebn\u00edch 200 metr\u016f zastavila a \u0159ekla, \u017ee nem\u016f\u017ee d\u00e1l, pr\u016fkaz by dostala. L\u00e9ka\u0159 ji tak v podstat\u011b potrestal za to, \u017ee se sna\u017e\u00ed s posti\u017een\u00edm bojovat.\u00a0 Ministerstvo se ale kritice br\u00e1n\u00ed. Tvrd\u00ed, \u017ee zm\u011bny \u00fa\u0159edn\u00edci p\u0159ipravili pr\u00e1v\u011b proto, aby posti\u017een\u00fdm pomohli.<\/strong><\/p>\n<p>T\u00e1\u0148a Kozelkov\u00e1, tiskov\u00fd odbor ministerstva pr\u00e1ce a soci\u00e1ln\u00edch v\u011bc\u00ed:<br \/>\nNov\u00e1 pr\u00e1vn\u00ed \u00faprava akcentuje pot\u0159eby t\u011bch osob se zdravotn\u00edm posti\u017een\u00edm, kter\u00e9 vy\u017eaduj\u00ed pomoc, dohled nebo p\u00e9\u010di jin\u00e9 osoby p\u0159i zvl\u00e1d\u00e1n\u00ed pr\u00e1v\u011b z\u00e1kladn\u00edch \u017eivotn\u00edch pot\u0159eb.<\/p>\n<p>Kr\u00e1sa, p\u0159edseda NRZP:<br \/>\nChceme s ministerstvem op\u011bt jednat o posuzov\u00e1n\u00ed.<\/p>\n<p><strong>Pan\u00ed Dobrovoln\u00e1 se proti rozhodnut\u00ed odvolala. Douf\u00e1, \u017ee tentokr\u00e1t zv\u00edt\u011bz\u00ed zdrav\u00fd rozum. <\/strong><\/p>\n<p><strong>Prima FTV.<\/strong><\/p>\n","protected":false},"excerpt":{"rendered":"<div class=\"mh-excerpt\"><p>MPSV zm\u011bnilo podm\u00ednky pro p\u0159izn\u00e1n\u00ed pr\u016fkaz\u016f OZP a tak na n\u011b dos\u00e1hne m\u00e9n\u011b lid\u00ed, a to v\u010detn\u011b t\u011bch, u kter\u00fdch se jednozna\u010dn\u011b zd\u00e1, \u017ee si <a class=\"mh-excerpt-more\" href=\"https:\/\/www.invarena.cz\/?p=2033\" title=\"\u017den\u011b po obrn\u011b odebrali pr\u016fkaz ZTP\">[&#8230;]<\/a><\/p>\n<\/div>","protected":false},"author":1,"featured_media":2052,"comment_status":"open","ping_status":"open","sticky":false,"template":"","format":"standard","meta":{"footnotes":""},"categories":[7,9],"tags":[],"class_list":["post-2033","post","type-post","status-publish","format-standard","has-post-thumbnail","hentry","category-spolecnost","category-zpravy"],"_links":{"self":[{"href":"https:\/\/www.invarena.cz\/index.php?rest_route=\/wp\/v2\/posts\/2033","targetHints":{"allow":["GET"]}}],"collection":[{"href":"https:\/\/www.invarena.cz\/index.php?rest_route=\/wp\/v2\/posts"}],"about":[{"href":"https:\/\/www.invarena.cz\/index.php?rest_route=\/wp\/v2\/types\/post"}],"author":[{"embeddable":true,"href":"https:\/\/www.invarena.cz\/index.php?rest_route=\/wp\/v2\/users\/1"}],"replies":[{"embeddable":true,"href":"https:\/\/www.invarena.cz\/index.php?rest_route=%2Fwp%2Fv2%2Fcomments&post=2033"}],"version-history":[{"count":0,"href":"https:\/\/www.invarena.cz\/index.php?rest_route=\/wp\/v2\/posts\/2033\/revisions"}],"wp:featuredmedia":[{"embeddable":true,"href":"https:\/\/www.invarena.cz\/index.php?rest_route=\/wp\/v2\/media\/2052"}],"wp:attachment":[{"href":"https:\/\/www.invarena.cz\/index.php?rest_route=%2Fwp%2Fv2%2Fmedia&parent=2033"}],"wp:term":[{"taxonomy":"category","embeddable":true,"href":"https:\/\/www.invarena.cz\/index.php?rest_route=%2Fwp%2Fv2%2Fcategories&post=2033"},{"taxonomy":"post_tag","embeddable":true,"href":"https:\/\/www.invarena.cz\/index.php?rest_route=%2Fwp%2Fv2%2Ftags&post=2033"}],"curies":[{"name":"wp","href":"https:\/\/api.w.org\/{rel}","templated":true}]}}