{"id":20336,"date":"2015-03-10T10:43:14","date_gmt":"2015-03-10T09:43:14","guid":{"rendered":"http:\/\/www.invarena.cz\/?p=20336"},"modified":"2015-03-10T10:43:14","modified_gmt":"2015-03-10T09:43:14","slug":"rodicky-starnou-pribyva-vrozenych-vad","status":"publish","type":"post","link":"https:\/\/www.invarena.cz\/?p=20336","title":{"rendered":"Rodi\u010dky st\u00e1rnou &#8211; p\u0159ib\u00fdv\u00e1 vrozen\u00fdch vad"},"content":{"rendered":"<p><strong>V \u010cesku stoup\u00e1 po\u010det d\u011bt\u00ed, kter\u00e9 p\u0159ich\u00e1z\u00ed na sv\u011bt s vrozenou vadou. Podle l\u00e9ka\u0159\u016f za to m\u016f\u017ee neust\u00e1le se zvy\u0161uj\u00edc\u00ed v\u011bk rodi\u010dek. <\/strong><!--more--><\/p>\n<p>ilustra\u010dn\u00ed foto: Photoxpress<\/p>\n<p><strong>Zat\u00edmco v 80. letech ot\u011bhotn\u011blo 5 procent \u017een nad 35 let, dnes to je v\u00edce ne\u017e 20 procent. Nej\u010dast\u011bji l\u00e9ka\u0159i diagnostikuj\u00ed <\/strong><br \/>\n<strong>budouc\u00edmu plodu Down\u016fv syndrom, u 95 procent p\u0159\u00edpad\u016f jsou porodn\u00edci schopni ho rozpoznat.<\/strong><\/p>\n<p>Ultrazvuk, prvn\u00ed krok k odhalen\u00ed vrozen\u00e9 vady. Pet\u0159e Mertlov\u00e9 je 33 let. Je v 16. t\u00fddnu t\u011bhotenstv\u00ed. Podle l\u00e9ka\u0159\u016f je jej\u00ed hol\u010di\u010dka v po\u0159\u00e1dku. Pokud by nebyla, zjistili by to u\u017e mnohem d\u0159\u00edve. T\u0159eba nej\u010dast\u011bj\u0161\u00ed vadu, Down\u016fv syndrom, jsou schopni rozpoznat u\u017e v 1. trimestru, tedy b\u011bhem 12. t\u00fddne.<\/p>\n<p>Budouc\u00ed matka m\u00e1 \u0161t\u011bst\u00ed, v jej\u00edm v\u011bku p\u0159ipad\u00e1 riziko, \u017ee bude m\u00edt d\u00edt\u011b pr\u00e1v\u011b t\u0159eba Down\u016fv syndrom, na ka\u017ed\u00e9 350. t\u011bhotenstv\u00ed. V pokro\u010dil\u00e9m v\u011bku je je\u0161t\u011b vy\u0161\u0161\u00ed, t\u011blo \u017eeny se toti\u017e \u010dasem &#8222;opot\u0159ebuje&#8220;.<\/p>\n<p>Martin PROCH\u00c1ZKA, p\u0159ednosta, \u00dastav l\u00e9ka\u0159sk\u00e9 genetiky, LF UP a FNOL:\u00a0 Pokud m\u00e1te maminku, kter\u00e1 m\u00e1 20 let, tak to vaj\u00ed\u010dko je vystaveno 20 let\u016fm p\u016fsoben\u00ed toho \u017eivotn\u00edho prost\u0159ed\u00ed a dal\u0161\u00edch vliv\u016f a u 40let\u00e9 \u017eeny je to 40 let.<\/p>\n<p>Ka\u017ed\u00e1 rodina, pokud zjist\u00ed, \u017ee \u010dek\u00e1 <span class=\"highlight\">posti\u017een\u00e9<\/span> d\u00edt\u011b, m\u00e1 ze z\u00e1kona pr\u00e1vo t\u011bhotenstv\u00ed ukon\u010dit. Podle l\u00e9ka\u0159\u016f k tomu doch\u00e1z\u00ed v 90 procentech p\u0159\u00edpad\u016f. Zda je s plodem n\u011bco v nepo\u0159\u00e1dku, zji\u0161\u0165uj\u00ed laboranti nap\u0159\u00edklad mno\u017een\u00edm bun\u011bk odebran\u00fdch z plodov\u00e9 vody matky.<\/p>\n<p>Kv\u016fli v\u010dasn\u011b diagn\u00f3ze d\u011bt\u00ed s Downov\u00fdm syndromem ub\u00fdv\u00e1. Narod\u00ed se jich kolem 50 ro\u010dn\u011b. Je\u0161t\u011b v 80. letech to bylo jednou tolik. Mate\u0159sk\u00e1 \u0161kola Blanick\u00e1 v Olomouci, za\u0159\u00edzen\u00ed, kam p\u0159ij\u00edmaj\u00ed d\u011bti p\u0159ednostn\u011b s posti\u017een\u00edm, moment\u00e1ln\u011b jich maj\u00ed 15.<\/p>\n<p>Jana MAL\u00c1, \u0159editelka M\u0160 Blanick\u00e1, Olomouc: Tady m\u00e1me d\u011bti s Downov\u00fdm syndromem, kter\u00fdch ale ub\u00fdv\u00e1, a potom m\u00e1me d\u011bti s autismem, ale pravda je, \u017ee konkr\u00e9tn\u011b d\u011bt\u00ed s autismem p\u0159ib\u00fdv\u00e1.<\/p>\n<p>Podle \u0159editelky ale d\u00edky p\u0159\u00edstupu nen\u00ed na \u0159ad\u011b sv\u011b\u0159enc\u016f ve \u0161kolce <span class=\"highlight\">posti\u017een\u00ed<\/span> poznat. A jejich rodi\u010de jsou r\u00e1di, \u017ee si i p\u0159es nep\u0159\u00edznivou diagn\u00f3zu rozhodli d\u00edt\u011b nechat.<\/p>\n<p>\u010cesk\u00e1 televize<\/p>\n","protected":false},"excerpt":{"rendered":"<div class=\"mh-excerpt\"><p>V \u010cesku stoup\u00e1 po\u010det d\u011bt\u00ed, kter\u00e9 p\u0159ich\u00e1z\u00ed na sv\u011bt s vrozenou vadou. Podle l\u00e9ka\u0159\u016f za to m\u016f\u017ee neust\u00e1le se zvy\u0161uj\u00edc\u00ed v\u011bk rodi\u010dek.<\/p>\n<\/div>","protected":false},"author":1,"featured_media":16282,"comment_status":"open","ping_status":"closed","sticky":false,"template":"","format":"standard","meta":{"footnotes":""},"categories":[11],"tags":[],"class_list":["post-20336","post","type-post","status-publish","format-standard","has-post-thumbnail","hentry","category-zdravi"],"_links":{"self":[{"href":"https:\/\/www.invarena.cz\/index.php?rest_route=\/wp\/v2\/posts\/20336","targetHints":{"allow":["GET"]}}],"collection":[{"href":"https:\/\/www.invarena.cz\/index.php?rest_route=\/wp\/v2\/posts"}],"about":[{"href":"https:\/\/www.invarena.cz\/index.php?rest_route=\/wp\/v2\/types\/post"}],"author":[{"embeddable":true,"href":"https:\/\/www.invarena.cz\/index.php?rest_route=\/wp\/v2\/users\/1"}],"replies":[{"embeddable":true,"href":"https:\/\/www.invarena.cz\/index.php?rest_route=%2Fwp%2Fv2%2Fcomments&post=20336"}],"version-history":[{"count":0,"href":"https:\/\/www.invarena.cz\/index.php?rest_route=\/wp\/v2\/posts\/20336\/revisions"}],"wp:featuredmedia":[{"embeddable":true,"href":"https:\/\/www.invarena.cz\/index.php?rest_route=\/wp\/v2\/media\/16282"}],"wp:attachment":[{"href":"https:\/\/www.invarena.cz\/index.php?rest_route=%2Fwp%2Fv2%2Fmedia&parent=20336"}],"wp:term":[{"taxonomy":"category","embeddable":true,"href":"https:\/\/www.invarena.cz\/index.php?rest_route=%2Fwp%2Fv2%2Fcategories&post=20336"},{"taxonomy":"post_tag","embeddable":true,"href":"https:\/\/www.invarena.cz\/index.php?rest_route=%2Fwp%2Fv2%2Ftags&post=20336"}],"curies":[{"name":"wp","href":"https:\/\/api.w.org\/{rel}","templated":true}]}}