{"id":20342,"date":"2015-03-12T09:34:20","date_gmt":"2015-03-12T08:34:20","guid":{"rendered":"http:\/\/www.invarena.cz\/?p=20342"},"modified":"2015-03-12T09:35:50","modified_gmt":"2015-03-12T08:35:50","slug":"palec-nahoru-expedice-s-postizenymi","status":"publish","type":"post","link":"https:\/\/www.invarena.cz\/?p=20342","title":{"rendered":"Palec nahoru &#8211; expedice s posti\u017een\u00fdmi"},"content":{"rendered":"<p><strong>Studenti chystaj\u00ed expedici se zdravotn\u011b posti\u017een\u00fdmi<\/strong> <!--more--><\/p>\n<p>Olomouc \u2013 Na sedmidenn\u00ed Expedici P\u0159es Bar na pomez\u00ed It\u00e1lie a Rakouska vyraz\u00ed v z\u00e1\u0159\u00ed studenti aplikovan\u00fdch pohybov\u00fdch aktivit olomouck\u00e9 univerzity. V oblasti Dr\u00e1vsk\u00e9 stezky budou zprost\u0159edkov\u00e1vat osob\u00e1m se zdravotn\u00edm posti\u017een\u00edm nev\u0161edn\u00ed sportovn\u00ed a cestovatelsk\u00e9 z\u00e1\u017eitky.<\/p>\n<p>&#8222;Z\u00edsk\u00e1me cenn\u00e9 zku\u0161enosti pro zaji\u0161\u0165ov\u00e1n\u00ed a organizov\u00e1n\u00ed akc\u00ed pro osoby se zdravotn\u00edm posti\u017een\u00edm a pochop\u00edme skute\u010dn\u00e9 pot\u0159eby t\u011bchto osob,&#8220; uvedl student katedry aplikovan\u00fdch pohybov\u00fdch aktivit David Pel\u00ed\u0161ek.<\/p>\n<p>Expedice se z\u00fa\u010dastn\u00ed \u010dty\u0159i des\u00edtky cestovatel\u016f. Na p\u0159\u00edpravu akce je pot\u0159eba materi\u00e1ln\u00ed a finan\u010dn\u00ed zaji\u0161t\u011bn\u00ed s rozpo\u010dtem t\u00e9m\u011b\u0159 200 tis\u00edc korun. &#8222;Budeme r\u00e1di za podporu, pomozte uskute\u010dnit zd\u00e1nliv\u011b nemo\u017en\u00e9 a otev\u0159\u00edt tak dve\u0159e \u0161estici lid\u00ed se zdravotn\u00edm posti\u017een\u00edm k nov\u00e9mu pozn\u00e1n\u00ed,&#8220; dodal student.<\/p>\n<p>V p\u0159\u00edpad\u011b z\u00e1jmu m\u016f\u017eete kontaktovat koordin\u00e1tora Marka Zaorala na e-mailu exprpresbar@seznam.cz nebo na telefonu 736 536 891. Projekt za\u0161ti\u0165uje Fakulta t\u011blesn\u00e9 kultury Univerzity Palack\u00e9ho v Olomouci.<\/p>\n<p>Olomouck\u00fd den\u00edk<br \/>\n<a href=\" http:\/\/www.olomoucky.denik.cz\/\"><br \/>\nhttp:\/\/www.olomoucky.denik.cz\/<\/a><\/p>\n","protected":false},"excerpt":{"rendered":"<div class=\"mh-excerpt\"><p>Studenti chystaj\u00ed expedici se zdravotn\u011b posti\u017een\u00fdmi<\/p>\n<\/div>","protected":false},"author":1,"featured_media":17225,"comment_status":"open","ping_status":"closed","sticky":false,"template":"","format":"standard","meta":{"footnotes":""},"categories":[9],"tags":[],"class_list":["post-20342","post","type-post","status-publish","format-standard","has-post-thumbnail","hentry","category-zpravy"],"_links":{"self":[{"href":"https:\/\/www.invarena.cz\/index.php?rest_route=\/wp\/v2\/posts\/20342","targetHints":{"allow":["GET"]}}],"collection":[{"href":"https:\/\/www.invarena.cz\/index.php?rest_route=\/wp\/v2\/posts"}],"about":[{"href":"https:\/\/www.invarena.cz\/index.php?rest_route=\/wp\/v2\/types\/post"}],"author":[{"embeddable":true,"href":"https:\/\/www.invarena.cz\/index.php?rest_route=\/wp\/v2\/users\/1"}],"replies":[{"embeddable":true,"href":"https:\/\/www.invarena.cz\/index.php?rest_route=%2Fwp%2Fv2%2Fcomments&post=20342"}],"version-history":[{"count":0,"href":"https:\/\/www.invarena.cz\/index.php?rest_route=\/wp\/v2\/posts\/20342\/revisions"}],"wp:featuredmedia":[{"embeddable":true,"href":"https:\/\/www.invarena.cz\/index.php?rest_route=\/wp\/v2\/media\/17225"}],"wp:attachment":[{"href":"https:\/\/www.invarena.cz\/index.php?rest_route=%2Fwp%2Fv2%2Fmedia&parent=20342"}],"wp:term":[{"taxonomy":"category","embeddable":true,"href":"https:\/\/www.invarena.cz\/index.php?rest_route=%2Fwp%2Fv2%2Fcategories&post=20342"},{"taxonomy":"post_tag","embeddable":true,"href":"https:\/\/www.invarena.cz\/index.php?rest_route=%2Fwp%2Fv2%2Ftags&post=20342"}],"curies":[{"name":"wp","href":"https:\/\/api.w.org\/{rel}","templated":true}]}}