{"id":20345,"date":"2015-03-12T09:56:13","date_gmt":"2015-03-12T08:56:13","guid":{"rendered":"http:\/\/www.invarena.cz\/?p=20345"},"modified":"2015-03-12T09:56:13","modified_gmt":"2015-03-12T08:56:13","slug":"semilsky-fokus-uz-sestilety","status":"publish","type":"post","link":"https:\/\/www.invarena.cz\/?p=20345","title":{"rendered":"Semilsk\u00fd Fokus u\u017e \u0161estilet\u00fd"},"content":{"rendered":"<p><strong>Mnoholet chyb\u011blo na Semilsku denn\u00ed za\u0159\u00edzen\u00ed pro osoby s du\u0161evn\u00edm onemocn\u011bn\u00edm. Komunitn\u00ed pl\u00e1n soci\u00e1ln\u00edch slu\u017eeb, schv\u00e1len\u00fd v roce 2007, definoval priority. Prvo\u0159ad\u00fdm \u00fakolem se stalo z\u0159\u00edzen\u00ed centra denn\u00edch slu\u017eeb pro lidi star\u0161\u00ed 16 let.<\/strong> <!--more--><\/p>\n<p>Semily \u2013 &#8222;Byl vybr\u00e1n nepou\u017e\u00edvan\u00fd objekt se zahradou. N\u00e1klady na zprovozn\u011bn\u00ed budovy uhradilo m\u011bsto. Za\u010d\u00e1tkem dubna roku 2009 zah\u00e1jila provoz soci\u00e1ln\u011b terapeutick\u00e1 d\u00edlna a v pr\u016fb\u011bhu dal\u0161\u00edho roku bylo zalo\u017eeno ob\u010dansk\u00e9 sdru\u017een\u00ed Fokus. Otev\u0159eno je cel\u00fd t\u00fdden s v\u00fdjimkou v\u00edkend\u016f od p\u016fl osm\u00e9 do \u0161estn\u00e1cti hodin,&#8220; informuje mana\u017eerka sdru\u017een\u00ed Alena Barton\u00ed\u010dkov\u00e1.<\/p>\n<p>Jedna z terapeutek, Jarmila Ku\u017eelov\u00e1, p\u0159ibli\u017euje hlavn\u00ed c\u00edle sdru\u017een\u00ed: &#8222;Na prvn\u00edm m\u00edst\u011b je pomoc p\u0159i integraci nemocn\u00fdch a ment\u00e1ln\u011b posti\u017een\u00fdch osob do spole\u010dnosti, udr\u017eov\u00e1n\u00ed psychick\u00e9 rovnov\u00e1hy v p\u0159irozen\u00e9m prost\u0159ed\u00ed u\u017eivatel\u016f, motivace ke zdrav\u00e9mu \u017eivotn\u00edmu stylu, podpora du\u0161evn\u00edho zdrav\u00ed. Soci\u00e1ln\u011b terapeutick\u00e9 d\u00edlny nab\u00edzej\u00ed mo\u017enosti vyu\u017eit\u00ed voln\u00e9ho \u010dasu a p\u0159i organizaci dne.&#8220;<\/p>\n<p>Aktivit\u00e1m sdru\u017een\u00ed d\u00e1v\u00e1 zelenou<\/p>\n<p>Vprostor\u00e1ch Fokusu upoutaj\u00ed rozmanit\u00e9 v\u00fdrobky klient\u016f. Keramika, batikov\u00e1n\u00ed, bylinkov\u00e9 pol\u0161t\u00e1\u0159ky, \u0161it\u00e1 zv\u00ed\u0159ata, malov\u00e1n\u00ed na hedv\u00e1b\u00ed, pleten\u00ed, vy\u0161\u00edv\u00e1n\u00ed, apod. &#8222;Klienty u\u010d\u00edme \u010dinnostem, pot\u0159ebn\u00fdm pro chod dom\u00e1cnosti. Nakupujeme, uva\u0159\u00edme si ob\u010das jednoduch\u00e9 pokrmy, upe\u010deme dobr\u00fd kol\u00e1\u010d, vyr\u00e1b\u00edme pomaz\u00e1nky na poho\u0161t\u011bn\u00ed. M\u00e1me velkou zahradu. Jakmile je hezky, posed\u00edme venku, sb\u00edr\u00e1me ryb\u00edz, s\u00e1z\u00edme kv\u011btiny a bylinky, sek\u00e1me tr\u00e1vu,&#8220; up\u0159es\u0148uje Alena Barton\u00ed\u010dkov\u00e1.<\/p>\n<p>V\u00edtan\u00e9 jsou v\u00fdlety, spole\u010dn\u00e9 \u010dten\u00ed, cvi\u010den\u00ed, poslech hudby nebo spole\u010densk\u00e9 hry. Fokus spolupracuje s Podkrkono\u0161skou spole\u010dnost\u00ed p\u0159\u00e1tel d\u011bt\u00ed zdravotn\u011b posti\u017een\u00fdch, pom\u00e1haj\u00ed s p\u0159\u00edpravou festivalu Pat\u0159\u00edme k sob\u011b. Vloni s klienty poprv\u00e9 jeli dokonce k mo\u0159i do Chorvatska.<\/p>\n<p>Osobn\u011b se p\u0159esv\u011bd\u010duji, \u017ee klienti nejsou \u017e\u00e1dn\u00ed smutn\u00ed lid\u00e9, nechyb\u00ed jim vst\u0159\u00edcnost, \u00fasm\u011bvy. Je vid\u011bt, \u017ee si prost\u0159ed\u00ed obl\u00edbili. \u0158\u00edkaj\u00ed, \u017ee sem chod\u00ed r\u00e1di, maj\u00ed tu p\u0159\u00e1tele. R\u00e1di si pov\u00eddaj\u00ed. Dov\u00edd\u00e1m se nejeden siln\u00fd p\u0159\u00edb\u011bh.<br \/>\nNap\u0159\u00edklad autisty, kter\u00fd zpo\u010d\u00e1tku jenom st\u00e1l nebo sed\u011bl na chodb\u011b a b\u011bhem dvou let ve Fokusu je schopn\u00fd dobr\u00e9 komunikace, nejsou s n\u00edm probl\u00e9my p\u0159i zm\u011bn\u011b terapie ani pohybu b\u011bhem dne.<\/p>\n<p>Jin\u00e9ho klienta kdysi porazilo auto. N\u00e1sledkem toho m\u00e1 razantn\u011b sn\u00ed\u017eenou pohyblivost poloviny t\u011bla a dal\u0161\u00ed nemal\u00e9 zdravotn\u00ed probl\u00e9my. V\u0161echno dok\u00e1\u017ee zvl\u00e1dat jednou rukou, je velice manu\u00e1ln\u011b zru\u010dn\u00fd a dob\u0159e komunikuje. Nab\u00edz\u00ed mi s velkou radost\u00ed, \u017ee va\u0159\u00ed k\u00e1vu a j\u00e1 mus\u00edm p\u0159iznat, \u017ee je\u0161t\u011b nikdy jsem j\u00ed nepila s takovou pokorou.<\/p>\n<p>Klientka s maniodepres\u00ed po ro\u010dn\u00edm pobytu z\u00edskala s pomoc\u00ed Fokusu pracovn\u00ed uplatn\u011bn\u00ed. Schizofrenik po osmi letech doma se ve Fokusu nau\u010dil v\u00fdtvarn\u00fdm \u010dinnostem, o kter\u00fdch tvrdil, \u017ee je nikdy nedok\u00e1\u017ee. Od narozen\u00ed t\u011b\u017ece posti\u017een\u00fd mu\u017e dok\u00e1\u017ee hr\u00e1t na varhany. Dal\u0161\u00ed schizofrenik je dnes na tom tak dob\u0159e, \u017ee u\u017e bez pron\u00e1sleduj\u00edc\u00edch hlas\u016f dok\u00e1\u017ee v noci v klidu sp\u00e1t.<\/p>\n<p>Jsou sebev\u011bdom\u00ed, z\u00edsk\u00e1vaj\u00ed pr\u00e1ci<\/p>\n<p>&#8222;B\u011bhem p\u0159edlo\u0148sk\u00e9ho roku od n\u00e1s ode\u0161lo osm klient\u016f, kte\u0159\u00ed z\u00edskali pr\u00e1ci odpov\u00eddaj\u00edc\u00ed jejich zdravotn\u00edmu stavu. Pomohlo jim, \u017ee z\u00edskali sebev\u011bdom\u00ed, p\u0159estali se litovat a my m\u00e1me obrovskou radost, \u017ee se posunuli d\u00e1l,&#8220; dopl\u0148uje Michaela Bare\u0161ov\u00e1, terapeutka na z\u00e1klad\u011b dotace z \u00da\u0159adu pr\u00e1ce. Klienti za pomoci terapeut\u016f za\u010dnou b\u011bhem jara zpracov\u00e1vat n\u00e1vrh plak\u00e1tu pro akci sdru\u017een\u00ed Pat\u0159\u00edme k sob\u011b. Ta pom\u00e1h\u00e1 integraci posti\u017een\u00fdch do spole\u010dnosti. Klienti se t\u011b\u0161\u00ed i na setk\u00e1n\u00ed pod n\u00e1zvem Tak to um\u00edme my v Semilech. U font\u00e1ny prezentuj\u00ed v\u00fdrobky a \u010dinnosti.<\/p>\n<p>K v\u00fdznamn\u00fdm pomocn\u00edk\u016fm v n\u00e1ro\u010dn\u00e9 pr\u00e1ci ob\u010dansk\u00e9ho sdru\u017een\u00ed Fokus pat\u0159\u00ed \u0159ada sponzor\u016f. &#8222;Pom\u00e1h\u00e1 n\u00e1m nap\u0159\u00edklad jedna z nejv\u011bt\u0161\u00edch firem v Semilech a tak\u00e9 v\u00fdznamn\u00e1 poji\u0161\u0165ovna. Jejich zam\u011bstnanci n\u00e1m pomohou s malov\u00e1n\u00edm, \u00fapravou zahrady, velk\u00fdm \u00faklidem. S mal\u00fdmi \u010di v\u011bt\u0161\u00edmi dary pom\u00e1h\u00e1 nem\u00e1lo anonymn\u00edch ob\u010dan\u016f,&#8220; dod\u00e1v\u00e1 Alena Barton\u00ed\u010dkov\u00e1. Fokus podporuj\u00ed Libereck\u00fd kraj, m\u011bsto Semily, nada\u010dn\u00ed fond Zlat\u00e1 Praha, ministerstvo pr\u00e1ce a soci\u00e1ln\u00edch v\u011bc\u00ed a dal\u0161\u00ed.<\/p>\n<p>Ob\u010das nepr\u00e1vem posti\u017een\u00e9 lidi posuzujeme jen podle psychiatrick\u00e9 diagnozy. Bez ohledu na to, jak\u00e9 znalosti, v\u011bdomosti, schopnosti maj\u00ed. Pracovn\u00ed rehabilitace a individu\u00e1ln\u00ed p\u0159\u00edstup napl\u0148uje pot\u0159eby t\u011bchto lid\u00ed, zlep\u0161uje jejich zru\u010dnost, schopnost soust\u0159ed\u011bn\u00ed, motoriku, spolupr\u00e1ci a komunikaci s ostatn\u00edmi. Z\u00edsk\u00e1vaj\u00ed postupn\u011b pocit pot\u0159ebnosti. U v\u011bt\u0161iny klient\u016f doch\u00e1z\u00ed ke zlep\u0161en\u00ed zdravotn\u00edho stavu a pohledu na sv\u011bt.<\/p>\n<p>&#8222;R\u00e1di bychom, aby rodi\u010de nebo p\u0159\u00edbuzn\u00ed posti\u017een\u00fdch odbourali ned\u016fv\u011bru a nepova\u017eovali n\u00e1v\u0161t\u011bvuu n\u00e1s za cosi stigmatizuj\u00edc\u00edho. I posti\u017een\u00ed maj\u00ed pr\u00e1vo na plnohodnotn\u011bj\u0161\u00ed \u017eivot a my k tomu m\u016f\u017eeme p\u0159isp\u011bt. S klienty jsme vymysleli dv\u011b motta \u2013 V ka\u017ed\u00e9m okam\u017eiku pot\u0159ebujeme veselost, abychom p\u0159ekonali v\u0161echny p\u0159ek\u00e1\u017eky a Kdy\u017e je srdce \u0161\u0165astn\u00e9, obj\u00edm\u00e1 cel\u00fd sv\u011bt,&#8220; lou\u010d\u00ed se Alena Barton\u00ed\u010dkov\u00e1.<\/p>\n<p>V\u011bra Nutilov\u00e1<br \/>\nKrkono\u0161sk\u00fd den\u00edk<br \/>\n<a href=\"http:\/\/krkonossky.denik.cz\/\">http:\/\/krkonossky.denik.cz\/<\/a><\/p>\n","protected":false},"excerpt":{"rendered":"<div class=\"mh-excerpt\"><p>Mnoholet chyb\u011blo na Semilsku denn\u00ed za\u0159\u00edzen\u00ed pro osoby s du\u0161evn\u00edm onemocn\u011bn\u00edm. Komunitn\u00ed pl\u00e1n soci\u00e1ln\u00edch slu\u017eeb, schv\u00e1len\u00fd v roce 2007, definoval priority. Prvo\u0159ad\u00fdm \u00fakolem se stalo <a class=\"mh-excerpt-more\" href=\"https:\/\/www.invarena.cz\/?p=20345\" title=\"Semilsk\u00fd Fokus u\u017e \u0161estilet\u00fd\">[&#8230;]<\/a><\/p>\n<\/div>","protected":false},"author":1,"featured_media":14572,"comment_status":"open","ping_status":"closed","sticky":false,"template":"","format":"standard","meta":{"footnotes":""},"categories":[9],"tags":[],"class_list":["post-20345","post","type-post","status-publish","format-standard","has-post-thumbnail","hentry","category-zpravy"],"_links":{"self":[{"href":"https:\/\/www.invarena.cz\/index.php?rest_route=\/wp\/v2\/posts\/20345","targetHints":{"allow":["GET"]}}],"collection":[{"href":"https:\/\/www.invarena.cz\/index.php?rest_route=\/wp\/v2\/posts"}],"about":[{"href":"https:\/\/www.invarena.cz\/index.php?rest_route=\/wp\/v2\/types\/post"}],"author":[{"embeddable":true,"href":"https:\/\/www.invarena.cz\/index.php?rest_route=\/wp\/v2\/users\/1"}],"replies":[{"embeddable":true,"href":"https:\/\/www.invarena.cz\/index.php?rest_route=%2Fwp%2Fv2%2Fcomments&post=20345"}],"version-history":[{"count":0,"href":"https:\/\/www.invarena.cz\/index.php?rest_route=\/wp\/v2\/posts\/20345\/revisions"}],"wp:featuredmedia":[{"embeddable":true,"href":"https:\/\/www.invarena.cz\/index.php?rest_route=\/wp\/v2\/media\/14572"}],"wp:attachment":[{"href":"https:\/\/www.invarena.cz\/index.php?rest_route=%2Fwp%2Fv2%2Fmedia&parent=20345"}],"wp:term":[{"taxonomy":"category","embeddable":true,"href":"https:\/\/www.invarena.cz\/index.php?rest_route=%2Fwp%2Fv2%2Fcategories&post=20345"},{"taxonomy":"post_tag","embeddable":true,"href":"https:\/\/www.invarena.cz\/index.php?rest_route=%2Fwp%2Fv2%2Ftags&post=20345"}],"curies":[{"name":"wp","href":"https:\/\/api.w.org\/{rel}","templated":true}]}}