{"id":20346,"date":"2015-03-11T09:56:51","date_gmt":"2015-03-11T08:56:51","guid":{"rendered":"http:\/\/www.invarena.cz\/?p=20346"},"modified":"2015-03-12T10:11:09","modified_gmt":"2015-03-12T09:11:09","slug":"hendikepovani-tancili-a-hrali-zdravym","status":"publish","type":"post","link":"https:\/\/www.invarena.cz\/?p=20346","title":{"rendered":"Hendikepovan\u00ed tan\u010dili a hr\u00e1li zdrav\u00fdm"},"content":{"rendered":"<p><strong>N\u011bkter\u00e9 soubory oce\u0148ovan\u00e9 i na festivalech zahr\u00e1ly p\u00edsni\u010dky od \u010cechomoru nebo Rad\u00fazy.<\/strong><!--more--><\/p>\n<p>Poli\u010dka \u2013 Co d\u011blaj\u00ed klienti pe\u010dovatelsk\u00fdch dom\u016f, kte\u0159\u00ed jsou hendikepovan\u00ed? Rozhodn\u011b nezah\u00e1lej\u00ed, kulturn\u011b se vzd\u011bl\u00e1vaj\u00ed a sv\u00fdmi aktivitami se sami sna\u017e\u00ed obohacovat druh\u00e9.<\/p>\n<p>Dokazuj\u00ed to u\u017e pestr\u00fdmi vystoupen\u00edmi n\u011bkolik let a v pond\u011bl\u00ed 9. b\u0159ezna\u00a0 uk\u00e1zali sv\u016fj kum\u0161t d\u011btem v poli\u010dsk\u00e9m Tylov\u011b dom\u011b v z\u00e1bavn\u00ed revue nazvan\u00e9 \u017divot je jen n\u00e1hoda, kter\u00e1 m\u00e1 za c\u00edl uk\u00e1zat jejich vy\u017eit\u00ed, p\u0159ednosti i cit pro hudbu a rytmus.<\/p>\n<p>Show s leskem<\/p>\n<p>&#8222;Ml\u00e1de\u017ei i \u0161irok\u00e9 ve\u0159ejnosti uk\u00e1\u017e\u00ed, \u017ee dok\u00e1\u017e\u00ed pro\u017e\u00edvat kulturn\u00ed \u017eivot a raduj\u00ed se z takov\u00fdch v\u011bc\u00ed. Vystoupen\u00ed jsou v jejich pod\u00e1n\u00ed opravdu up\u0159\u00edmn\u00e1 a mnohdy se p\u0159ibli\u017euj\u00ed profesion\u00e1ln\u00edm v\u00fdkon\u016fm,&#8220; uvedl Ivo Musil, \u0159editel Domova na z\u00e1mku v Bystr\u00e9m, je\u017e pom\u00e1h\u00e1 akci po\u0159\u00e1dat ve spolupr\u00e1ci s Tylov\u00fdm domem.<\/p>\n<p>Klienti domov\u016f z cel\u00e9ho Pardubick\u00e9ho kraje na p\u0159ehl\u00eddce huden\u00edch a tane\u010dn\u011bdramatick\u00fdch vystoupen\u00ed si p\u0159ipravili ty nejlep\u0161\u00ed kousky ze sv\u00e9 d\u00edlny. N\u011bkte\u0159\u00ed z nich u\u017e za n\u011b byli ocen\u011bn\u00ed na nejr\u016fzn\u011bj\u0161\u00edch festivalech.<\/p>\n<p>&#8222;P\u0159i\u0161li jsme v\u00e1m zazp\u00edvat n\u011bco m\u00e1lo z p\u00edsni\u010dek \u010cechomoru. N\u011bkter\u00e9 z nich si ur\u010dit\u011b vybav\u00edte,&#8220; uvedl cel\u00e9 kulturn\u00ed dopoledne soubor z Domova pod hradem \u017dampach. Dvan\u00e1cti\u010dlenn\u00e9 t\u011bleso p\u0159edvedlo, \u017ee spole\u010dn\u011b s pracovn\u00edky, je\u017e se o klienty staraj\u00ed, um\u011bj\u00ed secvi\u010dit par\u00e1dn\u00ed show. Nad\u0161en\u00e9 d\u011bti je z p\u00f3dia vyprov\u00e1zely bou\u0159liv\u00fdm potleskem. Dal\u0161\u00ed formace pak p\u0159edvedly n\u00e1paditost i zna\u010dnou d\u00e1vku fantazie s p\u0159edstaven\u00edm Cesty do vesm\u00edru, kovbojsk\u00fdmi tanci, nebo tak\u00e9 Letem sv\u011btem, kdy se prost\u0159ednictv\u00edm kr\u00e1tk\u00e9ho hudebn\u011b-tane\u010dn\u00edho \u010d\u00edsla pod\u00edvali s lidmi na n\u011bkolik kontinent\u016f najednou a poznali n\u011bkolik kultur.<\/p>\n<p>P\u0159edstaven\u00ed se z\u00fa\u010dastnili klienti Domova R\u00e1by, Domova na z\u00e1mku v Bystr\u00e9m, Domova soci\u00e1ln\u00edch slu\u017eeb Slati\u0148any, Domov na hrad\u011b Rychnburg a tak\u00e9 klienti z Anensk\u00e9 Stud\u00e1nky. Nechyb\u011bly ani dal\u0161\u00ed region\u00e1ln\u00ed uskupen\u00ed zastoupen\u00ed svitavsk\u00fdm Domem na rozcest\u00ed \u010di poli\u010dskou charitou.<\/p>\n<p>&#8222;Vystoupen\u00ed na\u0161ich klient\u016f se p\u0159ipravuje pr\u016fb\u011b\u017en\u011b. Jsou to lid\u00e9 \u017eij\u00edc\u00ed rytmem, chod\u00ed pravideln\u011b na bubnov\u00e1n\u00ed a zp\u011bv. \u017dij\u00ed muzikou,&#8220; uzav\u0159el \u0159editel Domova na z\u00e1mku v Bystr\u00e9m Ivo Musil.<\/p>\n<p>Svitavsk\u00fd den\u00edk<br \/>\n<a href=\"http:\/\/svitavsky.denik.cz\/\">http:\/\/svitavsky.denik.cz\/<\/a><\/p>\n","protected":false},"excerpt":{"rendered":"<div class=\"mh-excerpt\"><p>N\u011bkter\u00e9 soubory oce\u0148ovan\u00e9 i na festivalech zahr\u00e1ly p\u00edsni\u010dky od \u010cechomoru nebo Rad\u00fazy.<\/p>\n<\/div>","protected":false},"author":1,"featured_media":10594,"comment_status":"open","ping_status":"closed","sticky":false,"template":"","format":"standard","meta":{"footnotes":""},"categories":[9],"tags":[],"class_list":["post-20346","post","type-post","status-publish","format-standard","has-post-thumbnail","hentry","category-zpravy"],"_links":{"self":[{"href":"https:\/\/www.invarena.cz\/index.php?rest_route=\/wp\/v2\/posts\/20346","targetHints":{"allow":["GET"]}}],"collection":[{"href":"https:\/\/www.invarena.cz\/index.php?rest_route=\/wp\/v2\/posts"}],"about":[{"href":"https:\/\/www.invarena.cz\/index.php?rest_route=\/wp\/v2\/types\/post"}],"author":[{"embeddable":true,"href":"https:\/\/www.invarena.cz\/index.php?rest_route=\/wp\/v2\/users\/1"}],"replies":[{"embeddable":true,"href":"https:\/\/www.invarena.cz\/index.php?rest_route=%2Fwp%2Fv2%2Fcomments&post=20346"}],"version-history":[{"count":0,"href":"https:\/\/www.invarena.cz\/index.php?rest_route=\/wp\/v2\/posts\/20346\/revisions"}],"wp:featuredmedia":[{"embeddable":true,"href":"https:\/\/www.invarena.cz\/index.php?rest_route=\/wp\/v2\/media\/10594"}],"wp:attachment":[{"href":"https:\/\/www.invarena.cz\/index.php?rest_route=%2Fwp%2Fv2%2Fmedia&parent=20346"}],"wp:term":[{"taxonomy":"category","embeddable":true,"href":"https:\/\/www.invarena.cz\/index.php?rest_route=%2Fwp%2Fv2%2Fcategories&post=20346"},{"taxonomy":"post_tag","embeddable":true,"href":"https:\/\/www.invarena.cz\/index.php?rest_route=%2Fwp%2Fv2%2Ftags&post=20346"}],"curies":[{"name":"wp","href":"https:\/\/api.w.org\/{rel}","templated":true}]}}