{"id":20349,"date":"2015-03-12T09:42:40","date_gmt":"2015-03-12T08:42:40","guid":{"rendered":"http:\/\/www.invarena.cz\/?p=20349"},"modified":"2015-03-12T09:42:50","modified_gmt":"2015-03-12T08:42:50","slug":"poradaji-setkani-i-terapie-pro-deti","status":"publish","type":"post","link":"https:\/\/www.invarena.cz\/?p=20349","title":{"rendered":"Po\u0159\u00e1daj\u00ed setk\u00e1n\u00ed i terapie pro d\u011bti"},"content":{"rendered":"<p><strong>Koup\u00ed origin\u00e1ln\u00edch \u0161at\u016f se zapoj\u00edte do Dne pro autisty s jiho\u010desk\u00fdmi n\u00e1vrh\u00e1\u0159i. Pen\u00edze z\u00edsk\u00e1 spolek Autist\u00e9 jihu.<\/strong><!--more--><\/p>\n<p>\u010cesk\u00e9 Bud\u011bjovice \u2013 Volno\u010dasov\u00e9 aktivity pro d\u011bti s poruchou autistick\u00e9ho spektra, jejich rodi\u010de a sourozence, ale i v\u00fdtvarn\u00e1 d\u00edlna, muzikoterapie, pr\u00e1ce s iPady \u010di p\u016fj\u010dovna speci\u00e1ln\u00edch pom\u016fcek a odborn\u00e9 literatury, to v\u0161e se ukr\u00fdv\u00e1 v pronajat\u00fdch prostor\u00e1ch Z\u0160 a ZU\u0160 Bezdrevsk\u00e1 v \u010cesk\u00fdch Bud\u011bjovic\u00edch.<\/p>\n<p>Zde s\u00eddl\u00ed spolek Autist\u00e9 jihu, kter\u00fd spolu s \u010deskobud\u011bjovickou organizac\u00ed Auticentrum, o.p.s., poskytuje slu\u017eby d\u011btem a dosp\u011bl\u00fdm s autismem a jejich rodin\u00e1m. Pr\u00e1v\u011b spolek Autist\u00e9 jihu se v leto\u0161n\u00edm roce rozhodla podpo\u0159it i Jiho\u010desk\u00e1 televize v r\u00e1mci charitativn\u00ed akce Srdce Jiho\u010desk\u00e9 televize. Do akce se zapoj\u00ed celkem sedm jiho\u010desk\u00fdch m\u00f3dn\u00edch n\u00e1vrh\u00e1\u0159\u016fa studi\u00ed, kte\u0159\u00ed pro tuto akci p\u0159ipravili s\u00e9rii model\u016f. Modely budou k vid\u011bn\u00ed od poloviny b\u0159ezna v \u010deskobud\u011bjovick\u00e9m IGY Centru. Na Mezin\u00e1rodn\u00ed den autismu, kter\u00fd p\u0159ipad\u00e1 pr\u00e1v\u011b na 2. duben, si pak budou moci z\u00e1jemci modely v IGY Centru vyzkou\u0161et a zakoupit.<\/p>\n<p>&#8222;N\u00e1\u0161 spolek vznikl v roce 2010 d\u00edky aktivit\u00e1m rodi\u010d\u016f d\u011bt\u00ed s r\u016fzn\u00fdmi poruchami autistick\u00e9ho spektra,&#8220; vysv\u011btluje Andrea Jur\u00e1skov\u00e1. &#8222;\u00dapln\u011b p\u016fvodn\u011b se se\u0161lo p\u00e1r rodi\u010d\u016f, kte\u0159\u00ed se c\u00edtili izolovan\u00ed s autistick\u00fdm d\u00edt\u011btem a pot\u0159ebovali si vym\u011b\u0148ovat zku\u0161enosti s jin\u00fdmi rodi\u010di v podobn\u00e9 situaci,&#8220; vysv\u011btluje \u010dlenka spolku Autist\u00e9 jihu.<\/p>\n<p>Tak\u00e9 Andrea Jur\u00e1skov\u00e1 m\u00e1 toti\u017e zku\u0161enosti s v\u00fdchovou d\u00edt\u011bte s poruchou autistick\u00e9ho spektra. &#8222;Dnes u\u017e na\u0161t\u011bst\u00ed existuj\u00ed r\u016fzn\u00e9 speci\u00e1ln\u00ed \u0161koly a \u0161kolky pro autistick\u00e9 d\u011bti, tak\u017ee v\u011bt\u0161ina rodi\u010d\u016f m\u016f\u017ee chodit do pr\u00e1ce,&#8220; vypr\u00e1v\u00ed Andrea Jur\u00e1skov\u00e1. &#8222;Den u n\u00e1s vypad\u00e1 hodn\u011b podobn\u011b jako v norm\u00e1ln\u00ed rodin\u011b, d\u00edt\u011b jde do speci\u00e1ln\u00ed \u0161koly. Jin\u00e9 to je ale odpoledne. Mus\u00ed se t\u0159eba dodr\u017eovat ur\u010dit\u00e1 pravidla, kter\u00e1 jsou z d\u016fvodu posti\u017een\u00ed d\u00edt\u011bte pevn\u011b dan\u00e1,&#8220; a dod\u00e1v\u00e1, \u017ee speci\u00e1ln\u00ed \u0161koly a \u0161kolky nav\u00edc nejsou v ka\u017ed\u00e9m m\u011bst\u011b, tak\u017ee mnoho \u010dasu str\u00e1v\u00ed rodi\u010de i doj\u00ed\u017ed\u011bn\u00edm. Spolek v budov\u011b Z\u0160 a ZU\u0160 Bezdrevsk\u00e1 funguje od p\u00e1tku do ned\u011ble, od pond\u011bl\u00ed do \u010dtvrtka je pak v t\u011bchto prostor\u00e1ch poskytov\u00e1na soci\u00e1ln\u011b aktiviza\u010dn\u00ed slu\u017eba s nab\u00eddkou terapeutick\u00fdch a z\u00e1jmov\u00fdch \u010dinnost\u00ed pro osoby s autismem, kterou zaji\u0161\u0165uje obecn\u011b prosp\u011b\u0161n\u00e1 spole\u010dnost Auticentrum. &#8222;O v\u00edkendech n\u00e1\u0161 spolek organizuje r\u016fzn\u00e9 odleh\u010dovac\u00ed t\u00e1bory \u010di spole\u010dn\u00e1 setk\u00e1n\u00ed rodi\u010d\u016f i sourozenc\u016f. Po\u0159\u00e1d\u00e1me ale t\u0159eba i letn\u00ed t\u00e1bory,&#8220; dopl\u0148uje Andrea Jur\u00e1skov\u00e1.<\/p>\n<p>V sou\u010dasnosti nav\u0161t\u011bvuje spolek p\u0159ibli\u017en\u011b pades\u00e1t rodin d\u011bt\u00ed s autismem.<\/p>\n<p>&#8212;<\/p>\n<p>Srdce Jiho\u010desk\u00e9 televize &#8211; Jiho\u010desk\u00e1 televize p\u0159ipravuje charitativn\u00ed akci s n\u00e1zvem Srdce Jiho\u010desk\u00e9 televize. Leto\u0161n\u00ed ro\u010dn\u00edk nese podtitul Den pro autisty s jiho\u010desk\u00fdmi n\u00e1vrh\u00e1\u0159i. Do akce se zapoj\u00ed celkem sedm jiho\u010desk\u00fdch m\u00f3dn\u00edch n\u00e1vrh\u00e1\u0159\u016f a studi\u00ed, kte\u0159\u00ed pro tuto akci p\u0159ipravili s\u00e9rii model\u016f. Ty bude mo\u017en\u00e9 zakoupit za speci\u00e1ln\u00ed prodejn\u00ed cenu a z\u00e1rove\u0148 t\u00edm podpo\u0159it dobrou v\u011bc. V\u00fdt\u011b\u017eek z ve\u0161ker\u00e9ho prodeje toti\u017e ve spolupr\u00e1ci s Charitou \u010cesk\u00e9 Bud\u011bjovice z\u00edsk\u00e1 spolek Autist\u00e9 jihu. Ten poskytuje \u00fa\u010dinnou pomoc rodin\u00e1m, pe\u010duj\u00edc\u00edm o d\u00edt\u011b s autismem na \u00fazem\u00ed Jiho\u010desk\u00e9ho kraje. V b\u0159eznu budou ve vys\u00edl\u00e1n\u00ed Jiho\u010desk\u00e9 televize i na str\u00e1nk\u00e1ch jiho\u010desk\u00fdch Den\u00edk\u016f p\u0159edstaveni jednotliv\u00ed n\u00e1vrh\u00e1\u0159e a studia. Modely budou z\u00e1rove\u0148 k vid\u011bn\u00ed v druh\u00e9 polovin\u011b b\u0159ezna v \u010deskobud\u011bjovick\u00e9m IGY Centru. 2. dubna od 17 hodin v r\u00e1mci Mezin\u00e1rodn\u00edho dne autismu si budou moci z\u00e1jemci modely vyzkou\u0161et a za p\u0159\u00edtomnosti n\u00e1vrh\u00e1\u0159\u016f zakoupit.<\/p>\n<p>\u010ceskobud\u011bjovick\u00fd den\u00edk<br \/>\n<a href=\"http:\/\/ceskobudejovicky.denik.cz\/\">http:\/\/ceskobudejovicky.denik.cz\/<\/a><\/p>\n","protected":false},"excerpt":{"rendered":"<div class=\"mh-excerpt\"><p>Koup\u00ed origin\u00e1ln\u00edch \u0161at\u016f se zapoj\u00edte do Dne pro autisty s jiho\u010desk\u00fdmi n\u00e1vrh\u00e1\u0159i. Pen\u00edze z\u00edsk\u00e1 spolek Autist\u00e9 jihu.<\/p>\n<\/div>","protected":false},"author":1,"featured_media":18792,"comment_status":"open","ping_status":"closed","sticky":false,"template":"","format":"standard","meta":{"footnotes":""},"categories":[9],"tags":[],"class_list":["post-20349","post","type-post","status-publish","format-standard","has-post-thumbnail","hentry","category-zpravy"],"_links":{"self":[{"href":"https:\/\/www.invarena.cz\/index.php?rest_route=\/wp\/v2\/posts\/20349","targetHints":{"allow":["GET"]}}],"collection":[{"href":"https:\/\/www.invarena.cz\/index.php?rest_route=\/wp\/v2\/posts"}],"about":[{"href":"https:\/\/www.invarena.cz\/index.php?rest_route=\/wp\/v2\/types\/post"}],"author":[{"embeddable":true,"href":"https:\/\/www.invarena.cz\/index.php?rest_route=\/wp\/v2\/users\/1"}],"replies":[{"embeddable":true,"href":"https:\/\/www.invarena.cz\/index.php?rest_route=%2Fwp%2Fv2%2Fcomments&post=20349"}],"version-history":[{"count":0,"href":"https:\/\/www.invarena.cz\/index.php?rest_route=\/wp\/v2\/posts\/20349\/revisions"}],"wp:featuredmedia":[{"embeddable":true,"href":"https:\/\/www.invarena.cz\/index.php?rest_route=\/wp\/v2\/media\/18792"}],"wp:attachment":[{"href":"https:\/\/www.invarena.cz\/index.php?rest_route=%2Fwp%2Fv2%2Fmedia&parent=20349"}],"wp:term":[{"taxonomy":"category","embeddable":true,"href":"https:\/\/www.invarena.cz\/index.php?rest_route=%2Fwp%2Fv2%2Fcategories&post=20349"},{"taxonomy":"post_tag","embeddable":true,"href":"https:\/\/www.invarena.cz\/index.php?rest_route=%2Fwp%2Fv2%2Ftags&post=20349"}],"curies":[{"name":"wp","href":"https:\/\/api.w.org\/{rel}","templated":true}]}}