{"id":20355,"date":"2015-03-14T07:56:00","date_gmt":"2015-03-14T06:56:00","guid":{"rendered":"http:\/\/www.invarena.cz\/?p=20355"},"modified":"2015-03-14T07:56:00","modified_gmt":"2015-03-14T06:56:00","slug":"charita-ziska-pres-pet-milionu","status":"publish","type":"post","link":"https:\/\/www.invarena.cz\/?p=20355","title":{"rendered":"Charita z\u00edsk\u00e1 p\u0159es p\u011bt milion\u016f"},"content":{"rendered":"<p><strong>V\u00fdznamnou finan\u010dn\u00ed injekci z\u00edsk\u00e1 Charita Opava. D\u00edky t\u00e9m\u011b\u0159 p\u011bt a p\u016fl milionov\u00e9 evropsk\u00e9 dotaci zrekonstruuj\u00ed a zmodernizuj\u00ed hned n\u011bkolik ze sv\u00fdch za\u0159\u00edzen\u00ed.<\/strong><!--more--><\/p>\n<p>V Lazc\u00edch se finan\u010dn\u00ed p\u0159\u00edsp\u011bvek t\u00fdk\u00e1 Chr\u00e1n\u011bn\u00e9ho a podporovan\u00e9ho bydlen\u00ed pro du\u0161evn\u011b nemocn\u00e9. Rekonstrukc\u00ed projdou zdej\u0161\u00ed p\u016fdn\u00ed prostory, \u010d\u00edm\u017e se mimo jin\u00e9 i zv\u00fd\u0161\u00ed kapacita cel\u00e9ho za\u0159\u00edzen\u00ed. V Chr\u00e1n\u011bn\u00e9 d\u00edln\u011b Vla\u0161tovi\u010dky dojde tak\u00e9 na rekonstrukci a nav\u00fd\u0161en\u00ed kapacity, ale tentokr\u00e1te pro zm\u011bnu po rekonstrukci sklepn\u00edch prostor. Taky se tu nakoup\u00ed t\u0159i pr\u016fmyslov\u00e9 \u0161ic\u00ed a jeden knofl\u00edkovac\u00ed stroj. Ve Vla\u0161tovi\u010dk\u00e1ch se na pen\u00edze mohou t\u011b\u0161it tak\u00e9 v Dom\u011b sv. Cyrila a Metod\u011bje pro zrakov\u011b posti\u017een\u00e9. Prvn\u011b jmenovan\u00e9 za\u0159\u00edzen\u00ed obdr\u017e\u00ed speci\u00e1ln\u00ed sedmim\u00edstn\u00e9 vozidlo na plyn, kter\u00e9 bude slou\u017eit nap\u0159\u00edklad i pro p\u0159epravu zdej\u0161\u00edch klient\u016f na akce a v\u00fdlety. <\/p>\n<p>&#8222;\u010cty\u0159i nov\u00e9 automobily na CNG po\u0159\u00edd\u00ed tak\u00e9 Charitn\u00ed pe\u010dovatelsk\u00e1 slu\u017eba pro pot\u0159eby pe\u010dovatelek p\u0159i doj\u00ed\u017e\u010fk\u00e1ch za klienty,&#8220; dopl\u0148uje mana\u017eer vn\u011bj\u0161\u00ed komunikace Region\u00e1ln\u00ed rady regionu soudr\u017enosti Moravskoslezsko a pokra\u010duje: &#8222;Vozidlo pro zam\u011bstnance Chr\u00e1n\u011bn\u00fdch d\u00edlen sv. Josefa umo\u017en\u00ed l\u00e9pe uspokojit popt\u00e1vku po vy\u0161\u00edvac\u00edch zak\u00e1zk\u00e1ch a p\u0159epravu na v\u00fdstavn\u00ed a prodejn\u00ed trhy a akce.&#8220;<\/p>\n<p> Ve sv. Josefovi po\u0159\u00edd\u00ed za pen\u00edze taky nov\u00fd \u0161ic\u00ed stroj, \u010d\u00edm\u017e vzniknou dv\u011b nov\u00e1 pracovn\u00ed m\u00edsta pro lidi se zdravotn\u00edm posti\u017een\u00edm. V\u00fd\u010det pak kompletuje modernizace Chr\u00e1n\u011bn\u00fdch technick\u00fdch d\u00edlen Charity Opava, kde p\u0159ibudou dva pr\u016fmyslov\u00e9 skartovac\u00ed stroje, filtra\u010dn\u00ed za\u0159\u00edzen\u00ed a demagnetiz\u00e1tor.<\/p>\n<p>REGION OPAVSKO<\/p>\n","protected":false},"excerpt":{"rendered":"<div class=\"mh-excerpt\"><p>V\u00fdznamnou finan\u010dn\u00ed injekci z\u00edsk\u00e1 Charita Opava. D\u00edky t\u00e9m\u011b\u0159 p\u011bt a p\u016fl milionov\u00e9 evropsk\u00e9 dotaci zrekonstruuj\u00ed a zmodernizuj\u00ed hned n\u011bkolik ze sv\u00fdch za\u0159\u00edzen\u00ed.<\/p>\n<\/div>","protected":false},"author":1,"featured_media":0,"comment_status":"open","ping_status":"closed","sticky":false,"template":"","format":"standard","meta":{"footnotes":""},"categories":[9],"tags":[],"class_list":["post-20355","post","type-post","status-publish","format-standard","hentry","category-zpravy"],"_links":{"self":[{"href":"https:\/\/www.invarena.cz\/index.php?rest_route=\/wp\/v2\/posts\/20355","targetHints":{"allow":["GET"]}}],"collection":[{"href":"https:\/\/www.invarena.cz\/index.php?rest_route=\/wp\/v2\/posts"}],"about":[{"href":"https:\/\/www.invarena.cz\/index.php?rest_route=\/wp\/v2\/types\/post"}],"author":[{"embeddable":true,"href":"https:\/\/www.invarena.cz\/index.php?rest_route=\/wp\/v2\/users\/1"}],"replies":[{"embeddable":true,"href":"https:\/\/www.invarena.cz\/index.php?rest_route=%2Fwp%2Fv2%2Fcomments&post=20355"}],"version-history":[{"count":0,"href":"https:\/\/www.invarena.cz\/index.php?rest_route=\/wp\/v2\/posts\/20355\/revisions"}],"wp:attachment":[{"href":"https:\/\/www.invarena.cz\/index.php?rest_route=%2Fwp%2Fv2%2Fmedia&parent=20355"}],"wp:term":[{"taxonomy":"category","embeddable":true,"href":"https:\/\/www.invarena.cz\/index.php?rest_route=%2Fwp%2Fv2%2Fcategories&post=20355"},{"taxonomy":"post_tag","embeddable":true,"href":"https:\/\/www.invarena.cz\/index.php?rest_route=%2Fwp%2Fv2%2Ftags&post=20355"}],"curies":[{"name":"wp","href":"https:\/\/api.w.org\/{rel}","templated":true}]}}