{"id":20360,"date":"2015-03-11T11:05:13","date_gmt":"2015-03-11T10:05:13","guid":{"rendered":"http:\/\/www.invarena.cz\/?p=20360"},"modified":"2015-03-11T11:35:50","modified_gmt":"2015-03-11T10:35:50","slug":"diakonie-odstartovala-dalsi-svycarsko-cesky-projekt","status":"publish","type":"post","link":"https:\/\/www.invarena.cz\/?p=20360","title":{"rendered":"Diakonie odstartovala dal\u0161\u00ed \u0161v\u00fdcarsko-\u010desk\u00fd projekt"},"content":{"rendered":"<p><strong>Diakonie \u010cCE odstartovala dal\u0161\u00ed celost\u00e1tn\u00ed projekt na zlep\u0161en\u00ed p\u00e9\u010de o geriatrick\u00e9 pacienty a pacienty v\u00a0z\u00e1v\u011bru \u017eivota a zlep\u0161en\u00ed znalosti laik\u016f, ale i profesion\u00e1l\u016f v\u00a0t\u00e9to oblasti, a to v\u00a0r\u00e1mci Programu implementace \u0160v\u00fdcarsko-\u010desk\u00e9 spolupr\u00e1ce.<\/strong><!--more--><\/p>\n<p>ilustra\u010dn\u00ed foto: ruthiebabe \/ stock.xchng<\/p>\n<p>Hlavn\u00ed c\u00edlovou skupinou jsou rodinn\u00ed pe\u010dovatel\u00e9, kte\u0159\u00ed se \u010dasto pot\u00fdkaj\u00ed s kritick\u00fdmi situacemi p\u0159i doprov\u00e1zen\u00ed v z\u00e1v\u011bru \u017eivota. Ov\u0161em ani profesion\u00e1l\u016fm, kte\u0159\u00ed p\u0159ich\u00e1zej\u00ed se smrt\u00ed do styku, neu\u0161kod\u00ed si p\u0159ipomenout n\u011bkter\u00e9 z\u00e1sady souvisej\u00edc\u00ed s touto p\u00e9\u010d\u00ed. Dopl\u0148kov\u011b se projekt v\u011bnuje i samotn\u00fdm senior\u016fm s citliv\u00fdm t\u00e9matem, jak se na konec \u017eivota p\u0159ipravit.<\/p>\n<p>Vzd\u011bl\u00e1vac\u00ed cyklus obsahuje \u010dty\u0159i typy kurz\u016f.<\/p>\n<p>Pilotn\u00ed kurzy za\u010d\u00ednaj\u00ed ji\u017e v\u00a0kv\u011btnu, v Brn\u011b v\u00a0Diakonii \u010cCE na\u00a0Hrn\u010d\u00ed\u0159sk\u00e9 27 v kv\u011btnu a maj\u00ed n\u00e1sleduj\u00edc\u00ed program:<br \/>\n<strong>18. kv\u011btna od 14 hodin<\/strong> Z\u00e1kladn\u00ed program pro laick\u00e9 pe\u010duj\u00edc\u00ed \u2013 kurz \u201eDoprov\u00e1zen\u00ed v\u00e1\u017en\u011b nemocn\u00e9ho \u2013 teoretick\u00e1 \u010d\u00e1st\u201c, p\u0159edn\u00e1\u0161\u00ed Mgr. Martina Kal\u00e1bov\u00e1.<br \/>\n<strong>25. kv\u011btna od 14 hodin<\/strong> pokra\u010dov\u00e1n\u00ed programu \u2013 kurz \u201eDoprov\u00e1zen\u00ed v\u00e1\u017en\u011b nemocn\u00e9ho \u2013 praktick\u00e1 \u010d\u00e1st\u201c, vede Bohumil Brad\u00e1\u010d, DiS.<br \/>\n<strong>1. \u010dervna od 14 hodin<\/strong> Dopl\u0148kov\u00fd program pro seniory \u201e\u00dakoly \u017eivotn\u00edho podve\u010dera\u201c, vede MUDr. Viola Svobodov\u00e1.<br \/>\n<strong>8. \u010dervna od 14 hodin<\/strong> Dopl\u0148kov\u00fd program pro profesion\u00e1ly, kte\u0159\u00ed p\u0159ich\u00e1zej\u00ed do styku s\u00a0touto problematikou \u2013 kurz \u201ePom\u00e1haj\u00edc\u00ed profese u l\u016f\u017eka um\u00edraj\u00edc\u00edho\u201c, vede Mgr.\u00a0Martina Kal\u00e1bov\u00e1.<\/p>\n<p>Celkem prob\u011bhne 80 kurz\u016f po cel\u00e9 republice.<\/p>\n<p>V r\u00e1mci projektu budou nato\u010dena videa zam\u011b\u0159en\u00e1 na doprov\u00e1zen\u00ed termin\u00e1ln\u011b nemocn\u00e9ho v dom\u00e1c\u00edm prost\u0159ed\u00ed. Vznikne Spole\u010dnost pro podporu laick\u00fdch pe\u010duj\u00edc\u00edch \u2013 pe\u010duj\u00edc\u00ed laici dosud nemaj\u00ed spole\u010dnost, kter\u00e1 by je podporovala a zprost\u0159edkovala jim v\u00fdm\u011bnu zku\u0161enost\u00ed, pod\u00edlela se na jejich vzd\u011bl\u00e1v\u00e1n\u00ed a prosazovala jejich pot\u0159eby a z\u00e1jmy. Z projektu bude podpo\u0159eno poradenstv\u00ed na www.pecujdoma.cz a telefonick\u00e1 poradna pro laick\u00e9 pe\u010duj\u00edc\u00ed a uskute\u010dn\u00ed se spole\u010dn\u011b se \u0161v\u00fdcarsk\u00fdm partnerem rovn\u011b\u017e konference o pot\u0159eb\u00e1ch a mo\u017enostech um\u00edraj\u00edc\u00edch a jejich rodinn\u00fdch pe\u010dovatel\u016f.<\/p>\n<p>Projekt potrv\u00e1 do z\u00e1\u0159\u00ed 2016 a pr\u016fb\u011bh aktivit je mo\u017en\u00e9 sledovat na www.pecujdoma.cz , kde je mo\u017en\u00e9 se rovn\u011b\u017e p\u0159ihl\u00e1sit na ji\u017e vypsan\u00e9 kurzy.<br \/>\nV\u00edce: pecujdoma@diakonie.cz .<\/p>\n","protected":false},"excerpt":{"rendered":"<div class=\"mh-excerpt\"><p>Diakonie \u010cCE odstartovala dal\u0161\u00ed celost\u00e1tn\u00ed projekt na zlep\u0161en\u00ed p\u00e9\u010de o geriatrick\u00e9 pacienty a pacienty v\u00a0z\u00e1v\u011bru \u017eivota a zlep\u0161en\u00ed znalosti laik\u016f, ale i profesion\u00e1l\u016f v\u00a0t\u00e9to oblasti, <a class=\"mh-excerpt-more\" href=\"https:\/\/www.invarena.cz\/?p=20360\" title=\"Diakonie odstartovala dal\u0161\u00ed \u0161v\u00fdcarsko-\u010desk\u00fd projekt\">[&#8230;]<\/a><\/p>\n<\/div>","protected":false},"author":1,"featured_media":18701,"comment_status":"open","ping_status":"closed","sticky":false,"template":"","format":"standard","meta":{"footnotes":""},"categories":[7],"tags":[],"class_list":["post-20360","post","type-post","status-publish","format-standard","has-post-thumbnail","hentry","category-spolecnost"],"_links":{"self":[{"href":"https:\/\/www.invarena.cz\/index.php?rest_route=\/wp\/v2\/posts\/20360","targetHints":{"allow":["GET"]}}],"collection":[{"href":"https:\/\/www.invarena.cz\/index.php?rest_route=\/wp\/v2\/posts"}],"about":[{"href":"https:\/\/www.invarena.cz\/index.php?rest_route=\/wp\/v2\/types\/post"}],"author":[{"embeddable":true,"href":"https:\/\/www.invarena.cz\/index.php?rest_route=\/wp\/v2\/users\/1"}],"replies":[{"embeddable":true,"href":"https:\/\/www.invarena.cz\/index.php?rest_route=%2Fwp%2Fv2%2Fcomments&post=20360"}],"version-history":[{"count":0,"href":"https:\/\/www.invarena.cz\/index.php?rest_route=\/wp\/v2\/posts\/20360\/revisions"}],"wp:featuredmedia":[{"embeddable":true,"href":"https:\/\/www.invarena.cz\/index.php?rest_route=\/wp\/v2\/media\/18701"}],"wp:attachment":[{"href":"https:\/\/www.invarena.cz\/index.php?rest_route=%2Fwp%2Fv2%2Fmedia&parent=20360"}],"wp:term":[{"taxonomy":"category","embeddable":true,"href":"https:\/\/www.invarena.cz\/index.php?rest_route=%2Fwp%2Fv2%2Fcategories&post=20360"},{"taxonomy":"post_tag","embeddable":true,"href":"https:\/\/www.invarena.cz\/index.php?rest_route=%2Fwp%2Fv2%2Ftags&post=20360"}],"curies":[{"name":"wp","href":"https:\/\/api.w.org\/{rel}","templated":true}]}}