{"id":20370,"date":"2015-03-12T10:15:56","date_gmt":"2015-03-12T09:15:56","guid":{"rendered":"http:\/\/www.invarena.cz\/?p=20370"},"modified":"2015-03-12T10:29:17","modified_gmt":"2015-03-12T09:29:17","slug":"vstupne-na-zamky-letos-podrazi-i-pro-invalidy","status":"publish","type":"post","link":"https:\/\/www.invarena.cz\/?p=20370","title":{"rendered":"Vstupn\u00e9 na z\u00e1mky letos podra\u017e\u00ed. I pro invalidy"},"content":{"rendered":"<p><strong>Pam\u00e1tk\u00e1\u0159i sjednotili slevy, lid\u00e9 zaplat\u00ed v\u00edce. N\u011bkter\u00e9 kategorie n\u00e1v\u0161t\u011bvn\u00edk\u016f, kte\u0159\u00ed po zah\u00e1jen\u00ed sezony zam\u00ed\u0159\u00ed na historick\u00e9 pam\u00e1tky, budou p\u0159i placen\u00ed vstupn\u00e9ho nuceni s\u00e1hnout hloub\u011bji do kapsy. To se t\u00fdk\u00e1 d\u011bt\u00ed, student\u016f, dr\u017eitel\u016f pr\u016fkaz\u016f <span class=\"highlight\">ZTP<\/span> i rodin.\u00a0<\/strong> <!--more--><\/p>\n<p>&#8222;Na zdra\u017eov\u00e1n\u00ed vstupn\u00e9ho mi vad\u00ed dv\u011b v\u011bci,&#8220; zlob\u00ed se \u010deskokrumlovsk\u00e1 turistick\u00e1 pr\u016fvodkyn\u011b Dagmar Bohdalov\u00e1. &#8222;O zdra\u017een\u00ed vstupn\u00e9ho se rozhodlovdob\u011b, kdy u\u017e jsou p\u0159ipraveny a rozesl\u00e1ny propaga\u010dn\u00ed materi\u00e1ly na leto\u0161n\u00ed turistickou sezonu. Ti, kte\u0159\u00ed d\u00e1vali do propaga\u010dn\u00edch materi\u00e1l\u016f informace o cen\u00e1ch vstupn\u00e9ho na hradech a z\u00e1mc\u00edch, tak vlastn\u011b maj\u00ed v materi\u00e1lech ceny neplatn\u00e9. Domn\u00edv\u00e1m se, \u017ee tyto z\u00e1sadn\u00ed zm\u011bny m\u011bly b\u00fdt k dispozici t\u0159eba u\u017e na lednov\u00fd veletrh cestovn\u00edho ruchu GO a Regiontour 2015; veletrh Holiday World 2015 se uskute\u010dnil v \u00fanoru.&#8220; Dal\u0161\u00ed fakt, kter\u00fd j\u00ed vad\u00ed, je, \u017ee zm\u011bny postihuj\u00ed \u010desk\u00e9 turisty, ba hlavn\u011b ty finan\u010dn\u011b &#8222;nejslab\u0161\u00ed&#8220;.<\/p>\n<p>Stejn\u00e9ho n\u00e1zoru je i kastel\u00e1n \u010deskokrumlovsk\u00e9ho z\u00e1mku Pavel Slavko. &#8222;Bohu\u017eel celost\u00e1tn\u011b jednotn\u00fd postup vna\u0161em p\u0159\u00edpad\u011b dopad\u00e1 na soci\u00e1ln\u011b nejslab\u0161\u00ed \u010d\u00e1st n\u00e1v\u0161t\u011bvn\u00edk\u016f, kter\u00fdm jsme v minulosti dle vlastn\u00edho rozhodnut\u00ed poskytovali v\u00fdrazn\u011bj\u0161\u00ed slevu.&#8220; Co za zdra\u017een\u00edm v\u011bz\u00ed?<\/p>\n<p>N\u00e1rodn\u00ed pam\u00e1tkov\u00fd \u00fastav pro leto\u0161n\u00ed turistickou sezonu centr\u00e1ln\u011b sjednotil sn\u00ed\u017een\u00e9 vstupn\u00e9, kter\u00e9 \u010din\u00ed 70 procent pln\u00e9ho vstupn\u00e9ho.<\/p>\n<p>T\u00edm p\u00e1dem budou m\u00edt pr\u00e1v\u011b d\u011bti, studenti nebo dr\u017eitel\u00e9 pr\u016fkazu <span class=\"highlight\">ZTP<\/span>, ale i rodiny vstupn\u00e9 vy\u0161\u0161\u00ed t\u0159eba na \u010deskokrumlovsk\u00e9m z\u00e1mku.<\/p>\n<p>Krumlovsk\u00fd kastel\u00e1n Pavel Slavko napsal ale sv\u00e9mu veden\u00ed protest, jeliko\u017e chce dos\u00e1hnout aspo\u0148 toho, aby pro rok 2015 byla navrhovan\u00e1 \u010d\u00e1stka rodinn\u00e9ho vstupn\u00e9ho ve v\u00fd\u0161i 405 korun upravena na 380 korun. &#8222;Podle \u00fanorov\u00e9 sm\u011brnice je leto\u0161n\u00ed vstupn\u00e9 demotiva\u010dn\u00ed kup\u0159\u00edkladu pro rodiny s jedn\u00edm d\u00edt\u011btem,&#8220; \u0159\u00edk\u00e1. Z\u00e1rove\u0148 \u017e\u00e1d\u00e1, aby navr\u017een\u00e1 \u010d\u00e1stka 105 korun po slev\u011b 30 procent byla p\u0159inejmen\u0161\u00edm zaokrouhlena na 100 korun kv\u016fli zt\u011b\u017euj\u00edc\u00edmu placen\u00ed a vracen\u00ed minc\u00ed.<\/p>\n<p>I tak ale po sjednocuj\u00edc\u00ed slev\u011b n\u011bkte\u0159\u00ed n\u00e1v\u0161t\u011bvn\u00edci zaplat\u00ed v\u00edce ne\u017e loni. Kastel\u00e1n doplnil, \u017ee se nyn\u00ed soust\u0159e\u010fuj\u00ed n\u00e1m\u011bty z ostatn\u00edch objekt\u016f a douf\u00e1, \u017ee \u017e\u00e1dost o v\u00fdjimku Krumlov nakonec dostane.<\/p>\n<p>Nadruhou stranu mluv\u010d\u00ed jiho\u010desk\u00fdch pam\u00e1tk\u00e1\u0159\u016f Jitka Sko\u0159epov\u00e1 podotkla: &#8222;\u00dapravy cen se t\u00fdkaj\u00ed zp\u0159\u00edstupn\u011bn\u00fdch st\u00e1tn\u00edch pam\u00e1tek ve v\u0161ech kraj\u00edch \u010cesk\u00e9 republiky. Ale k samotn\u00e9m zdra\u017eov\u00e1n\u00ed vstupn\u00e9ho nedoch\u00e1z\u00ed.&#8220; Podle n\u00ed m\u016f\u017ee sjednocen\u00ed slev znamenat, \u017ee v n\u011bkter\u00fdch jin\u00fdch objektech mohou d\u011bti a rodiny platit m\u00e9n\u011b.<\/p>\n<p>Kastel\u00e1nka Andrea \u010cekanov\u00e1 p\u0159ipom\u00edn\u00e1, \u017ee na St\u00e1tn\u00edm hradu Ro\u017emberk z\u00e1kladn\u00ed vstupn\u00e9 100 korun z\u016fst\u00e1v\u00e1 u\u017e od roku 2008. &#8222;Sedm let se zde s cenou za prvn\u00ed trasu neh\u00fdbalo. \u00danorovou sm\u011brnici respektujeme. Na Ro\u017emberku sjednot\u00edme dv\u011b slevov\u00e9 kategorie. U senior\u016f z\u016fstane cena 70 korun, d\u011btem a student\u016fm \u010di dr\u017eitel\u016fm pr\u016fkazu <span class=\"highlight\">ZTP<\/span> se zv\u00fd\u0161\u00ed o deset korun, \u010dili z \u0161edes\u00e1tikoruny na 70 korun. Rodinn\u00e9 vstupn\u00e9 se proto zvedne tak\u00e9 o deset korun.&#8220; N\u00e1rodn\u00ed pam\u00e1tkov\u00fd \u00fastav se h\u00e1j\u00ed t\u00edm, \u017ee pot\u0159eba sm\u011brnice byla vyvol\u00e1na t\u00e9\u017e opakovan\u00fdmi st\u00ed\u017enostmi ze strany ministerstva kultury i n\u011bkter\u00fdch n\u00e1v\u0161t\u011bvn\u00edk\u016f na nejednotn\u00fd p\u0159\u00edstup ke slev\u00e1m uvnit\u0159 jedn\u00e9 organizace.<\/p>\n<p>&#8212;<\/p>\n<p>Sm\u011brnice 2015<\/p>\n<p>Jednotliv\u00e9 hrady a z\u00e1mky m\u011bly v roce 2014 r\u016fznou v\u00fd\u0161i slevy. Nap\u0159\u00edklad St\u00e1tn\u00ed hrad a z\u00e1mek \u010cesk\u00fd Krumlov m\u011bl k pom\u011brn\u011b vysok\u00e9mu vstupn\u00e9mu v\u00fdrazn\u011bj\u0161\u00ed slevu cca 45 %. A n\u00e1v\u0161t\u011bvn\u00edci uplat\u0148uj\u00edc\u00ed slevu tud\u00ed\u017e zaplatili za vstup na I. trasu 80 korun. Ale 18. \u00fanora byla rozesl\u00e1na sm\u011brnice Gener\u00e1ln\u00edm \u0159editelstv\u00edm N\u00e1rodn\u00edho pam\u00e1tkov\u00e9ho \u00fastavu, \u017ee sn\u00ed\u017een\u00e9 vstupn\u00e9 na z\u00e1kladn\u00ed okruh mus\u00ed b\u00fdt v\u017edy stanoveno o 30 % ni\u017e\u0161\u00ed, ne\u017e je pln\u00e9 vstupn\u00e9. Lid\u00e9 v Krumlov\u011b tedy zaplat\u00ed m\u00edsto 80 korun 105, \u010di 100 K\u010d.<\/p>\n<p>&nbsp;<\/p>\n<table class=\"docHdrTable\">\n<tbody>\n<tr>\n<td class=\"docHdrNavesti\"><\/td>\n<td><a href=\"http:\/\/ceskokrumlovsky.denik.cz\/\" target=\"_blank\">http:\/\/ceskokrumlovsky.denik.cz\/ <\/a><\/td>\n<\/tr>\n<\/tbody>\n<\/table>\n","protected":false},"excerpt":{"rendered":"<div class=\"mh-excerpt\"><p>Pam\u00e1tk\u00e1\u0159i sjednotili slevy, lid\u00e9 zaplat\u00ed v\u00edce. N\u011bkter\u00e9 kategorie n\u00e1v\u0161t\u011bvn\u00edk\u016f, kte\u0159\u00ed po zah\u00e1jen\u00ed sezony zam\u00ed\u0159\u00ed na historick\u00e9 pam\u00e1tky, budou p\u0159i placen\u00ed vstupn\u00e9ho nuceni s\u00e1hnout hloub\u011bji do <a class=\"mh-excerpt-more\" href=\"https:\/\/www.invarena.cz\/?p=20370\" title=\"Vstupn\u00e9 na z\u00e1mky letos podra\u017e\u00ed. I pro invalidy\">[&#8230;]<\/a><\/p>\n<\/div>","protected":false},"author":1,"featured_media":7789,"comment_status":"open","ping_status":"closed","sticky":false,"template":"","format":"standard","meta":{"footnotes":""},"categories":[1],"tags":[],"class_list":["post-20370","post","type-post","status-publish","format-standard","has-post-thumbnail","hentry","category-nezarazene"],"_links":{"self":[{"href":"https:\/\/www.invarena.cz\/index.php?rest_route=\/wp\/v2\/posts\/20370","targetHints":{"allow":["GET"]}}],"collection":[{"href":"https:\/\/www.invarena.cz\/index.php?rest_route=\/wp\/v2\/posts"}],"about":[{"href":"https:\/\/www.invarena.cz\/index.php?rest_route=\/wp\/v2\/types\/post"}],"author":[{"embeddable":true,"href":"https:\/\/www.invarena.cz\/index.php?rest_route=\/wp\/v2\/users\/1"}],"replies":[{"embeddable":true,"href":"https:\/\/www.invarena.cz\/index.php?rest_route=%2Fwp%2Fv2%2Fcomments&post=20370"}],"version-history":[{"count":0,"href":"https:\/\/www.invarena.cz\/index.php?rest_route=\/wp\/v2\/posts\/20370\/revisions"}],"wp:featuredmedia":[{"embeddable":true,"href":"https:\/\/www.invarena.cz\/index.php?rest_route=\/wp\/v2\/media\/7789"}],"wp:attachment":[{"href":"https:\/\/www.invarena.cz\/index.php?rest_route=%2Fwp%2Fv2%2Fmedia&parent=20370"}],"wp:term":[{"taxonomy":"category","embeddable":true,"href":"https:\/\/www.invarena.cz\/index.php?rest_route=%2Fwp%2Fv2%2Fcategories&post=20370"},{"taxonomy":"post_tag","embeddable":true,"href":"https:\/\/www.invarena.cz\/index.php?rest_route=%2Fwp%2Fv2%2Ftags&post=20370"}],"curies":[{"name":"wp","href":"https:\/\/api.w.org\/{rel}","templated":true}]}}