{"id":20377,"date":"2015-03-12T14:07:16","date_gmt":"2015-03-12T13:07:16","guid":{"rendered":"http:\/\/www.invarena.cz\/?p=20377"},"modified":"2015-03-12T14:07:16","modified_gmt":"2015-03-12T13:07:16","slug":"socialne-terapeuticke-dilny-maji-na-postizene-klienty-dobry-vliv","status":"publish","type":"post","link":"https:\/\/www.invarena.cz\/?p=20377","title":{"rendered":"Soci\u00e1ln\u011b terapeutick\u00e9 d\u00edlny maj\u00ed na posti\u017een\u00e9 klienty dobr\u00fd vliv"},"content":{"rendered":"<p><strong>Prostory budovy s modrou fas\u00e1dou v Brance mezi Pra\u017eskou a Dlouhou ulic\u00ed v P\u0159\u00edbrami jsou v \u00fater\u00fd dopoledne pln\u00e9 lid\u00ed. Kolem velk\u00e9ho stolu uprost\u0159ed jedn\u00e9 z novotou von\u00edc\u00edch m\u00edstnost\u00ed sed\u00ed klienti Nal\u017eovick\u00e9ho z\u00e1mku.<\/strong><!--more--><\/p>\n<p>N\u011bkte\u0159\u00ed jsou vylekan\u00ed z velk\u00e9ho mno\u017estv\u00ed lid\u00ed nebo z blesk\u016f fotoapar\u00e1t\u016f, jin\u00ed se nehodlaj\u00ed nechat vyru\u0161it z navl\u00e9k\u00e1n\u00ed kor\u00e1lk\u016f \u010di v\u00fdroby sv\u00ed\u010dek.<\/p>\n<p>Nach\u00e1z\u00edme se v soci\u00e1ln\u011b terapeutick\u00fdch d\u00edln\u00e1ch, kter\u00e9 v P\u0159\u00edbrami otev\u0159el Nal\u017eovick\u00fd z\u00e1mek, poskytovatel soci\u00e1ln\u00edch slu\u017eeb.<\/p>\n<p>D\u00edlny slou\u017e\u00ed nejen jeho samotn\u00fdm dosp\u011bl\u00fdm klient\u016fm s ment\u00e1ln\u00edm a zdravotn\u00edm posti\u017een\u00edm, ale i dal\u0161\u00edm, jejich\u017e opatrovn\u00edci se p\u0159ijdou osobn\u011b domluvit.<\/p>\n<p>K \u010demu jsou terapeutick\u00e9 d\u00edlny dobr\u00e9?<\/p>\n<p>Soci\u00e1ln\u011b terapeutick\u00e1 d\u00edlna se zam\u011b\u0159uje na posilov\u00e1n\u00ed kompetenc\u00ed pracovn\u00edch n\u00e1vyk\u016f jako je dochvilnost, schopnost sd\u011blit sv\u016fj n\u00e1zor, um\u011bt po\u017e\u00e1dat o radu a podobn\u011b. Klienti si zvyknou, \u017ee r\u00e1no mus\u00ed vst\u00e1vat d\u0159\u00edv a ve\u010der j\u00edt v\u010das sp\u00e1t, co\u017e se pozitivn\u011b odr\u00e1\u017e\u00ed na jejich psychick\u00e9m stavu. Jsou daleko klidn\u011bj\u0161\u00ed a proto nevy\u017eaduj\u00ed pod\u00e1v\u00e1n\u00ed l\u00e9k\u016f jako v opa\u010dn\u00e9m p\u0159\u00edpad\u011b,&#8220; vysv\u011btluje Lenka Mottlov\u00e1, \u0159editelka Nal\u017eovick\u00e9ho z\u00e1mku, poskytovatele soci\u00e1ln\u00edch slu\u017eeb.<\/p>\n<p>U\u017eivatel\u00e9 maj\u00ed d\u00edky pestr\u00e9 nab\u00eddce d\u00edlen (tkalcovsk\u00e1, sv\u00ed\u010dka\u0159sk\u00e1, po\u010d\u00edta\u010dov\u00e1, v\u00fdtvarn\u00e1 a tvo\u0159iv\u00e1 a jin\u00e9) prostor pro vyu\u017eit\u00ed vlastn\u00ed kreativity p\u0159i realizaci v\u00fdrobku. To v\u0161e m\u00e1 za c\u00edl jedin\u00e9 \u2013 sob\u011bsta\u010dnost klient\u016f a jejich za\u0159azen\u00ed do spole\u010dnosti, v lep\u0161\u00edm p\u0159\u00edpad\u011b uplatn\u011bn\u00ed na otev\u0159en\u00e9m trhu pr\u00e1ce.<\/p>\n<p>Co p\u0159\u00edroda ubrala klient\u016fm na du\u0161evn\u00edm a fyzick\u00e9m zdrav\u00ed, to jim p\u0159idala na \u0161ikovnosti. Jejich v\u00fdrobky jsou n\u00e1padit\u00e9, jedine\u010dn\u00e9, ka\u017ed\u00fd kus je origin\u00e1l. A\u0165 je to podlo\u017eka na sezen\u00ed, keramick\u00fd and\u011bl, \u0161perk nebo sv\u00ed\u010dka.<\/p>\n<p>V\u00fdrobu sv\u00ed\u010dek t\u0159iapades\u00e1tilet\u00fd Eman M\u00e1\u0161a miluje. Jeho sestra Irenka taky, ale jak se zd\u00e1, dneska nem\u00e1 \u0161anci bratrovi pom\u00e1hat. Em\u00e1nek, jak mu tady v\u0161ichni \u0159\u00edkaj\u00ed, trp\u011bliv\u011b \u010dek\u00e1, a\u017e se nah\u0159eje palmov\u00fd olej, aby ho mohl nal\u00edt do p\u0159ipraven\u00fdch formi\u010dek. Kdy\u017e nah\u0159\u00edv\u00e1n\u00ed trv\u00e1 moc dlouho, p\u0159e\u0161lapuje. Chv\u00edle, kdy kone\u010dn\u011b m\u016f\u017ee vyklepnout hotovou sv\u00ed\u010dku z formy, je l\u00e1kav\u00e1.<\/p>\n<p>Na slavnostn\u00ed otev\u0159en\u00ed d\u00edlen se p\u0159ich\u00e1zej\u00ed pod\u00edvat lid\u00e9 z Alky, obecn\u011b prosp\u011b\u0161n\u00e9 spole\u010dnosti, kter\u00e1 pe\u010duje o lidi s handicapem v P\u0159\u00edbrami, pracovn\u00edci Farn\u00ed charity P\u0159\u00edbram a tak\u00e9 dobrovoln\u00edci z humanit\u00e1rn\u00ed organizace Adra. Dv\u011b dobrovolnice z Adry se s klientkami zabran\u00fdmi do ru\u010dn\u00edch prac\u00ed dob\u0159e znaj\u00ed. V\u011bd\u00ed, \u017ee Zdeni\u010dka pot\u0159ebuje dotek. Ona toti\u017e nemluv\u00ed a \u0161patn\u011b vid\u00ed. Marcela Pu\u0161k\u00e1rov\u00e1 a Anna Simakov\u00e1 ji dr\u017e\u00ed za ruku a sna\u017e\u00ed se vy\u010d\u00edst z jej\u00edch pohyb\u016f, co pr\u00e1v\u011b pot\u0159ebuje. &#8222;Jezd\u00edme za klienty do Nal\u017eovic pravideln\u011b zhruba dva roky, tak\u017ee se zn\u00e1me. Te\u010f spolupracujeme i s nov\u00fdm chr\u00e1n\u011bn\u00fdm bydlen\u00edm. Jezd\u00edme tak\u00e9 do P\u0159\u00ed\u010dov, kde je dal\u0161\u00ed chr\u00e1n\u011bn\u00e9 bydlen\u00ed.&#8220;<\/p>\n<p>&#8222;S d\u011bv\u010daty se zn\u00e1me, se Zdeni\u010dkou je to ale trochu slo\u017eit\u011bj\u0161\u00ed. Nemluv\u00ed, ale je sp\u00ed\u0161 na osobn\u00ed kontakt. Na\u0161e setk\u00e1n\u00ed je v\u017edycky hodn\u011b vesel\u00e9. Ti lid\u00e9 nemaj\u00ed sv\u00e9 velk\u00e9 rodiny, tak\u017ee radost pro\u017e\u00edv\u00e1me spolu,&#8220; popisuje sv\u00e9 dobrovolnictv\u00ed Marcela Pu\u0161k\u00e1rov\u00e1, kterou sp\u00ed\u0161e ti men\u0161\u00ed P\u0159\u00edbram\u00e1ci mohou zn\u00e1t z loutkohereck\u00e9 skupiny Zalezl\u00edci.<\/p>\n<p>Soci\u00e1ln\u011b terapeutick\u00e9 d\u00edlny podle Lenky Mottlov\u00e9 znamenaj\u00ed pro klienty Nal\u017eovick\u00e9ho z\u00e1mku v\u00edc, ne\u017e se zd\u00e1. &#8222;Pom\u00e1haj\u00ed zapojit se do klasick\u00e9ho re\u017eimu, jako m\u00e1 v\u011bt\u0161ina lid\u00ed. Z hlediska pobytov\u00e9 slu\u017eby, kterou na z\u00e1mku m\u00e1me, je velmi d\u016fle\u017eit\u00e9, aby klienti m\u011bli vypln\u011bn\u00fd den jako my. Obdob\u00ed sp\u00e1nku, pr\u00e1ce, relaxace. Vid\u00edme, jak jim tohle sv\u011bd\u010d\u00ed. Neus\u00ednaj\u00ed brzy jako d\u0159\u00edv, v\u00fdrazn\u011b se sni\u017euje medikace, nejsou tolik agresivn\u00ed,&#8220; dod\u00e1v\u00e1.<\/p>\n<p>&#8212;<\/p>\n<p>Videa a sn\u00edmky z akce jsou na na\u0161em webu: www.pribramsky.denik.cz<\/p>\n<p>Posl\u00e1n\u00edm je vytvo\u0159it domov<\/p>\n<p>Posl\u00e1n\u00edm pobytov\u00e9 soci\u00e1ln\u00ed slu\u017eby Domov pro osoby se zdravotn\u00edm posti\u017een\u00edm je zabezpe\u010dit pot\u0159ebnou p\u00e9\u010di a podporu osob\u00e1m star\u0161\u00edm 18 let s ment\u00e1ln\u00edm i kombinovan\u00fdm posti\u017een\u00edm (zahrnuj\u00edc\u00ed ment\u00e1ln\u00ed posti\u017een\u00ed), kter\u00e9 maj\u00ed sn\u00ed\u017eenou sob\u011bsta\u010dnost z d\u016fvodu zdravotn\u00edho posti\u017een\u00ed a jejich\u017e situace vy\u017eaduje pravidelnou pomoc jin\u00e9 fyzick\u00e9 osoby. Domov se jim sna\u017e\u00ed umo\u017enit pro\u017eit\u00ed d\u016fstojn\u00e9ho zp\u016fsobu \u017eivota bl\u00edzk\u00e9ho \u017eivotu jejich vrstevn\u00edk\u016f s d\u016frazem na udr\u017een\u00ed a rozv\u00edjen\u00ed vztah\u016f s jejich rodinami, p\u0159\u00edbuzn\u00fdmi a p\u0159\u00e1teli s podporou vlastn\u00edho rozhodov\u00e1n\u00ed u\u017eivatele. Prost\u0159ednictv\u00edm skupinov\u00e9 \u010di individu\u00e1ln\u00ed podpory v z\u00e1jmov\u00fdch aktivit\u00e1ch, rozvojem samostatnosti \u010di udr\u017eov\u00e1n\u00edm st\u00e1vaj\u00edc\u00ed \u00farovn\u011b v oblasti hygienick\u00fdch, pracovn\u00edch a soci\u00e1ln\u00edch kompetenc\u00ed se za\u0159\u00edzen\u00ed sna\u017e\u00ed o integraci u\u017eivatel\u016f do b\u011b\u017en\u00e9 spole\u010dnosti (obchod, slu\u017eby, kostel, kulturn\u00ed akce v bl\u00edzk\u00e9m m\u011bst\u011b atd.) Zdroj: domov-nalzovice.cz<\/p>\n<p>MARK\u00c9TA JANKOVSK\u00c1<br \/>\nP\u0159\u00edbramsk\u00fd den\u00edk<br \/>\n<a href=\"http:\/\/www.pribramsky.denik.cz\/\">http:\/\/www.pribramsky.denik.cz\/<\/a><\/p>\n","protected":false},"excerpt":{"rendered":"<div class=\"mh-excerpt\"><p>Prostory budovy s modrou fas\u00e1dou v Brance mezi Pra\u017eskou a Dlouhou ulic\u00ed v P\u0159\u00edbrami jsou v \u00fater\u00fd dopoledne pln\u00e9 lid\u00ed. Kolem velk\u00e9ho stolu uprost\u0159ed jedn\u00e9 <a class=\"mh-excerpt-more\" href=\"https:\/\/www.invarena.cz\/?p=20377\" title=\"Soci\u00e1ln\u011b terapeutick\u00e9 d\u00edlny maj\u00ed na posti\u017een\u00e9 klienty dobr\u00fd vliv\">[&#8230;]<\/a><\/p>\n<\/div>","protected":false},"author":1,"featured_media":1171,"comment_status":"open","ping_status":"closed","sticky":false,"template":"","format":"standard","meta":{"footnotes":""},"categories":[9],"tags":[],"class_list":["post-20377","post","type-post","status-publish","format-standard","has-post-thumbnail","hentry","category-zpravy"],"_links":{"self":[{"href":"https:\/\/www.invarena.cz\/index.php?rest_route=\/wp\/v2\/posts\/20377","targetHints":{"allow":["GET"]}}],"collection":[{"href":"https:\/\/www.invarena.cz\/index.php?rest_route=\/wp\/v2\/posts"}],"about":[{"href":"https:\/\/www.invarena.cz\/index.php?rest_route=\/wp\/v2\/types\/post"}],"author":[{"embeddable":true,"href":"https:\/\/www.invarena.cz\/index.php?rest_route=\/wp\/v2\/users\/1"}],"replies":[{"embeddable":true,"href":"https:\/\/www.invarena.cz\/index.php?rest_route=%2Fwp%2Fv2%2Fcomments&post=20377"}],"version-history":[{"count":0,"href":"https:\/\/www.invarena.cz\/index.php?rest_route=\/wp\/v2\/posts\/20377\/revisions"}],"wp:featuredmedia":[{"embeddable":true,"href":"https:\/\/www.invarena.cz\/index.php?rest_route=\/wp\/v2\/media\/1171"}],"wp:attachment":[{"href":"https:\/\/www.invarena.cz\/index.php?rest_route=%2Fwp%2Fv2%2Fmedia&parent=20377"}],"wp:term":[{"taxonomy":"category","embeddable":true,"href":"https:\/\/www.invarena.cz\/index.php?rest_route=%2Fwp%2Fv2%2Fcategories&post=20377"},{"taxonomy":"post_tag","embeddable":true,"href":"https:\/\/www.invarena.cz\/index.php?rest_route=%2Fwp%2Fv2%2Ftags&post=20377"}],"curies":[{"name":"wp","href":"https:\/\/api.w.org\/{rel}","templated":true}]}}