{"id":20382,"date":"2015-03-12T14:24:09","date_gmt":"2015-03-12T13:24:09","guid":{"rendered":"http:\/\/www.invarena.cz\/?p=20382"},"modified":"2015-03-12T14:24:09","modified_gmt":"2015-03-12T13:24:09","slug":"nebyt-koni-byl-by-uz-ze-mne-lezak-rika-zavodnice-v-paradrezure","status":"publish","type":"post","link":"https:\/\/www.invarena.cz\/?p=20382","title":{"rendered":"Neb\u00fdt kon\u00ed, byl by u\u017e ze mne le\u017e\u00e1k, \u0159\u00edk\u00e1 z\u00e1vodnice v paradrezu\u0159e"},"content":{"rendered":"<p><strong>L\u00e9ka\u0159i d\u00e1vali Kate\u0159in\u011b Lesov\u00e9 dva roky \u017eivota. V sedmi letech u n\u00ed zjistili vz\u00e1cn\u00fd zhoubn\u00fd n\u00e1dor kostern\u00edho svalu, kter\u00fd se j\u00ed objevil na p\u00e1nevn\u00ed kosti. Prod\u011blala \u0159adu operac\u00ed a silnou chemo-radioterapii. L\u00e9\u010dba zabrala, ale p\u0159inesla \u0159adu komplikac\u00ed a bolesti p\u0159i ka\u017ed\u00e9m pohybu. Dnes je j\u00ed 33 let. Pohybuje se o francouzsk\u00fdch hol\u00edch a na voz\u00edku. To j\u00ed ale nebr\u00e1n\u00ed jezdit na koni.<\/strong><!--more--><\/p>\n<p>Je jedn\u00edm z deseti \u010desk\u00fdch jezdc\u016f takzvan\u00e9 paradrezury. M\u00e1 za sebou prvn\u00ed \u00fasp\u011bchy a velk\u00e9 ambice.<\/p>\n<p>&#8222;Kdybych netr\u00e9novala, byl by u\u017e ze mne le\u017e\u00e1k,&#8220; \u0159\u00edk\u00e1 Kate\u0159ina Lesov\u00e1, kter\u00e1 je v pln\u00e9m invalidn\u00edm d\u016fchodu. M\u00e1 \u010d\u00e1ste\u010dn\u011b nehybnou levou nohu, trp\u00ed osteopor\u00f3zou, artr\u00f3zou, skoli\u00f3zou a spondyl\u00f3zou p\u00e1te\u0159e, m\u00e1 funk\u010dn\u00ed jen jednu ledvinu a v d\u016fsledku radioterapie po\u0161kozen\u00e1 st\u0159eva. Podle l\u00e9ka\u0159\u016f j\u00ed hroz\u00ed v brzk\u00e9 dob\u011b \u00fapln\u00e1 imobilita.<\/p>\n<p>Jezdit na koni byl jej\u00ed sen, poprv\u00e9 se na n\u011bm povozila v sedmi letech. P\u0159es sv\u016fj handicap absolvovala dva roky jezdeck\u00e9 \u0161koly v Krom\u011b\u0159\u00ed\u017ei. Pak se u\u010dila hlavn\u011b sama. Dnes je \u010dlenkou Jezdeck\u00e9ho klubu Rozvod\u00ed v Ostrav\u011b-Hrabov\u00e9 a pod veden\u00edm Petry Balnarov\u00e9 t\u00e9m\u011b\u0159 denn\u011b tr\u00e9nuje. &#8222;Chci uk\u00e1zat, \u017ee i kdy\u017e nem\u016f\u017eete moc chodit, neznamen\u00e1 to, \u017ee nem\u016f\u017eete jezdit na koni. Odm\u00edt\u00e1m \u017e\u00edt jen proto, abych zaplatila bydlen\u00ed, l\u00e9ky a nejnutn\u011bj\u0161\u00ed \u017eivotn\u00ed pot\u0159eby,&#8220; \u0159\u00edk\u00e1 mlad\u00e1 \u017eena. Z\u00e1vod\u00ed dva roky a lo\u0148sk\u00e1 sezona, kterou absolvovala s klisnou Violou, pro ni byla \u00fasp\u011b\u0161n\u00e1. V lednu p\u0159evzala ocen\u011bn\u00ed \u010cesk\u00e9 jezdeck\u00e9 federace za 2. m\u00edsto v \u010cesk\u00e9m paradrezurn\u00edm poh\u00e1ru, co\u017e je seri\u00e1l p\u011bti z\u00e1vod\u016f v\u010detn\u011b mistrovstv\u00ed republiky.<\/p>\n<p>Kate\u0159inin\u00fdm \u0161t\u011bst\u00edm je pro\u017e\u00edvat soulad s kon\u011bm, na kter\u00e9m jede. A c\u00edlem je dostat se do reprezentace a na zahrani\u010dn\u00ed z\u00e1vody. Letos se o to pokus\u00ed s valachem Zifanem, kter\u00fd m\u00e1 za sebou dlouholetou drezurn\u00ed kari\u00e9ru. &#8222;Je to skv\u011bl\u00fd kon\u00edk, kter\u00fd m\u00e1 n\u00e1dhernou povahu. Jak se \u0159\u00edk\u00e1, ud\u011bl\u00e1 pro jezdce v\u0161e, co mu na o\u010d\u00edch vid\u00ed,&#8220; \u0159\u00edk\u00e1 Kate\u0159ina. Probl\u00e9mem je, \u017ee na z\u00e1vody nem\u00e1 dostatek pen\u011bz. Neobjede se bez sponzor\u016f, kte\u0159\u00ed se pro tento sport sh\u00e1n\u011bj\u00ed obt\u00ed\u017en\u011b.<\/p>\n<p>\u010ct24<\/p>\n","protected":false},"excerpt":{"rendered":"<div class=\"mh-excerpt\"><p>L\u00e9ka\u0159i d\u00e1vali Kate\u0159in\u011b Lesov\u00e9 dva roky \u017eivota. V sedmi letech u n\u00ed zjistili vz\u00e1cn\u00fd zhoubn\u00fd n\u00e1dor kostern\u00edho svalu, kter\u00fd se j\u00ed objevil na p\u00e1nevn\u00ed kosti. <a class=\"mh-excerpt-more\" href=\"https:\/\/www.invarena.cz\/?p=20382\" title=\"Neb\u00fdt kon\u00ed, byl by u\u017e ze mne le\u017e\u00e1k, \u0159\u00edk\u00e1 z\u00e1vodnice v paradrezu\u0159e\">[&#8230;]<\/a><\/p>\n<\/div>","protected":false},"author":1,"featured_media":18802,"comment_status":"open","ping_status":"closed","sticky":false,"template":"","format":"standard","meta":{"footnotes":""},"categories":[9],"tags":[],"class_list":["post-20382","post","type-post","status-publish","format-standard","has-post-thumbnail","hentry","category-zpravy"],"_links":{"self":[{"href":"https:\/\/www.invarena.cz\/index.php?rest_route=\/wp\/v2\/posts\/20382","targetHints":{"allow":["GET"]}}],"collection":[{"href":"https:\/\/www.invarena.cz\/index.php?rest_route=\/wp\/v2\/posts"}],"about":[{"href":"https:\/\/www.invarena.cz\/index.php?rest_route=\/wp\/v2\/types\/post"}],"author":[{"embeddable":true,"href":"https:\/\/www.invarena.cz\/index.php?rest_route=\/wp\/v2\/users\/1"}],"replies":[{"embeddable":true,"href":"https:\/\/www.invarena.cz\/index.php?rest_route=%2Fwp%2Fv2%2Fcomments&post=20382"}],"version-history":[{"count":0,"href":"https:\/\/www.invarena.cz\/index.php?rest_route=\/wp\/v2\/posts\/20382\/revisions"}],"wp:featuredmedia":[{"embeddable":true,"href":"https:\/\/www.invarena.cz\/index.php?rest_route=\/wp\/v2\/media\/18802"}],"wp:attachment":[{"href":"https:\/\/www.invarena.cz\/index.php?rest_route=%2Fwp%2Fv2%2Fmedia&parent=20382"}],"wp:term":[{"taxonomy":"category","embeddable":true,"href":"https:\/\/www.invarena.cz\/index.php?rest_route=%2Fwp%2Fv2%2Fcategories&post=20382"},{"taxonomy":"post_tag","embeddable":true,"href":"https:\/\/www.invarena.cz\/index.php?rest_route=%2Fwp%2Fv2%2Ftags&post=20382"}],"curies":[{"name":"wp","href":"https:\/\/api.w.org\/{rel}","templated":true}]}}