{"id":20386,"date":"2015-03-16T09:11:50","date_gmt":"2015-03-16T08:11:50","guid":{"rendered":"http:\/\/www.invarena.cz\/?p=20386"},"modified":"2015-03-16T09:11:50","modified_gmt":"2015-03-16T08:11:50","slug":"divaky-jednoho-sveta-zajimala-pece-o-seniory-a-socialni-sluzby","status":"publish","type":"post","link":"https:\/\/www.invarena.cz\/?p=20386","title":{"rendered":"Div\u00e1ky Jednoho sv\u011bta zaj\u00edmala p\u00e9\u010de o seniory a soci\u00e1ln\u00ed slu\u017eby"},"content":{"rendered":"<p><strong>V r\u00e1mci festivalu dokument\u00e1rn\u00edch film\u016f o lidsk\u00fdch pr\u00e1vech Jeden sv\u011bt, kter\u00fd ka\u017edoro\u010dn\u011b po\u0159\u00e1d\u00e1 humanit\u00e1rn\u00ed organizace \u010clov\u011bk v t\u00edsni, byl letos prom\u00edt\u00e1n i film Chmurn\u00e9 \u010dasy. Autobiografie re\u017eis\u00e9rky o tom, zda um\u00edstit svou matku do domova d\u016fchodc\u016f \u010di ne.<\/strong><br \/>\n<!--more-->ilustra\u010dn\u00ed fot: PhotoRack.net<br \/>\nV autobiografick\u00e9m vypr\u00e1v\u011bn\u00ed sama re\u017eis\u00e9rka filmu \u0159e\u0161\u00ed ot\u00e1zku, zda se m\u00e1 starat o t\u011b\u017ece nemocnou matku v Paraguayi i za cenu ztr\u00e1ty pr\u00e1ce a soukrom\u00e9ho \u017eivota ve \u0160v\u00fdcarsku, kde bydl\u00ed s p\u0159\u00edtelem. Krizov\u00e1 situace nast\u00e1v\u00e1 v moment\u011b, kdy ji\u017e sama nezvl\u00e1d\u00e1 finan\u010dn\u011b ani psychicky p\u00e9\u010di o matku a zva\u017euje jej\u00ed um\u00edst\u011bn\u00ed do domova d\u016fchodc\u016f.<\/p>\n<p>Film formou osobn\u00ed v\u00fdpov\u011bdi otev\u00edr\u00e1 ot\u00e1zku &#8211; do jak\u00e9 m\u00edry se m\u016f\u017ee \u010dlov\u011bk sna\u017eit starat o t\u011b\u017ece nemocn\u00e9ho p\u0159\u00edbuzn\u00e9ho, ani\u017e by to naru\u0161ilo jeho osobn\u00ed integritu a zdrav\u00ed. Zda nen\u00ed um\u00edst\u011bn\u00ed p\u0159\u00edbuzn\u00e9ho do domova d\u016fchodc\u016f z\u0159eknut\u00edm se zodpov\u011bdnosti a \u0159e\u0161\u00ed zde i t\u00e9ma mezigenera\u010dn\u00edho sou\u017eit\u00ed.<\/p>\n<p>Panelov\u00e9 diskuse n\u00e1sleduj\u00edc\u00ed po projekci se krom\u011b lid\u00ed z neziskov\u00fdch organizac\u00ed (Sue Ryder, Alzheimer Nada\u010dn\u00ed fond) \u00fa\u010dastnili i z\u00e1stupci Ministerstva pr\u00e1ce a soci\u00e1ln\u00edch v\u011bc\u00ed. N\u00e1m\u011bstkyn\u011b pro soci\u00e1ln\u00ed a rodinnou politiku Zuzana Jentschke St\u0151cklov\u00e1 podotkla, \u017ee film uk\u00e1zal, jak je problematika p\u00e9\u010de o seniory podobn\u00e1 na cel\u00e9m sv\u011bt\u011b.<\/p>\n<p>\u201eP\u00e9\u010de o v\u00e1\u017en\u011b nemocn\u00e9ho \u010dlena rodiny nebo seniora je p\u0159ev\u00e1\u017en\u011b z\u00e1le\u017eitost\u00ed \u017een, kter\u00e9 se v \u0159ad\u011b p\u0159\u00edpad\u016f je\u0161t\u011b mus\u00ed starat o sv\u00e9 nezaopat\u0159en\u00e9 d\u011bti a skloubit v\u0161e s prac\u00ed,\u201c \u0159\u00edk\u00e1 Zuzana Jentschke St\u0151cklov\u00e1.<\/p>\n<p>N\u00e1m\u011bstkyn\u011b p\u0159edstavila div\u00e1k\u016fm v r\u00e1mci diskuse nejen dlouhodob\u011bj\u0161\u00ed pl\u00e1ny ministerstva na zlep\u0161en\u00ed situace, ale i konkr\u00e9tn\u00ed kroky, kter\u00e9 ji\u017e nasm\u011brovaly pot\u0159ebn\u00e9 finance na vybudov\u00e1n\u00ed nov\u00fdch m\u00edst v domovech pro seniory, komunitn\u00ed p\u00e9\u010di v obc\u00edch nebo lep\u0161\u00ed dostupnost soci\u00e1ln\u00edch slu\u017eeb. Vysv\u011btlila mo\u017enosti vyu\u017eit\u00ed slu\u017eeb, mezi n\u011b\u017e pat\u0159\u00ed nap\u0159\u00edklad denn\u00ed stacion\u00e1\u0159e, odleh\u010dovac\u00ed slu\u017eby apod., kter\u00e9 umo\u017en\u00ed rodin\u00e1m p\u00e9\u010di o seniory v p\u0159irozen\u00e9m dom\u00e1c\u00edm prost\u0159ed\u00ed po co nejdel\u0161\u00ed dobu. Hovo\u0159ila i o z\u00e1m\u011bru zav\u00e9st takzvanou pe\u010dovatelskou dovolenou, kdy by si \u010dlov\u011bk pe\u010duj\u00edc\u00ed o sv\u00e9ho t\u011b\u017ece nemocn\u00e9ho bl\u00edzk\u00e9ho, mohl domluvit se sv\u00fdm zam\u011bstnavatelem kr\u00e1tkodob\u00e9 uvoln\u011bn\u00ed z pr\u00e1ce nebo na n\u011bjakou formu flexibiln\u00edho \u00favazku.<\/p>\n<p>\u201eLid\u00e9 se nesm\u00ed b\u00e1t vyu\u017e\u00edvat profesion\u00e1ln\u00ed soci\u00e1ln\u00ed slu\u017eby. Rozhodn\u011b by nem\u011bli situaci, kdy se nemohou nebo neum\u011bj\u00ed sami pln\u011b postarat o sv\u00e9ho p\u0159\u00edbuzn\u00e9ho, br\u00e1t jako svoje selh\u00e1n\u00ed,\u201c uvedl na z\u00e1v\u011br debaty \u0159editel odboru soci\u00e1ln\u00edch slu\u017eeb MPSV David Posp\u00ed\u0161il.<\/p>\n<p>Tiskov\u00e1 zpr\u00e1va MPSV<\/p>\n","protected":false},"excerpt":{"rendered":"<div class=\"mh-excerpt\"><p>V r\u00e1mci festivalu dokument\u00e1rn\u00edch film\u016f o lidsk\u00fdch pr\u00e1vech Jeden sv\u011bt, kter\u00fd ka\u017edoro\u010dn\u011b po\u0159\u00e1d\u00e1 humanit\u00e1rn\u00ed organizace \u010clov\u011bk v t\u00edsni, byl letos prom\u00edt\u00e1n i film Chmurn\u00e9 \u010dasy. <a class=\"mh-excerpt-more\" href=\"https:\/\/www.invarena.cz\/?p=20386\" title=\"Div\u00e1ky Jednoho sv\u011bta zaj\u00edmala p\u00e9\u010de o seniory a soci\u00e1ln\u00ed slu\u017eby\">[&#8230;]<\/a><\/p>\n<\/div>","protected":false},"author":1,"featured_media":14573,"comment_status":"open","ping_status":"closed","sticky":false,"template":"","format":"standard","meta":{"footnotes":""},"categories":[17,9],"tags":[],"class_list":["post-20386","post","type-post","status-publish","format-standard","has-post-thumbnail","hentry","category-kultura","category-zpravy"],"_links":{"self":[{"href":"https:\/\/www.invarena.cz\/index.php?rest_route=\/wp\/v2\/posts\/20386","targetHints":{"allow":["GET"]}}],"collection":[{"href":"https:\/\/www.invarena.cz\/index.php?rest_route=\/wp\/v2\/posts"}],"about":[{"href":"https:\/\/www.invarena.cz\/index.php?rest_route=\/wp\/v2\/types\/post"}],"author":[{"embeddable":true,"href":"https:\/\/www.invarena.cz\/index.php?rest_route=\/wp\/v2\/users\/1"}],"replies":[{"embeddable":true,"href":"https:\/\/www.invarena.cz\/index.php?rest_route=%2Fwp%2Fv2%2Fcomments&post=20386"}],"version-history":[{"count":0,"href":"https:\/\/www.invarena.cz\/index.php?rest_route=\/wp\/v2\/posts\/20386\/revisions"}],"wp:featuredmedia":[{"embeddable":true,"href":"https:\/\/www.invarena.cz\/index.php?rest_route=\/wp\/v2\/media\/14573"}],"wp:attachment":[{"href":"https:\/\/www.invarena.cz\/index.php?rest_route=%2Fwp%2Fv2%2Fmedia&parent=20386"}],"wp:term":[{"taxonomy":"category","embeddable":true,"href":"https:\/\/www.invarena.cz\/index.php?rest_route=%2Fwp%2Fv2%2Fcategories&post=20386"},{"taxonomy":"post_tag","embeddable":true,"href":"https:\/\/www.invarena.cz\/index.php?rest_route=%2Fwp%2Fv2%2Ftags&post=20386"}],"curies":[{"name":"wp","href":"https:\/\/api.w.org\/{rel}","templated":true}]}}