{"id":20391,"date":"2015-03-13T12:53:35","date_gmt":"2015-03-13T11:53:35","guid":{"rendered":"http:\/\/www.invarena.cz\/?p=20391"},"modified":"2015-03-13T12:53:35","modified_gmt":"2015-03-13T11:53:35","slug":"byvaly-starosta-pisku-nazval-psychiatricke-pacienty-problemovymi-obyvateli","status":"publish","type":"post","link":"https:\/\/www.invarena.cz\/?p=20391","title":{"rendered":"B\u00fdval\u00fd starosta P\u00edsku nazval psychiatrick\u00e9 pacienty probl\u00e9mov\u00fdmi obyvateli"},"content":{"rendered":"<p><strong>Soukrom\u00fd investor chce ch\u00e1traj\u00edc\u00ed budovu velitelstv\u00ed v \u017di\u017ekov\u00fdch kas\u00e1rn\u00e1ch v P\u00edsku p\u0159estav\u011bt na domov se zvl\u00e1\u0161tn\u00edm re\u017eimem pro seniory trp\u00edc\u00ed demencemi. N\u011bkte\u0159\u00ed zastupitel\u00e9 ale psychiatricky nemocn\u00e9 lidi v budov\u011b na okraji m\u011bsta necht\u011bj\u00ed.<\/strong><!--more--><\/p>\n<p>P\u00cdSEK \u0160estapades\u00e1tilet\u00fd Milan Princ je p\u00edseck\u00fd b\u00e1sn\u00edk a texta\u0159 \u017eij\u00edc\u00ed spo\u0159\u00e1dan\u00fdm \u017eivotem. P\u0159esto se v sou\u010dasn\u00e9 dob\u011b \u0159ad\u00ed k &#8222;probl\u00e9mov\u00fdm&#8220; obyvatel\u016fm P\u00edsku. Trp\u00ed toti\u017e psychiatrick\u00fdm onemocn\u011bn\u00edm, kter\u00e9 vy\u017eaduje pravidelnou hospitalizaci v psychiatrick\u00e9 l\u00e9\u010debn\u011b U Honz\u00ed\u010dka, kter\u00e1 stoj\u00ed v lese nad m\u011bstem.<\/p>\n<p>A pr\u00e1v\u011b kv\u016fli podobn\u011b nemocn\u00fdm lidem se strhla diskuse zastupitel\u016f p\u0159i projedn\u00e1v\u00e1n\u00ed z\u00e1m\u011bru prodeje velitelstv\u00ed v \u017di\u017ekov\u00fdch kas\u00e1rn\u00e1ch, kter\u00e9 pat\u0159\u00ed m\u011bstu.<\/p>\n<p>&#8222;Vyu\u017eit\u00ed budovy pro psychiatrick\u00e9 pacienty pova\u017euji za zcela nevhodn\u00e9. A to jak ve vztahu k pacient\u016fm, proto\u017ee je to prost\u0159ed\u00ed velmi nepodn\u011btn\u00e9, tak k obyvatel\u016fm, kte\u0159\u00ed v okol\u00ed bydl\u00ed. S\u00eddli\u0161t\u011b Porty\u010d je pom\u011brn\u011b probl\u00e9mov\u00e9 a st\u011bhov\u00e1n\u00ed dal\u0161\u00edch probl\u00e9mov\u00fdch obyvatel pova\u017euji za zcela nevhodn\u00e9,&#8220; \u0159ekl nap\u0159\u00edklad b\u00fdval\u00fd starosta P\u00edsku Ond\u0159ej Vesel\u00fd (\u010cSSD) na nab\u00eddku spole\u010dnosti RG Investment. Ta chce z ch\u00e1traj\u00edc\u00edho objektu postavit za\u0159\u00edzen\u00ed nazvan\u00e9 Domov se zvl\u00e1\u0161tn\u00edm re\u017eimem pro seniory.<\/p>\n<p>Stejn\u00fd postoj zaujal i Karel Vodi\u010dka z KS\u010cM. &#8222;Ubytov\u00e1n\u00ed n\u011bkolika set takov\u00fdch osob m\u016f\u017ee z\u00e1sadn\u011b ovlivnit \u017eivot lid\u00ed ve m\u011bst\u011b. J\u00e1 tu takovou slu\u017ebu m\u00edt nechci,&#8220; vyj\u00e1d\u0159il se Vodi\u010dka.<\/p>\n<p>Odhlasov\u00e1n byl nakonec z\u00e1m\u011br opakovan\u00e9ho prodeje velitelsk\u00e9 budovy s dopln\u011bn\u00edm usnesen\u00ed Ond\u0159eje Vesel\u00e9ho, \u017ee v budov\u011b nebude z\u0159\u00edzeno pobytov\u00e9 za\u0159\u00edzen\u00ed pro psychiatrick\u00e9 pacienty. Pro zvedlo ruku celkem 14 zastupitel\u016f z 25 p\u0159\u00edtomn\u00fdch. Krom\u011b \u010cSSD, komunist\u016f, Pir\u00e1ta Martina Bro\u017ee a Petra Hlad\u00edka z KDU-\u010cSL tak\u00e9 Marek And\u011bl a Josef Kecl\u00edk z hnut\u00ed ANO a Miroslav Janovsk\u00fd z hnut\u00ed Jiho\u010de\u0161i 2012. Praktiky hodn\u00e9 Kim \u010cong-una. Takov\u00fd p\u0159\u00edstup roz\u010d\u00edlil jin\u00e9 zastupitele. &#8222;Segregovat du\u0161evn\u011b handicapovan\u00e9 ve 21. stolet\u00ed snad m\u016f\u017ee myslet v\u00e1\u017en\u011b jen Kim \u010cong-un. Nep\u0159\u00e1l bych zastupitel\u016fm, aby byli jakoukoli chorobou, proti kter\u00e9 se negativn\u011b vymezili sv\u00fdm usnesen\u00edm, posti\u017eeni a po jejich vzoru vyst\u011bhov\u00e1ni z na\u0161eho katastru,&#8220; prohl\u00e1sil m\u00edstostarosta P\u00edsku Josef Knot (TOP 09).<\/p>\n<p>Ani Milan Princ vyhran\u011bn\u00ed v\u016f\u010di nemocn\u00fdm nerozum\u00ed. &#8222;Pat\u0159\u00edm te\u010f mezi ty, kte\u0159\u00ed na \u00fazem\u00ed P\u00edsku nemaj\u00ed co d\u011blat. Svou nemoc\u00ed jsem p\u0159itom omezen jen j\u00e1 s\u00e1m. Nepova\u017euji se za nebezpe\u010dn\u00e9ho \u0161\u00edlence,&#8220; popsal Princ.<\/p>\n<p>Pobytov\u00e9 psychiatrick\u00e9 za\u0159\u00edzen\u00ed odm\u00edtli i dva l\u00e9ka\u0159i z \u010cSSD, Karel Chytr\u00fd a Michal Turek. &#8222;Ot\u00e1zka psychiatrick\u00e9ho odd\u011blen\u00ed je diskutabiln\u00ed v tom smyslu, \u017ee za t\u00edmto v\u00fdrazem se skr\u00fdv\u00e1 v\u00edc typ\u016f psychiatrick\u00fdch onemocn\u011bn\u00ed. Na zastupitelstvu byla diskuse, pro\u010d by tam nemohli b\u00fdt senio\u0159i posti\u017een\u00ed Alzheimerovou chorobou nebo demenc\u00ed. O ty se ale nejednalo,&#8220; vysv\u011btloval prim\u00e1\u0159 Karel Chytr\u00fd.<\/p>\n<p>Jen\u017ee pr\u00e1v\u011b o tuto skupinu \u0161lo. Spole\u010dnost RG Investment dodala na m\u011bsto s p\u0159edstihem informace ke z\u0159\u00edzen\u00ed domu se zvl\u00e1\u0161tn\u00edm re\u017eimem pro seniory. V materi\u00e1lech pro zastupitele nechyb\u011bla informace, \u017ee prezentace spole\u010dnosti je k nahl\u00e9dnut\u00ed na odboru spr\u00e1vy majetku. Na zased\u00e1n\u00ed p\u0159i\u0161li i z\u00e1stupci investora, aby zodpov\u011bd\u011bli ot\u00e1zky a p\u0159edstavili z\u00e1m\u011br. Nikdo je ale neoslovil.<\/p>\n<p>Co tedy vlastn\u011b m\u00e1 ve velitelsk\u00e9 budov\u011b vzniknout? &#8222;Z\u00e1m\u011br je vybudovat v objektu d\u016fm se zvl\u00e1\u0161tn\u00edm re\u017eimem pro seniory. Jedn\u00e1 se o projekt zam\u011b\u0159en\u00fd na populaci star\u0161\u00ed 65 let, kter\u00e9 bude v na\u0161\u00ed spole\u010dnosti p\u0159ib\u00fdvat. Na trhu je mezera v p\u00e9\u010di o seniory s demencemi. Trp\u00ed jimi v\u011bt\u0161ina lid\u00ed v ur\u010dit\u00e9m pokro\u010dil\u00e9m v\u011bku. Nejsou zav\u0159eni v \u00fastavech, jsou doma nebo v domovink\u00e1ch. Nav\u00edc vytvo\u0159\u00edme 30 nov\u00fdch pracovn\u00edch m\u00edst,&#8220; vysv\u011btlil Ji\u0159\u00ed Reini\u0161, v\u00fdkonn\u00fd \u0159editel spole\u010dnosti RG Investment a sou\u010dasn\u011b statut\u00e1rn\u00ed \u0159editel P\u00edseck\u00e9 zdravotn\u00ed, kter\u00e1 provozuje psychiatrickou l\u00e9\u010debnu U Honz\u00ed\u010dka.<\/p>\n<p>Pacienti nejsou nebezpe\u010dn\u00ed a psychiatri\u010dt\u00ed pacienti stejn\u011b v \u017di\u017ekov\u00fdch kas\u00e1rn\u00e1ch budou. Vedlej\u0161\u00ed budova, kter\u00e1 nepat\u0159\u00ed m\u011bstu, bude slou\u017eit pacient\u016fm od Honz\u00ed\u010dka. Objekt v les\u00edch je v dezol\u00e1tn\u00edm stavu a nen\u00ed tu l\u00e9\u010debnu mo\u017en\u00e9 d\u00e1le provozovat. &#8222;Velitelsk\u00e1 budova se nach\u00e1z\u00ed p\u0159ed Psychiatrickou nemocnic\u00ed. Ta bude otev\u0159ena v druh\u00e9 \u010d\u00e1sti kv\u011btna. Chceme vyu\u017e\u00edt toho, \u017ee budovy jsou u sebe. V domov\u011b se zvl\u00e1\u0161tn\u00edm re\u017eimem vzniknou jedno, maxim\u00e1ln\u011b dvoul\u016f\u017ekov\u00e9 pokoje pro lidi trp\u00edc\u00ed sta\u0159eck\u00fdmi demencemi, kte\u0159\u00ed vy\u017eaduj\u00ed specifickou p\u00e9\u010di, v kombinaci s psychiatri\u00ed tak, abychom jim mohli nab\u00eddnout to, co standardn\u011b nemaj\u00ed v domovech d\u016fchodc\u016f. Uva\u017eovali jsme o stovce klient\u016f,&#8220; informoval Ji\u0159\u00ed Reini\u0161.<\/p>\n<p>Podle prim\u00e1\u0159ky l\u00e9\u010debny U Honz\u00ed\u010dka Evy Kadlecov\u00e9 jsou obavy z psychiatricky nemocn\u00fdch lid\u00ed lich\u00e9. &#8222;M\u00e1me dobrovoln\u011b hospitalizovan\u00e9 pacienty. V za\u0159\u00edzen\u00ed nem\u016f\u017eeme m\u00edt nikoho, kdo by ohro\u017eoval sebe nebo okol\u00ed. Star\u00e1me se o lidi \u00fazkostn\u00e9, depresivn\u00ed, kte\u0159\u00ed pro\u017eili n\u011bjak\u00e1 traumata. Osobnost maj\u00ed naru\u0161enou, ale nep\u00e1chaj\u00ed trestn\u00e9 \u010diny a neohro\u017euj\u00ed okol\u00ed,&#8220; upozornila Kadlecov\u00e1.<\/p>\n<p>Monika Filipov\u00e1, redaktorka MF DNES<\/p>\n<p>Mlad\u00e1 fronta DNES<\/p>\n","protected":false},"excerpt":{"rendered":"<div class=\"mh-excerpt\"><p>Soukrom\u00fd investor chce ch\u00e1traj\u00edc\u00ed budovu velitelstv\u00ed v \u017di\u017ekov\u00fdch kas\u00e1rn\u00e1ch v P\u00edsku p\u0159estav\u011bt na domov se zvl\u00e1\u0161tn\u00edm re\u017eimem pro seniory trp\u00edc\u00ed demencemi. N\u011bkte\u0159\u00ed zastupitel\u00e9 ale psychiatricky <a class=\"mh-excerpt-more\" href=\"https:\/\/www.invarena.cz\/?p=20391\" title=\"B\u00fdval\u00fd starosta P\u00edsku nazval psychiatrick\u00e9 pacienty probl\u00e9mov\u00fdmi obyvateli\">[&#8230;]<\/a><\/p>\n<\/div>","protected":false},"author":1,"featured_media":19373,"comment_status":"open","ping_status":"closed","sticky":false,"template":"","format":"standard","meta":{"footnotes":""},"categories":[9],"tags":[],"class_list":["post-20391","post","type-post","status-publish","format-standard","has-post-thumbnail","hentry","category-zpravy"],"_links":{"self":[{"href":"https:\/\/www.invarena.cz\/index.php?rest_route=\/wp\/v2\/posts\/20391","targetHints":{"allow":["GET"]}}],"collection":[{"href":"https:\/\/www.invarena.cz\/index.php?rest_route=\/wp\/v2\/posts"}],"about":[{"href":"https:\/\/www.invarena.cz\/index.php?rest_route=\/wp\/v2\/types\/post"}],"author":[{"embeddable":true,"href":"https:\/\/www.invarena.cz\/index.php?rest_route=\/wp\/v2\/users\/1"}],"replies":[{"embeddable":true,"href":"https:\/\/www.invarena.cz\/index.php?rest_route=%2Fwp%2Fv2%2Fcomments&post=20391"}],"version-history":[{"count":0,"href":"https:\/\/www.invarena.cz\/index.php?rest_route=\/wp\/v2\/posts\/20391\/revisions"}],"wp:featuredmedia":[{"embeddable":true,"href":"https:\/\/www.invarena.cz\/index.php?rest_route=\/wp\/v2\/media\/19373"}],"wp:attachment":[{"href":"https:\/\/www.invarena.cz\/index.php?rest_route=%2Fwp%2Fv2%2Fmedia&parent=20391"}],"wp:term":[{"taxonomy":"category","embeddable":true,"href":"https:\/\/www.invarena.cz\/index.php?rest_route=%2Fwp%2Fv2%2Fcategories&post=20391"},{"taxonomy":"post_tag","embeddable":true,"href":"https:\/\/www.invarena.cz\/index.php?rest_route=%2Fwp%2Fv2%2Ftags&post=20391"}],"curies":[{"name":"wp","href":"https:\/\/api.w.org\/{rel}","templated":true}]}}