{"id":20466,"date":"2015-03-18T16:35:11","date_gmt":"2015-03-18T15:35:11","guid":{"rendered":"http:\/\/www.invarena.cz\/?p=20466"},"modified":"2015-03-18T16:35:11","modified_gmt":"2015-03-18T15:35:11","slug":"5-pohledu-na-lidskou-dustojnost-mpsv-se-pripojilo-k-oslavam-svetoveho-dne-socialni-prace","status":"publish","type":"post","link":"https:\/\/www.invarena.cz\/?p=20466","title":{"rendered":"5 pohled\u016f na lidskou d\u016fstojnost. MPSV se p\u0159ipojilo k oslav\u00e1m Sv\u011btov\u00e9ho dne soci\u00e1ln\u00ed pr\u00e1ce"},"content":{"rendered":"<p><strong>Semin\u00e1\u0159em, kter\u00fd se konal v Lichten\u0161tejnsk\u00e9m pal\u00e1ci, si Ministerstvo pr\u00e1ce a soci\u00e1ln\u00edch v\u011bc\u00ed p\u0159ipomn\u011blo Sv\u011btov\u00fd den soci\u00e1ln\u00ed pr\u00e1ce, kter\u00fd letos p\u0159ipadl na 17. b\u0159ezna. Jak uvedla ministryn\u011b Michaela Marksov\u00e1, v novodob\u00e9 historii se MPSV k t\u00e9to celosv\u011btov\u00e9 oslav\u011b poprv\u00e9 ofici\u00e1ln\u011b p\u0159ihl\u00e1silo pr\u00e1v\u011b v leto\u0161n\u00edm roce. <\/strong><br \/>\n<!--more--><\/p>\n<p>\u201eChceme t\u00edm d\u00e1t najevo, \u017ee \u010cesk\u00e1 republika a ministerstvo, kter\u00e9 p\u0159\u00edmo ges\u010dn\u011b za\u0161ti\u0165uje v\u011bt\u0161inu \u010dinnost\u00ed soci\u00e1ln\u00edch pracovn\u00edk\u016f, se hl\u00e1s\u00ed k t\u00e9matu vyhl\u00e1\u0161en\u00e9mu Mezin\u00e1rodn\u00ed federac\u00ed soci\u00e1ln\u00edch pracovn\u00edk\u016f a p\u0159ipojuje se ke spole\u010denstv\u00ed soci\u00e1ln\u00edch pracovn\u00edk\u016f v zem\u00edch, kde m\u00e1 soci\u00e1ln\u00ed pr\u00e1ce dlouhodobou a nep\u0159eru\u0161enou tradici,\u201c uvedla ministryn\u011b Marksov\u00e1, kter\u00e1 semin\u00e1\u0159 s n\u00e1zvem 5 pohled\u016f na lidskou d\u016fstojnost zahajovala. <\/p>\n<p>\u201eJe d\u016fle\u017eit\u00e9, aby se k t\u00e9to ud\u00e1losti p\u0159ihl\u00e1silo, krom\u011b soci\u00e1ln\u00edch pracovn\u00edk\u016f a organizac\u00ed, kde soci\u00e1ln\u00ed pracovn\u00edci pracuj\u00ed, i MPSV, a napomohlo tak pozitivn\u011b podpo\u0159it vn\u00edm\u00e1n\u00ed role soci\u00e1ln\u00ed pr\u00e1ce ve spole\u010dnosti,\u201c dodala ministryn\u011b. <\/p>\n<p>T\u00e9ma leto\u0161n\u00edho Sv\u011btov\u00e9ho dne soci\u00e1ln\u00ed pr\u00e1ce zn\u00ed Podpora d\u016fstojnosti \u010dlov\u011bka a hodnota lidstv\u00ed a pr\u00e1v\u011b tomuto t\u00e9matu se v\u011bnoval semin\u00e1\u0159 v Lichten\u0161tejnsk\u00e9m pal\u00e1ci. Aktivn\u00edmi \u00fa\u010dastn\u00edky semin\u00e1\u0159e bylo p\u011bt odborn\u00edk\u016f \u2013 soci\u00e1ln\u00edch pracovn\u00edk\u016f, kte\u0159\u00ed v kontextu t\u00e9matu ochrany lidsk\u00e9 d\u016fstojnosti klient\u016f p\u0159edstavili konkr\u00e9tn\u00ed p\u0159\u00edklady dobr\u00e9 praxe, upozornili na rizikov\u00e9 situace v t\u011bchto p\u0159\u00edkladech a popsali roli soci\u00e1ln\u00edho pracovn\u00edka. <\/p>\n<p>Ministerstvo pr\u00e1ce a soci\u00e1ln\u00edch v\u011bc\u00ed je hlavn\u00edm gestorem soci\u00e1ln\u00ed pr\u00e1ce v \u010cesk\u00e9 republice a kvalitn\u00ed v\u00fdkon t\u00e9to profese pat\u0159\u00ed mezi kl\u00ed\u010dov\u00e9 faktory celkov\u00e9 kvality v aplikaci n\u00e1stroj\u016f soci\u00e1ln\u00ed politiky. Z\u00e1sadn\u00ed \u00falohou st\u00e1tu ve vztahu ke klient\u016fm je jejich ochrana p\u0159ed n\u00edzkou \u00farovn\u00ed soci\u00e1ln\u00ed pr\u00e1ce nebo p\u0159ed po\u0161kozen\u00edm nekvalifikovan\u00fdmi pracovn\u00edky. V novele z\u00e1kona o soci\u00e1ln\u00edch slu\u017eb\u00e1ch, kterou MPSV chyst\u00e1 a je\u017e by m\u011bla platit od 1. ledna 2017, bude mimo jin\u00e9 tak\u00e9 nutn\u00e9 stanovit minim\u00e1ln\u00ed standard pro odborn\u00fd person\u00e1l, zejm\u00e9na profes\u00ed soci\u00e1ln\u00edho pracovn\u00edka a pracovn\u00edka v soci\u00e1ln\u00edch slu\u017eb\u00e1ch. <\/p>\n<p>Mezin\u00e1rodn\u00ed federace soci\u00e1ln\u00edch pracovn\u00edk\u016f vyhl\u00e1sila Sv\u011btov\u00fd den soci\u00e1ln\u00ed pr\u00e1ce na t\u0159et\u00ed \u00fater\u00fd v b\u0159eznu poprv\u00e9 v roce 1983 za finan\u010dn\u00ed podpory organizac\u00ed Mezin\u00e1rodn\u00ed asociace \u0161kol soci\u00e1ln\u00ed pr\u00e1ce a OSN. Hlavn\u00edm c\u00edlem bylo informovat \u0161irokou ve\u0159ejnost o spole\u010densk\u00e9m v\u00fdznamu soci\u00e1ln\u00ed pr\u00e1ce a oslavit ji jako plnohodnotnou profesi.<\/p>\n<p>Petr Hab\u00e1\u0148<br \/>\ntiskov\u00fd mluv\u010d\u00ed MPSV<\/p>\n","protected":false},"excerpt":{"rendered":"<div class=\"mh-excerpt\"><p>Semin\u00e1\u0159em, kter\u00fd se konal v Lichten\u0161tejnsk\u00e9m pal\u00e1ci, si Ministerstvo pr\u00e1ce a soci\u00e1ln\u00edch v\u011bc\u00ed p\u0159ipomn\u011blo Sv\u011btov\u00fd den soci\u00e1ln\u00ed pr\u00e1ce, kter\u00fd letos p\u0159ipadl na 17. b\u0159ezna. Jak <a class=\"mh-excerpt-more\" href=\"https:\/\/www.invarena.cz\/?p=20466\" title=\"5 pohled\u016f na lidskou d\u016fstojnost. MPSV se p\u0159ipojilo k oslav\u00e1m Sv\u011btov\u00e9ho dne soci\u00e1ln\u00ed pr\u00e1ce\">[&#8230;]<\/a><\/p>\n<\/div>","protected":false},"author":1,"featured_media":3499,"comment_status":"open","ping_status":"closed","sticky":false,"template":"","format":"standard","meta":{"footnotes":""},"categories":[7],"tags":[],"class_list":["post-20466","post","type-post","status-publish","format-standard","has-post-thumbnail","hentry","category-spolecnost"],"_links":{"self":[{"href":"https:\/\/www.invarena.cz\/index.php?rest_route=\/wp\/v2\/posts\/20466","targetHints":{"allow":["GET"]}}],"collection":[{"href":"https:\/\/www.invarena.cz\/index.php?rest_route=\/wp\/v2\/posts"}],"about":[{"href":"https:\/\/www.invarena.cz\/index.php?rest_route=\/wp\/v2\/types\/post"}],"author":[{"embeddable":true,"href":"https:\/\/www.invarena.cz\/index.php?rest_route=\/wp\/v2\/users\/1"}],"replies":[{"embeddable":true,"href":"https:\/\/www.invarena.cz\/index.php?rest_route=%2Fwp%2Fv2%2Fcomments&post=20466"}],"version-history":[{"count":0,"href":"https:\/\/www.invarena.cz\/index.php?rest_route=\/wp\/v2\/posts\/20466\/revisions"}],"wp:featuredmedia":[{"embeddable":true,"href":"https:\/\/www.invarena.cz\/index.php?rest_route=\/wp\/v2\/media\/3499"}],"wp:attachment":[{"href":"https:\/\/www.invarena.cz\/index.php?rest_route=%2Fwp%2Fv2%2Fmedia&parent=20466"}],"wp:term":[{"taxonomy":"category","embeddable":true,"href":"https:\/\/www.invarena.cz\/index.php?rest_route=%2Fwp%2Fv2%2Fcategories&post=20466"},{"taxonomy":"post_tag","embeddable":true,"href":"https:\/\/www.invarena.cz\/index.php?rest_route=%2Fwp%2Fv2%2Ftags&post=20466"}],"curies":[{"name":"wp","href":"https:\/\/api.w.org\/{rel}","templated":true}]}}