{"id":20467,"date":"2015-03-18T23:34:51","date_gmt":"2015-03-18T22:34:51","guid":{"rendered":"http:\/\/www.invarena.cz\/?p=20467"},"modified":"2015-03-18T23:34:51","modified_gmt":"2015-03-18T22:34:51","slug":"neregistrovane-socialni-sluzby","status":"publish","type":"post","link":"https:\/\/www.invarena.cz\/?p=20467","title":{"rendered":"Neregistrovan\u00e9 soci\u00e1ln\u00ed slu\u017eby"},"content":{"rendered":"<p><strong>V \u010cesku se rozm\u00e1haj\u00ed neregistrovan\u00e9 soci\u00e1ln\u00ed slu\u017eby, kter\u00e9 vyd\u011bl\u00e1vaj\u00ed hlavn\u011b na p\u00e9\u010di o star\u00e9 a nemocn\u00e9 lidi. M\u011bsta, obce i kraje proto volaj\u00ed po p\u0159\u00edsn\u011bj\u0161\u00edch pravidlech. \u00da\u0159ady by podle nich m\u011bly m\u00edt nad poskytovan\u00fdmi slu\u017ebami v\u011bt\u0161\u00ed kontrolu.<\/strong><!--more--><\/p>\n<p>\u010cesk\u00e1 televize<\/p>\n<p>Pan\u00ed Pavl\u00edna hledala nejlep\u0161\u00ed p\u00e9\u010di pro sv\u00e9ho otce. Ze soukrom\u00e9ho domova pro seniory ho nakonec musela p\u0159est\u011bhovat do za\u0159\u00edzen\u00ed m\u011bsta.<\/p>\n<p>Pavl\u00edna, dcera ubytovan\u00e9ho seniora:Jsme nebyli \u00fapln\u011b spokojeni ne snad s p\u00e9\u010d\u00ed, ale s ubytovac\u00edmi podm\u00ednkami.<\/p>\n<p>Jen v Pardubick\u00e9m kraji je kolem 3 tis\u00edc l\u016f\u017eek pro seniory, z toho 700 pat\u0159\u00ed nest\u00e1tn\u00edm organizac\u00edm. Pro soci\u00e1ln\u00ed slu\u017eby maj\u00ed povolen\u00ed. Nar\u016fst\u00e1 ale po\u010det i neregistrovan\u00fdch soukrom\u00fdch domov\u016f.<\/p>\n<p>Pavel \u0160OTOLA, radn\u00ed Pardubick\u00e9ho kraje \/Koalice pro Pardubick\u00fd kraj\/: J\u00edt na kontrolu t\u011bchto neregistrovan\u00fdch za\u0159\u00edzen\u00ed je velk\u00fdm probl\u00e9mem, proto\u017ee n\u00e1m to do t\u00e9 na\u0161\u00ed gesce nep\u0159\u00edslu\u0161\u00ed.<\/p>\n<p>Helena ZAH\u00c1LKOV\u00c1, vedouc\u00ed odboru soc. v\u011bc\u00ed, K\u00da Pardubick\u00e9ho kraje:  Nem\u011bli bychom dopustit, aby ze senior\u016f si n\u011bkdo d\u011blal v podstat\u011b byznys.<\/p>\n<p>Podobn\u011b to vid\u00ed \u00fa\u0159edn\u00edci v Chrudimi. S majiteli soukrom\u00fdch domov\u016f pro seniory se zat\u00edm sna\u017e\u00ed domluvit.<\/p>\n<p>Radka POCHOBRADSK\u00c1, vedouc\u00ed odboru soc. v\u011bc\u00ed, M\u011b\u00da Chrudim: Nem\u016f\u017eu \u0159\u00edct, \u017ee by zat\u00edm ti, kte\u0159\u00ed ten d\u016fm maj\u00ed, tak vlastn\u011b by s n\u00e1ma nekomunikovali.<\/p>\n<p>Na tomto m\u00edst\u011b v Chrudimi u\u017e brzy vyroste zat\u00edm nejmodern\u011bj\u0161\u00ed domov pro seniory. Rakousk\u00fd investor se netaj\u00ed t\u00edm, \u017ee p\u016fjde o nadstandard. Spolupracuje s m\u00edstn\u00edm developerem.<\/p>\n<p>Milan KU\u0160TA, \u0159editel, Fabellam health care:  Dneska v t\u011bch b\u011b\u017en\u00fdch za\u0159\u00edzen\u00edch, kter\u00fd n\u011bkdy vykazujou velmi mizernej standard, ty doplatky jsou stejn\u011b kolem 10 tis\u00edc. Jestli tady ten doplatek bude 20 tis\u00edc nebo 30 tis\u00edc, tak j\u00e1 si mysl\u00edm, \u017ee si to svoji klientelu v\u017edycky najde.<\/p>\n<p>Domovy pro seniory z\u0159izovan\u00e9 m\u011bsty a krajem teprve \u010dekaj\u00ed, jestli kv\u016fli rostouc\u00edmu po\u010dtu soukrom\u00fdch podnik\u016f p\u0159ijdou o klienty.<\/p>\n<p>Luk\u00e1\u0161 HOLE\u010cEK, ved. Domova pro seniory u Kostel\u00ed\u010dka, Pardubice:Zat\u00edm vznikem n\u011bjak\u00fdch soukrom\u00fdch subjekt\u016f jsme odliv \u017eadatel\u016f nezaznamenali.<\/p>\n<p>Konkurence je \u010d\u00edm d\u00e1l v\u011bt\u0161\u00ed. U\u017e samotn\u00e1 registrace soci\u00e1ln\u00edch slu\u017eeb m\u016f\u017ee b\u00fdt podle \u00fa\u0159edn\u00edk\u016f jistou z\u00e1rukou, \u017ee p\u00e9\u010de o seniory bude pod pr\u016fb\u011b\u017enou kontrolou. <\/p>\n<p>moder\u00e1tor: <strong>ve studiu te\u010f v\u00edt\u00e1m \u0159editele odboru soci\u00e1ln\u00edch slu\u017eeb ministerstva pr\u00e1ce a soci\u00e1ln\u00edch v\u011bc\u00ed, Davida Posp\u00ed\u0161ila.<br \/>\nJak se vlastn\u011b kontroluj\u00ed podm\u00ednky v domovech pro seniory? Kdo ty kontroly prov\u00e1d\u00ed a jak \u010dasto?<\/strong><\/p>\n<p>David POSP\u00cd\u0160IL:<br \/>\nm\u00e1me v \u010cesk\u00e9 republice dva typy kontrol. Jedna kontrola se t\u00fdk\u00e1 pr\u00e1v\u011b t\u011bch registra\u010dn\u00edch podm\u00ednek, kter\u00e9 by m\u011bly zaru\u010dovat tu z\u00e1kladn\u00ed kvalitu soci\u00e1ln\u00edch slu\u017eeb a tu prov\u00e1d\u00ed krajsk\u00fd \u00fa\u0159ad. A potom druh\u00e1 oblast kontroly, a to je oblast kontroly kvality soci\u00e1ln\u00edch slu\u017eeb a tu nyn\u00ed prov\u00e1d\u00ed ministerstvo pr\u00e1ce a soci\u00e1ln\u00edch v\u011bc\u00ed skrze inspektory kvality.<\/p>\n<p><strong>Kdy\u017e se kontroluje ta kvalita jako takov\u00e1, tak ty kontroly prob\u00edhaj\u00ed v praxi jak? Ty domovy pro seniory p\u0159edem v\u011bd\u00ed, \u017ee ta kontrola p\u0159ijde, je to nam\u00e1tkov\u00e1 kontrola, jak to vlastn\u011b vypad\u00e1?<\/strong><\/p>\n<p>POSP\u00cd\u0160IL,:<br \/>\nM\u016f\u017eou to b\u00fdt r\u016fzn\u00e9 kontroly. V minulosti byly nej\u010dast\u011bj\u0161\u00ed typy kontrol p\u0159edem ohl\u00e1\u0161en\u00e9. A nyn\u00ed se chceme pr\u00e1v\u011b zam\u011b\u0159it na ty neohl\u00e1\u0161en\u00e9 typy kontrol. Pak jsou samoz\u0159ejm\u011b i kontroly takzvan\u011b na ud\u00e1n\u00ed, ze stran klient\u016f nebo ob\u010dan\u016f, kdy\u017e zjist\u00ed, \u017ee ta soci\u00e1ln\u00ed slu\u017eba je n\u011bjak\u00fdm zp\u016fsobem nekvalitn\u00ed. Tam se samoz\u0159ejm\u011b potom jede ihned a pak jsou pr\u00e1v\u011b ty pl\u00e1novan\u00e9 kontroly, kter\u00e9 se pl\u00e1nuj\u00ed t\u0159eba rok dop\u0159edu.<\/p>\n<p><strong>:Schv\u00e1ln\u011b jsem se na to ptal, mysl\u00edte si, \u017ee je takov\u00e9 ty p\u0159edem ohl\u00e1\u0161en\u00e9 kontroly maj\u00ed v\u016fbec v\u00fdznam? Proto\u017ee ten, ten \u00fastav se samoz\u0159ejm\u011b p\u0159iprav\u00ed na takovou kontrolu.<\/strong><\/p>\n<p> POSP\u00cd\u0160IL,:<br \/>\nTo m\u00e1te pravdu a pr\u00e1v\u011b proto bychom cht\u011bli ten syst\u00e9m kontrol zm\u011bnit. Ono v t\u00e9 p\u0159ede\u0161l\u00e9 dob\u011b to bylo v gesci \u00fa\u0159adu pr\u00e1ce a od 1. ledna tohoto roku pr\u00e1v\u011b ta inspekce spadla pod ministerstvo pr\u00e1ce, kde chceme tenhle ten zp\u016fsob kontrol zm\u011bnit.<\/p>\n<p><strong>:V report\u00e1\u017ei jsme vid\u011bli, \u017ee se z toho st\u00e1v\u00e1 celkem v\u00fdnosn\u00fd byznys. \u017de i zahrani\u010dn\u00ed investo\u0159i se orientuj\u00ed tady na \u010desk\u00fd trh. D\u00e1 se tomu v\u016fbec zabr\u00e1nit, aby se z toho stal ten v\u00fdnosn\u00fd byznys, jak u\u017e jsem \u0159ekl?<\/strong><\/p>\n<p> POSP\u00cd\u0160IL,:<br \/>\nMy se sna\u017e\u00edme zabr\u00e1nit pr\u00e1v\u011b tomuto byznysu nebo obchodu s chudobou pr\u00e1v\u011b zp\u0159\u00edsn\u011bn\u00edm t\u011bch registra\u010dn\u00edch podm\u00ednek a zam\u011b\u0159en\u00edm se pr\u00e1v\u011b na ty neregistrovan\u00e9 soci\u00e1ln\u00ed slu\u017eby, proto\u017ee ty registrovan\u00e9 soci\u00e1ln\u00ed slu\u017eby chr\u00e1n\u00ed toho klienta v tom, \u017ee mu mus\u00ed ponechat minim\u00e1ln\u011b 15 % z jeho p\u0159\u00edjm\u016f a to se u t\u011bch neregistrovan\u00fdch slu\u017eeb ned\u011bje.<\/p>\n<p>:<br \/>\n<strong>U t\u011bch registrovan\u00fdch, tam celkem je jasn\u00fd ten princip, ale co u t\u011bch neregistrovan\u00fdch, jak vlastn\u011b, jak je v\u016fbec mo\u017en\u00e9, \u017ee funguj\u00ed neregistrovan\u00e9 slu\u017eby a jak \u010dasto kontrolujete pr\u00e1v\u011b tyto za\u0159\u00edzen\u00ed?<\/strong><\/p>\n<p>POSP\u00cd\u0160IL:<br \/>\nTy neregistrovan\u00e9 soci\u00e1ln\u00ed slu\u017eby kontroluje krajsk\u00fd \u00fa\u0159ad. Tam my gesci m\u00e1me minim\u00e1ln\u00ed. Nicm\u00e9n\u011b p\u0159ipravujeme novelu z\u00e1kona o soci\u00e1ln\u00edch slu\u017eb\u00e1ch, kde chceme nejenom zp\u0159\u00edsnit ty sank\u010dn\u00ed mechanismy. Ono prvn\u00ed zp\u0159\u00edsn\u011bn\u00ed u\u017e p\u0159i\u0161lo lednem roku 201, kde se spr\u00e1vn\u00ed pokuta zv\u00fd\u0161ila z 250 tis\u00edc a\u017e na 1 milion korun. Nicm\u00e9n\u011b v t\u00e9 novele, kterou te\u010fkon p\u0159ipravujeme, chceme zjasnit a zp\u0159ehlednit jednotliv\u00e9 kompetence krajsk\u00fdch \u00fa\u0159ad\u016f a je\u0161t\u011b dal\u0161\u00edch org\u00e1n\u016f. A na tu posledn\u00ed ot\u00e1zku, na kterou jste se ptal, oni funguj\u00ed na z\u00e1klad\u011b \u017eivnostensk\u00e9ho z\u00e1kona. \u017divnostensk\u00e9ho opr\u00e1vn\u011bn\u00ed a tam je pot\u0159eba zm\u011bnit i ten postup v\u016f\u010di \u017eivnostensk\u00e9mu z\u00e1konu tak, aby se zabr\u00e1nilo tomu obch\u00e1zen\u00ed z\u00e1kona o soci\u00e1ln\u00edch slu\u017eb\u00e1ch.<\/p>\n<p>moder\u00e1tor:<br \/>\nD\u00edky a p\u0159eji hezk\u00fd ve\u010der.<\/p>\n<p>Ud\u00e1losti v regionech<\/p>\n","protected":false},"excerpt":{"rendered":"<div class=\"mh-excerpt\"><p>V \u010cesku se rozm\u00e1haj\u00ed neregistrovan\u00e9 soci\u00e1ln\u00ed slu\u017eby, kter\u00e9 vyd\u011bl\u00e1vaj\u00ed hlavn\u011b na p\u00e9\u010di o star\u00e9 a nemocn\u00e9 lidi. M\u011bsta, obce i kraje proto volaj\u00ed po p\u0159\u00edsn\u011bj\u0161\u00edch <a class=\"mh-excerpt-more\" href=\"https:\/\/www.invarena.cz\/?p=20467\" title=\"Neregistrovan\u00e9 soci\u00e1ln\u00ed slu\u017eby\">[&#8230;]<\/a><\/p>\n<\/div>","protected":false},"author":1,"featured_media":12118,"comment_status":"open","ping_status":"closed","sticky":false,"template":"","format":"standard","meta":{"footnotes":""},"categories":[9],"tags":[],"class_list":["post-20467","post","type-post","status-publish","format-standard","has-post-thumbnail","hentry","category-zpravy"],"_links":{"self":[{"href":"https:\/\/www.invarena.cz\/index.php?rest_route=\/wp\/v2\/posts\/20467","targetHints":{"allow":["GET"]}}],"collection":[{"href":"https:\/\/www.invarena.cz\/index.php?rest_route=\/wp\/v2\/posts"}],"about":[{"href":"https:\/\/www.invarena.cz\/index.php?rest_route=\/wp\/v2\/types\/post"}],"author":[{"embeddable":true,"href":"https:\/\/www.invarena.cz\/index.php?rest_route=\/wp\/v2\/users\/1"}],"replies":[{"embeddable":true,"href":"https:\/\/www.invarena.cz\/index.php?rest_route=%2Fwp%2Fv2%2Fcomments&post=20467"}],"version-history":[{"count":0,"href":"https:\/\/www.invarena.cz\/index.php?rest_route=\/wp\/v2\/posts\/20467\/revisions"}],"wp:featuredmedia":[{"embeddable":true,"href":"https:\/\/www.invarena.cz\/index.php?rest_route=\/wp\/v2\/media\/12118"}],"wp:attachment":[{"href":"https:\/\/www.invarena.cz\/index.php?rest_route=%2Fwp%2Fv2%2Fmedia&parent=20467"}],"wp:term":[{"taxonomy":"category","embeddable":true,"href":"https:\/\/www.invarena.cz\/index.php?rest_route=%2Fwp%2Fv2%2Fcategories&post=20467"},{"taxonomy":"post_tag","embeddable":true,"href":"https:\/\/www.invarena.cz\/index.php?rest_route=%2Fwp%2Fv2%2Ftags&post=20467"}],"curies":[{"name":"wp","href":"https:\/\/api.w.org\/{rel}","templated":true}]}}