{"id":20473,"date":"2015-03-19T09:16:51","date_gmt":"2015-03-19T08:16:51","guid":{"rendered":"http:\/\/www.invarena.cz\/?p=20473"},"modified":"2015-03-19T09:16:51","modified_gmt":"2015-03-19T08:16:51","slug":"cesi-stale-mysli-malo-na-vcasny-zachyt-rakoviny-tlusteho-streva","status":"publish","type":"post","link":"https:\/\/www.invarena.cz\/?p=20473","title":{"rendered":"\u010ce\u0161i st\u00e1le mysl\u00ed m\u00e1lo na v\u010dasn\u00fd z\u00e1chyt rakoviny tlust\u00e9ho st\u0159eva"},"content":{"rendered":"<p><strong>P\u0159esto\u017ee \u010ce\u0161i a \u010ce\u0161ky pat\u0159\u00ed k sv\u011btov\u00fdm rekordman\u016fm ve v\u00fdskytu rakoviny tlust\u00e9ho st\u0159eva a kone\u010dn\u00edku, na jej\u00ed v\u010dasn\u00fd z\u00e1chyt st\u00e1le m\u00e1lo mysl\u00ed. \u010ctvrtina p\u0159ijde k l\u00e9ka\u0159i, a\u017e kdy\u017e se zhoubn\u00fd n\u00e1dor roz\u0161\u00ed\u0159\u00ed do cel\u00e9ho t\u011bla, \u0159ekla novin\u00e1\u0159\u016fm onkolo\u017eka Eva Sedl\u00e1\u010dkov\u00e1. <\/strong><!--more--><\/p>\n<p>Kampa\u0148 p\u0159i p\u0159\u00edle\u017eitosti 1. celosv\u011btov\u00e9ho dne pro pacienty s pokro\u010dil\u00fdm kolorekt\u00e1ln\u00edm karcinomem 24. b\u0159ezna upozorn\u00ed, \u017ee hned na po\u010d\u00e1tku by m\u011bl b\u00fdt proveden test, zda a jak\u00fd typ biologick\u00e9 l\u00e9\u010dby je pro nemocn\u00e9ho vhodn\u00fd.<br \/>\n    &#8222;V \u010cesku \u017eije p\u0159es 20.000 lid\u00ed s rakovinou tlust\u00e9ho st\u0159eva a kone\u010dn\u00edku, ro\u010dn\u011b jich na ni zem\u0159e p\u0159es 3500,&#8220; up\u0159esnila prim\u00e1\u0159ka onkologick\u00e9 kliniky 1. l\u00e9ka\u0159sk\u00e9 fakulty UK a V\u0161eobecn\u00e9 fakultn\u00ed nemocnice Sedl\u00e1\u010dkov\u00e1.<br \/>\n    Vzd\u00e1len\u00e9 metast\u00e1zy se objev\u00ed ve vy\u0161\u0161\u00edch stadi\u00edch nemoci a tak\u00e9 asi u p\u011btiny pacient\u016f po onkologick\u00e9 operaci. Letos by tak v \u010cesku mohlo b\u00fdt l\u00e9\u010deno 12.500 nemocn\u00fdch s metast\u00e1zami, v roce 2020 a\u017e 14.000. N\u00e1r\u016fst souvis\u00ed s t\u00edm, jak se modern\u00ed l\u00e9\u010dbou da\u0159\u00ed \u017eivot pacient\u016f prodlu\u017eovat.<br \/>\n    Sedl\u00e1\u010dkov\u00e1 uvedla, \u017ee p\u0159ed 36 lety, kdy\u017e v oboru za\u010d\u00ednala, tak v\u016fbec nel\u00e9\u010dili pacienty s jatern\u00edmi metast\u00e1zami, kter\u00e9 jsou jedny z nej\u010dast\u011bj\u0161\u00edch u tohoto typu rakoviny. &#8222;M\u011bli st\u0159edn\u00ed dobu \u017eivota \u0161est m\u011bs\u00edc\u016f. V pr\u016fb\u011bhu let, jak se p\u0159id\u00e1vala chemoterapie, kombinovan\u00e1 chemoterapie, nov\u00e1 cytostatika a biologick\u00e1 l\u00e9\u010dba proti speci\u00e1ln\u00edm receptor\u016fm v bu\u0148ce, prodlou\u017eila se st\u0159edn\u00ed doba p\u0159e\u017eit\u00ed pacient\u016f s metast\u00e1zami a\u017e na sou\u010dasn\u00fdch 30 m\u011bs\u00edc\u016f,&#8220; \u0159ekla.<br \/>\n    Speci\u00e1ln\u00ed testy genu RAS uk\u00e1\u017eou, zda je gen mutovan\u00fd nebo nemutovan\u00fd, neboli &#8222;divok\u00e9ho typu&#8220;. Podle toho l\u00e9ka\u0159 ur\u010d\u00ed, jak\u00fd typ biologick\u00e9 l\u00e9\u010dby bude u konkr\u00e9tn\u00edho pacienta nejl\u00e9pe \u00fa\u010dinkovat. Z\u00e1rove\u0148 nemus\u00ed vystavovat n\u00e1ro\u010dn\u00e9 l\u00e9\u010db\u011b pacienta, u kter\u00e9ho by nezafungovala.<br \/>\n    Biologickou l\u00e9\u010dbu pod\u00e1vaj\u00ed komplexn\u00ed onkologick\u00e1 centra. Tam podle prim\u00e1\u0159ky na test mysl\u00ed a nemocn\u00e9 vy\u0161et\u0159uj\u00ed. &#8222;Jde sp\u00ed\u0161e o men\u0161\u00ed pracovi\u0161t\u011b, okresn\u00ed, aby nemocn\u00ed tla\u010dili na sv\u00e9 onkologick\u00e9 l\u00e9ka\u0159e, aby doplnili toto vy\u0161et\u0159en\u00ed a sm\u011b\u0159ovali pacienty do center, kde mohou biologickou l\u00e9\u010dbu dostat,&#8220; shrnula. <\/p>\n","protected":false},"excerpt":{"rendered":"<div class=\"mh-excerpt\"><p>P\u0159esto\u017ee \u010ce\u0161i a \u010ce\u0161ky pat\u0159\u00ed k sv\u011btov\u00fdm rekordman\u016fm ve v\u00fdskytu rakoviny tlust\u00e9ho st\u0159eva a kone\u010dn\u00edku, na jej\u00ed v\u010dasn\u00fd z\u00e1chyt st\u00e1le m\u00e1lo mysl\u00ed. \u010ctvrtina p\u0159ijde k <a class=\"mh-excerpt-more\" href=\"https:\/\/www.invarena.cz\/?p=20473\" title=\"\u010ce\u0161i st\u00e1le mysl\u00ed m\u00e1lo na v\u010dasn\u00fd z\u00e1chyt rakoviny tlust\u00e9ho st\u0159eva\">[&#8230;]<\/a><\/p>\n<\/div>","protected":false},"author":1,"featured_media":0,"comment_status":"open","ping_status":"closed","sticky":false,"template":"","format":"standard","meta":{"footnotes":""},"categories":[9],"tags":[],"class_list":["post-20473","post","type-post","status-publish","format-standard","hentry","category-zpravy"],"_links":{"self":[{"href":"https:\/\/www.invarena.cz\/index.php?rest_route=\/wp\/v2\/posts\/20473","targetHints":{"allow":["GET"]}}],"collection":[{"href":"https:\/\/www.invarena.cz\/index.php?rest_route=\/wp\/v2\/posts"}],"about":[{"href":"https:\/\/www.invarena.cz\/index.php?rest_route=\/wp\/v2\/types\/post"}],"author":[{"embeddable":true,"href":"https:\/\/www.invarena.cz\/index.php?rest_route=\/wp\/v2\/users\/1"}],"replies":[{"embeddable":true,"href":"https:\/\/www.invarena.cz\/index.php?rest_route=%2Fwp%2Fv2%2Fcomments&post=20473"}],"version-history":[{"count":0,"href":"https:\/\/www.invarena.cz\/index.php?rest_route=\/wp\/v2\/posts\/20473\/revisions"}],"wp:attachment":[{"href":"https:\/\/www.invarena.cz\/index.php?rest_route=%2Fwp%2Fv2%2Fmedia&parent=20473"}],"wp:term":[{"taxonomy":"category","embeddable":true,"href":"https:\/\/www.invarena.cz\/index.php?rest_route=%2Fwp%2Fv2%2Fcategories&post=20473"},{"taxonomy":"post_tag","embeddable":true,"href":"https:\/\/www.invarena.cz\/index.php?rest_route=%2Fwp%2Fv2%2Ftags&post=20473"}],"curies":[{"name":"wp","href":"https:\/\/api.w.org\/{rel}","templated":true}]}}