{"id":20475,"date":"2015-03-18T20:48:26","date_gmt":"2015-03-18T19:48:26","guid":{"rendered":"http:\/\/www.invarena.cz\/?p=20475"},"modified":"2015-03-19T10:21:19","modified_gmt":"2015-03-19T09:21:19","slug":"startovaci-byty-v-pardubicich","status":"publish","type":"post","link":"https:\/\/www.invarena.cz\/?p=20475","title":{"rendered":"Pardubice nab\u00eddnou byty i posti\u017een\u00fdm"},"content":{"rendered":"<p><strong>Zv\u00fdhodn\u011bn\u00fd pron\u00e1jem byt\u016f pro mlad\u00e9 rodiny, lidi bez pr\u00e1ce nebo handicapovan\u00e9 chce zav\u00e9st pardubick\u00e1 radnice. Cenov\u011b dostupn\u00e9 bydlen\u00ed m\u00e1 mlad\u00e9 lidi motivovat k tomu, aby ve m\u011bst\u011b z\u016fstali natrvalo a v regionu si na\u0161li pr\u00e1ci.<\/strong><!--more--><\/p>\n<p>Jakub RYCHETSK\u00dd, n\u00e1m\u011bstek prim\u00e1tora Pardubic \/\u010cSSD\/: Jestli\u017ee m\u00e1me 233 voln\u00fdch byt\u016f, kter\u00fd dlouhodob\u011b jsou nevyu\u017e\u00edvan\u00fd, a p\u0159esto n\u00e1s stoj\u00ed n\u011bjak\u00e9 n\u00e1klady, tak budeme hledat cestu n\u011bjak\u00e9ho zv\u00fdhodn\u011bn\u00e9ho n\u00e1jemn\u00e9ho.<\/p>\n<p>Vybran\u00e9 byty vy\u017eaduj\u00ed rekonstrukci. Krom\u011b vlastn\u00edch pen\u011bz chce m\u011bsto vyu\u017e\u00edt i dotace.<\/p>\n<p>Helena DVO\u0158\u00c1\u010cKOV\u00c1, n\u00e1m\u011bstkyn\u011b prim\u00e1tora Pardubic \/ANO\/:M\u00e1me zku\u0161ebn\u00ed vzorek prvn\u00edch 10 byt\u016f, kter\u00e9 bychom mohli pou\u017e\u00edt pr\u00e1v\u011b na tenhle \u00fa\u010del.<\/p>\n<p>Se startovac\u00edmi byty maj\u00ed zku\u0161enosti i v sousedn\u00ed Chrudimi. 11 jich u\u017e d\u0159\u00edv vzniklo v Rooseveltov\u011b ulici. M\u011bsto v tuto chv\u00edli nepo\u010d\u00edt\u00e1 s t\u00edm, \u017ee bude nab\u00edzet dal\u0161\u00ed startovac\u00ed byty.<\/p>\n<p>Zato v Pardubic\u00edch by nov\u00e9 zv\u00fdhodn\u011bn\u00e9 byty mohly p\u0159echodn\u011b poslou\u017eit i lidem bez pr\u00e1ce nebo posti\u017een\u00fdm. Koncepci startovac\u00edho bydlen\u00ed p\u0159ipravuj\u00ed 2 projektov\u00e9 t\u00fdmy. Fin\u00e1ln\u00ed podobu je\u0161t\u011b musej\u00ed schv\u00e1lit zastupitel\u00e9. Prvn\u00ed n\u00e1jemn\u00edci by se ale podle nov\u00fdch pravidel mohli nast\u011bhovat u\u017e b\u011bhem p\u0159\u00ed\u0161t\u00edho roku. <\/p>\n<p>\u010cesk\u00e1 televize<\/p>\n","protected":false},"excerpt":{"rendered":"<div class=\"mh-excerpt\"><p>Zv\u00fdhodn\u011bn\u00fd pron\u00e1jem byt\u016f pro mlad\u00e9 rodiny, lidi bez pr\u00e1ce nebo handicapovan\u00e9 chce zav\u00e9st pardubick\u00e1 radnice. Cenov\u011b dostupn\u00e9 bydlen\u00ed m\u00e1 mlad\u00e9 lidi motivovat k tomu, aby <a class=\"mh-excerpt-more\" href=\"https:\/\/www.invarena.cz\/?p=20475\" title=\"Pardubice nab\u00eddnou byty i posti\u017een\u00fdm\">[&#8230;]<\/a><\/p>\n<\/div>","protected":false},"author":1,"featured_media":5533,"comment_status":"open","ping_status":"closed","sticky":false,"template":"","format":"standard","meta":{"footnotes":""},"categories":[6],"tags":[],"class_list":["post-20475","post","type-post","status-publish","format-standard","has-post-thumbnail","hentry","category-politika"],"_links":{"self":[{"href":"https:\/\/www.invarena.cz\/index.php?rest_route=\/wp\/v2\/posts\/20475","targetHints":{"allow":["GET"]}}],"collection":[{"href":"https:\/\/www.invarena.cz\/index.php?rest_route=\/wp\/v2\/posts"}],"about":[{"href":"https:\/\/www.invarena.cz\/index.php?rest_route=\/wp\/v2\/types\/post"}],"author":[{"embeddable":true,"href":"https:\/\/www.invarena.cz\/index.php?rest_route=\/wp\/v2\/users\/1"}],"replies":[{"embeddable":true,"href":"https:\/\/www.invarena.cz\/index.php?rest_route=%2Fwp%2Fv2%2Fcomments&post=20475"}],"version-history":[{"count":0,"href":"https:\/\/www.invarena.cz\/index.php?rest_route=\/wp\/v2\/posts\/20475\/revisions"}],"wp:featuredmedia":[{"embeddable":true,"href":"https:\/\/www.invarena.cz\/index.php?rest_route=\/wp\/v2\/media\/5533"}],"wp:attachment":[{"href":"https:\/\/www.invarena.cz\/index.php?rest_route=%2Fwp%2Fv2%2Fmedia&parent=20475"}],"wp:term":[{"taxonomy":"category","embeddable":true,"href":"https:\/\/www.invarena.cz\/index.php?rest_route=%2Fwp%2Fv2%2Fcategories&post=20475"},{"taxonomy":"post_tag","embeddable":true,"href":"https:\/\/www.invarena.cz\/index.php?rest_route=%2Fwp%2Fv2%2Ftags&post=20475"}],"curies":[{"name":"wp","href":"https:\/\/api.w.org\/{rel}","templated":true}]}}