{"id":20476,"date":"2015-03-19T09:54:29","date_gmt":"2015-03-19T08:54:29","guid":{"rendered":"http:\/\/www.invarena.cz\/?p=20476"},"modified":"2015-03-19T09:54:29","modified_gmt":"2015-03-19T08:54:29","slug":"ombudsmanka-resi-stale-vice-stiznosti","status":"publish","type":"post","link":"https:\/\/www.invarena.cz\/?p=20476","title":{"rendered":"Ombudsmanka \u0159e\u0161\u00ed st\u00e1le v\u00edce st\u00ed\u017enost\u00ed"},"content":{"rendered":"<p><strong>Politici v\u00edce sly\u0161\u00ed na podn\u011bty ve\u0159ejn\u00e9 ochr\u00e1nkyn\u011b pr\u00e1v. Ombudsmanka Anna \u0160abatov\u00e1 (foto) v posledn\u00edch letech usp\u011bla zhruba se dv\u011bma t\u0159etinami doporu\u010den\u00ed. Jej\u00ed p\u0159edch\u016fdce Pavel Varva\u0159ovsk\u00fd si p\u0159itom p\u0159i odchodu z \u00fa\u0159adu pr\u00e1v\u011b na slabou odezvu st\u011b\u017eoval.<\/strong><!--more--><\/p>\n<p>Nerozhoduje, pouze doporu\u010duje. I tak ve\u0159ejn\u00fd ochr\u00e1nce pr\u00e1v celkem \u00fasp\u011b\u0161n\u011b m\u011bn\u00ed \u010deskou legislativu. Kancel\u00e1\u0159 ve\u0159ejn\u00e9ho ochr\u00e1nce pr\u00e1v. M\u00ed\u0159\u00ed sem des\u00edtky dotaz\u016f denn\u011b, dnes p\u0159es 50. To jsou tis\u00edce podn\u011bt\u016f ro\u010dn\u011b a \u010d\u00edslo po\u0159\u00e1d roste.<\/p>\n<p>Iva HRAZD\u00cdLKOV\u00c1, mluv\u010d\u00ed, kancel\u00e1\u0159 ombudsmanky:St\u00ed\u017enosti v sou\u010dasn\u00e9 dob\u011b vy\u0159izuje 80 pr\u00e1vn\u00edk\u016f, zat\u00edm st\u00edhaj\u00ed<\/p>\n<p>P\u0159ed 15 lety m\u011bl ve\u0159ejn\u00fd ochr\u00e1nce jen deseti\u010dlenn\u00fd t\u00fdm. Ani te\u010f se z\u00e1stupcem pr\u00e1vn\u00edk\u016f ale zdaleka nen\u00ed v\u0161emocn\u00fd. U 40 procent podn\u011bt\u016f nem\u016f\u017ee pomoct ze z\u00e1kona, nej\u010dast\u011bji se na n\u011bj lid\u00e9 marn\u011b obracej\u00ed p\u0159i prob\u00edhaj\u00edc\u00edch soudn\u00edch \u0159\u00edzen\u00edch, exekuc\u00edch nebo vym\u00e1h\u00e1n\u00ed v\u00fd\u017eivn\u00e9ho. Co tedy naopak v p\u016fsobnosti ombudsmana je?<\/p>\n<p>Anna \u0160ABATOV\u00c1, ombudsmanka: Ve\u0161ker\u00e1 rozhodov\u00e1n\u00ed, kter\u00e1 n\u011bjak souvisej\u00ed s v\u00fdkonem st\u00e1tn\u00ed spr\u00e1vy. D\u016fchody, d\u00e1vky, stavebn\u00ed \u0159\u00edzen\u00ed.<\/p>\n<p>P\u0159\u00edmo nepomohl t\u0159eba nevidom\u00fdm man\u017eel\u016fm Peterkov\u00fdm z Opavy. Ministerstvo pr\u00e1ce a soci\u00e1ln\u00edch v\u011bc\u00ed jim zak\u00e1zalo adoptovat d\u00edt\u011b, proto\u017ee jsou slep\u00ed. &#8222;Je to diskriminace, ale mimo moji p\u016fsobnost,&#8220; vzk\u00e1zal ve\u0159ejn\u00fd ochr\u00e1nce. Do Opavy poslal alespo\u0148 doporu\u010den\u00ed.<\/p>\n<p>Nevidom\u00ed man\u017eel\u00e9 te\u010f \u010dekaj\u00ed na hlavn\u00ed l\u00ed\u010den\u00ed, ombudsmanka zase na zv\u00fd\u0161en\u00ed sv\u00fdch kompetenc\u00ed. N\u00e1vrh cht\u011bj\u00ed poslanci projednat na konci b\u0159ezna. <\/p>\n<p>\u010cesk\u00e1 televize<\/p>\n","protected":false},"excerpt":{"rendered":"<div class=\"mh-excerpt\"><p>Politici v\u00edce sly\u0161\u00ed na podn\u011bty ve\u0159ejn\u00e9 ochr\u00e1nkyn\u011b pr\u00e1v. Ombudsmanka Anna \u0160abatov\u00e1 (foto) v posledn\u00edch letech usp\u011bla zhruba se dv\u011bma t\u0159etinami doporu\u010den\u00ed. Jej\u00ed p\u0159edch\u016fdce Pavel Varva\u0159ovsk\u00fd <a class=\"mh-excerpt-more\" href=\"https:\/\/www.invarena.cz\/?p=20476\" title=\"Ombudsmanka \u0159e\u0161\u00ed st\u00e1le v\u00edce st\u00ed\u017enost\u00ed\">[&#8230;]<\/a><\/p>\n<\/div>","protected":false},"author":1,"featured_media":14848,"comment_status":"open","ping_status":"closed","sticky":false,"template":"","format":"standard","meta":{"footnotes":""},"categories":[6],"tags":[],"class_list":["post-20476","post","type-post","status-publish","format-standard","has-post-thumbnail","hentry","category-politika"],"_links":{"self":[{"href":"https:\/\/www.invarena.cz\/index.php?rest_route=\/wp\/v2\/posts\/20476","targetHints":{"allow":["GET"]}}],"collection":[{"href":"https:\/\/www.invarena.cz\/index.php?rest_route=\/wp\/v2\/posts"}],"about":[{"href":"https:\/\/www.invarena.cz\/index.php?rest_route=\/wp\/v2\/types\/post"}],"author":[{"embeddable":true,"href":"https:\/\/www.invarena.cz\/index.php?rest_route=\/wp\/v2\/users\/1"}],"replies":[{"embeddable":true,"href":"https:\/\/www.invarena.cz\/index.php?rest_route=%2Fwp%2Fv2%2Fcomments&post=20476"}],"version-history":[{"count":0,"href":"https:\/\/www.invarena.cz\/index.php?rest_route=\/wp\/v2\/posts\/20476\/revisions"}],"wp:featuredmedia":[{"embeddable":true,"href":"https:\/\/www.invarena.cz\/index.php?rest_route=\/wp\/v2\/media\/14848"}],"wp:attachment":[{"href":"https:\/\/www.invarena.cz\/index.php?rest_route=%2Fwp%2Fv2%2Fmedia&parent=20476"}],"wp:term":[{"taxonomy":"category","embeddable":true,"href":"https:\/\/www.invarena.cz\/index.php?rest_route=%2Fwp%2Fv2%2Fcategories&post=20476"},{"taxonomy":"post_tag","embeddable":true,"href":"https:\/\/www.invarena.cz\/index.php?rest_route=%2Fwp%2Fv2%2Ftags&post=20476"}],"curies":[{"name":"wp","href":"https:\/\/api.w.org\/{rel}","templated":true}]}}