{"id":20484,"date":"2015-03-19T12:30:05","date_gmt":"2015-03-19T11:30:05","guid":{"rendered":"http:\/\/www.invarena.cz\/?p=20484"},"modified":"2015-03-19T13:05:34","modified_gmt":"2015-03-19T12:05:34","slug":"kolar-a-jandova-udelali-radost-i-postizenym","status":"publish","type":"post","link":"https:\/\/www.invarena.cz\/?p=20484","title":{"rendered":"Kol\u00e1\u0159 a Jandov\u00e1 ud\u011blali radost i posti\u017een\u00fdm"},"content":{"rendered":"<p><strong>Zam\u011bstnanci Bosch Diesel, s.r.o., podpo\u0159ili rekordn\u00edm v\u00fdt\u011b\u017ekem z jeden\u00e1ct\u00e9ho firemn\u00edho plesu \u010dty\u0159i charitativn\u00ed projekty v Kraji Vyso\u010dina<\/strong><!--more--><\/p>\n<p>Jihlava \u2013 Necel\u00fdch p\u011bt set n\u00e1v\u0161t\u011bvn\u00edk\u016f, zna\u010dn\u00fd po\u010det host\u016f a rekordn\u00ed \u010d\u00e1stka z v\u00fdt\u011b\u017eku plesu putuj\u00edc\u00ed na dobro\u010dinn\u00e9 \u00fa\u010dely prov\u00e1zely jeden\u00e1ct\u00fd reprezenta\u010dn\u00ed ples firmy Bosch Diesel, s. r. o., konan\u00fd dne 13. b\u0159ezna. V r\u00e1mci tradi\u010dn\u00ed spole\u010densk\u00e9 akce v\u011bnovali zam\u011bstnanci firmy v\u00fdt\u011b\u017eek ze vstupenek a tomboly na pomoc charitativn\u00edm projekt\u016fm v Kraji Vyso\u010dina. Celkov\u00fd v\u00fdt\u011b\u017eek z plesu dos\u00e1hl v\u00fd\u0161e 190 tis\u00edc korun. Jako \u010destn\u00e9 hosty na plese mohli uv\u00edtat obchodn\u00ed \u0159editel Hermann Butz spole\u010dn\u011b s technick\u00fdm \u0159editelem Stefanem Hamelmannem nap\u0159\u00edklad sen\u00e1tora Parlamentu \u010cR Milo\u0161e Vystr\u010dila a n\u00e1m\u011bstka prim\u00e1tora Jihlavy Jaroslava Vymazala.<\/p>\n<p>O pestr\u00fd kulturn\u00ed program ve\u010dera a dobrou n\u00e1ladu se postaraly hudebn\u00ed hv\u011bzdy Marta Jandov\u00e1 a Petr Kol\u00e1\u0159.<\/p>\n<p>V\u00fdt\u011b\u017eek z leto\u0161n\u00edho plesu p\u0159ipadne obecn\u011b prosp\u011b\u0161n\u00e9 spole\u010dnosti Sd\u00edlen\u00ed Tel\u010dat\u0159em z\u00e1kladn\u00edm \u0161kol\u00e1m z Kraje Vyso\u010dina. V\u00fdt\u011b\u017eek z prodeje l\u00edstk\u016f ve v\u00fd\u0161i 100 tis\u00edc korun podpo\u0159\u00ed projekt dom\u00e1c\u00ed hospicov\u00e9 p\u00e9\u010de realizovan\u00fd Sd\u00edlen\u00edm Tel\u010d pro nemocn\u00e9 s onkologick\u00fdm nebo jin\u00fdm nevyl\u00e9\u010diteln\u00fdm onemocn\u011bn\u00edm. Finan\u010dn\u00ed dar bude pou\u017eit na n\u00e1kup prost\u0159edk\u016f umo\u017e\u0148uj\u00edc\u00edch zkvalitn\u011bn\u00ed dom\u00e1c\u00ed hospicov\u00e9 p\u00e9\u010de a pom\u016f\u017ee tak posti\u017een\u00fdm osob\u00e1m pro\u017e\u00edt, i p\u0159es t\u011b\u017ek\u00e9 onemocn\u011bn\u00ed, plnohodnotn\u00fd \u017eivot. V\u00fdt\u011b\u017ekem z prodeje tomboly bude podpo\u0159en projekt integrace osmi d\u011bt\u00ed posti\u017een\u00fdch autismem do b\u011b\u017en\u00e9 v\u00fduky na t\u0159ech z\u00e1kladn\u00edch \u0161kol\u00e1ch Kraje Vyso\u010dina, konkr\u00e9tn\u011b na z\u00e1kladn\u00ed \u0161kole Puklice, Myslibo\u0159ice a Tel\u010d Masarykova. Ka\u017ed\u00e1 ze jmenovan\u00fdch z\u00e1kladn\u00edch \u0161kol obdr\u017eela \u010d\u00e1stku ve v\u00fd\u0161i 30tis\u00edc korun.<\/p>\n<p>D\u00edky finan\u010dn\u00edmu daru se budou tyto d\u011bti moci \u00fa\u010dastnit b\u011b\u017en\u00e9 v\u00fduky spolu se sv\u00fdmi spolu\u017e\u00e1ky a budou pro n\u011b po\u0159\u00edzeny speci\u00e1ln\u00ed pedagogick\u00e9 pom\u016fcky a v\u00fdukov\u00e9 materi\u00e1ly. Integrac\u00ed do b\u011b\u017en\u00e9ho kolektivu bude u posti\u017een\u00fdch d\u011bt\u00ed v\u00fdrazn\u011b podpo\u0159eno jejich soci\u00e1ln\u00ed za\u010dlen\u011bn\u00ed. T\u00edm budou tyto d\u011bti l\u00e9pe p\u0159ipraveny v\u00e9st v dosp\u011blosti samostatn\u00fd \u017eivot.<\/p>\n<p>P\u0159evzet\u00ed finan\u010dn\u00edho daru se za Sd\u00edlen\u00ed Tel\u010d \u00fa\u010dastnila \u0159editelka Michaela \u010ce\u0159ovsk\u00e1. Z\u00e1kladn\u00ed \u0161kola Puklice byla zastoupena Mari\u00ed Va\u0148kovou, z\u00e1kladn\u00ed \u0161kolu v Myslibo\u0159ic\u00edch zastupoval Pavel Nov\u00e1\u010dek a z\u00e1kladn\u00ed \u0161kolu Tel\u010d Masarykova \u0159editel \u0161koly Karel Navr\u00e1til. Vedle v\u00fdt\u011b\u017eku z prodeje Novoro\u010dn\u00edho koncertu je firemn\u00ed ples druhou z celkov\u00fdch t\u0159ech ka\u017edoro\u010dn\u00edch akc\u00ed firmy Bosch Diesel, s. r. o. a jej\u00edch zam\u011bstnanc\u016f sm\u011b\u0159uj\u00edc\u00ed v\u00fdt\u011b\u017eek na dobro\u010dinnou \u010dinnost.<\/p>\n<p>Spole\u010dn\u00e9 p\u0159ej\u00edm\u00e1n\u00ed spole\u010densk\u00e9 odpov\u011bdnosti firmou a zam\u011bstnanci &#8222;Viz\u00ed na\u0161\u00ed firmy je Z\u00e1vod Jihlava: Excelence z Vyso\u010diny. Vedle excelentn\u00edch v\u00fdrobk\u016f z na\u0161eho z\u00e1vodu tato vize znamen\u00e1, \u017ee p\u0159eb\u00edr\u00e1me i spole\u010denskou zodpov\u011bdnost za m\u011bsto Jihlavu a Kraj Vyso\u010dina,&#8220; sd\u011blil obchodn\u00ed \u0159editel firmy Bosch Diesel Hermann Butz. &#8222;Jako spolehliv\u00fd partner m\u011bsta Jihlavy a regionu Vyso\u010diny proto podporujeme ji\u017e \u0159adu let nap\u0159\u00edklad r\u016fzn\u00e9 soci\u00e1ln\u00ed a charitativn\u00ed instituce, vzd\u011bl\u00e1v\u00e1n\u00ed, jako\u017e i kulturn\u00ed akce. Jsem hrd\u00fd na to, \u017ee na\u0161i zam\u011bstnanci podporuj\u00ed r\u016fzn\u00e9 dobro\u010dinn\u00e9 akce, jako nap\u0159\u00edklad leto\u0161n\u00ed firemn\u00ed ples, a v obzvl\u00e1\u0161t\u011b vysok\u00e9 m\u00ed\u0159e tak op\u011btovn\u011b dokl\u00e1daj\u00ed svoji spole\u010denskou zodpov\u011bdnost. Podporou spole\u010densk\u00e9 zodpov\u011bdnosti z\u00e1rove\u0148 v\u00fdrazn\u011b p\u0159isp\u00edvaj\u00ed k napln\u011bn\u00ed vize firmy v praxi,&#8220; dodal obchodn\u00ed \u0159editel Hermann Butz.<\/p>\n<p>Jihlavsk\u00fd den\u00edk<br \/>\n<a href=\"http:\/\/www.jihlavsky.denik.cz\/\">http:\/\/www.jihlavsky.denik.cz\/<\/a><\/p>\n","protected":false},"excerpt":{"rendered":"<div class=\"mh-excerpt\"><p>Zam\u011bstnanci Bosch Diesel, s.r.o., podpo\u0159ili rekordn\u00edm v\u00fdt\u011b\u017ekem z jeden\u00e1ct\u00e9ho firemn\u00edho plesu \u010dty\u0159i charitativn\u00ed projekty v Kraji Vyso\u010dina<\/p>\n<\/div>","protected":false},"author":1,"featured_media":20313,"comment_status":"open","ping_status":"closed","sticky":false,"template":"","format":"standard","meta":{"footnotes":""},"categories":[9],"tags":[],"class_list":["post-20484","post","type-post","status-publish","format-standard","has-post-thumbnail","hentry","category-zpravy"],"_links":{"self":[{"href":"https:\/\/www.invarena.cz\/index.php?rest_route=\/wp\/v2\/posts\/20484","targetHints":{"allow":["GET"]}}],"collection":[{"href":"https:\/\/www.invarena.cz\/index.php?rest_route=\/wp\/v2\/posts"}],"about":[{"href":"https:\/\/www.invarena.cz\/index.php?rest_route=\/wp\/v2\/types\/post"}],"author":[{"embeddable":true,"href":"https:\/\/www.invarena.cz\/index.php?rest_route=\/wp\/v2\/users\/1"}],"replies":[{"embeddable":true,"href":"https:\/\/www.invarena.cz\/index.php?rest_route=%2Fwp%2Fv2%2Fcomments&post=20484"}],"version-history":[{"count":0,"href":"https:\/\/www.invarena.cz\/index.php?rest_route=\/wp\/v2\/posts\/20484\/revisions"}],"wp:featuredmedia":[{"embeddable":true,"href":"https:\/\/www.invarena.cz\/index.php?rest_route=\/wp\/v2\/media\/20313"}],"wp:attachment":[{"href":"https:\/\/www.invarena.cz\/index.php?rest_route=%2Fwp%2Fv2%2Fmedia&parent=20484"}],"wp:term":[{"taxonomy":"category","embeddable":true,"href":"https:\/\/www.invarena.cz\/index.php?rest_route=%2Fwp%2Fv2%2Fcategories&post=20484"},{"taxonomy":"post_tag","embeddable":true,"href":"https:\/\/www.invarena.cz\/index.php?rest_route=%2Fwp%2Fv2%2Ftags&post=20484"}],"curies":[{"name":"wp","href":"https:\/\/api.w.org\/{rel}","templated":true}]}}