{"id":20498,"date":"2015-03-20T07:34:18","date_gmt":"2015-03-20T06:34:18","guid":{"rendered":"http:\/\/www.invarena.cz\/?p=20498"},"modified":"2015-03-20T07:34:18","modified_gmt":"2015-03-20T06:34:18","slug":"na-brnenskem-vystavisti-dnes-zacina-tradicni-veletrh-ocni-optiky","status":"publish","type":"post","link":"https:\/\/www.invarena.cz\/?p=20498","title":{"rendered":"Na brn\u011bnsk\u00e9m v\u00fdstavi\u0161ti dnes za\u010d\u00edn\u00e1 tradi\u010dn\u00ed veletrh o\u010dn\u00ed optiky"},"content":{"rendered":"<p><strong>Na brn\u011bnsk\u00e9m v\u00fdstavi\u0161ti dnes za\u010d\u00edn\u00e1 tradi\u010dn\u00ed veletrh o\u010dn\u00ed optiky Opta. P\u0159edstav\u00ed se na n\u011bm 160 zna\u010dek, co\u017e je zhruba stejn\u00fd po\u010det jako loni. V\u00fdstavn\u00ed plocha se ale roz\u0161\u00ed\u0159ila zhruba o p\u011btinu, \u0159ekl Ji\u0159\u00ed Erlebach z Veletrh\u016f Brno. Na Opt\u011b bude vystavovat 65 firem, z toho 12 je nov\u00fdch.<\/strong> <!--more--><br \/>\nOpta tradi\u010dn\u011b p\u0159edstavuje novinky a premi\u00e9ry v oboru. Zv\u00fdrazn\u011bn\u00fdm t\u00e9matem je letos design a trend, co\u017e se prom\u00edtne i do sout\u011b\u017ee o nejlep\u0161\u00ed expon\u00e1ty TOP OPTA a TOP OPTA odborn\u00e9 ve\u0159ejnosti.<br \/>\nVeletrh Opta se kon\u00e1 tradi\u010dn\u011b v pavilonu B brn\u011bnsk\u00e9ho v\u00fdstavi\u0161t\u011b. Letos se program veletrhu p\u0159esunul z \u00fanora na b\u0159ezen. Rozhodli o tom sami vystavovatel\u00e9. &#8222;Upravili jsme i otev\u00edrac\u00ed dobu veletrhu. V p\u00e1tek a sobotu bude OPTA k dispozici n\u00e1v\u0161t\u011bvn\u00edk\u016fm od 9:00 do 19:00, v ned\u011bli pak od 9:00 do 14:00 hodin,&#8220; uvedl Erlebach.<\/p>\n","protected":false},"excerpt":{"rendered":"<div class=\"mh-excerpt\"><p>Na brn\u011bnsk\u00e9m v\u00fdstavi\u0161ti dnes za\u010d\u00edn\u00e1 tradi\u010dn\u00ed veletrh o\u010dn\u00ed optiky Opta. P\u0159edstav\u00ed se na n\u011bm 160 zna\u010dek, co\u017e je zhruba stejn\u00fd po\u010det jako loni. V\u00fdstavn\u00ed plocha <a class=\"mh-excerpt-more\" href=\"https:\/\/www.invarena.cz\/?p=20498\" title=\"Na brn\u011bnsk\u00e9m v\u00fdstavi\u0161ti dnes za\u010d\u00edn\u00e1 tradi\u010dn\u00ed veletrh o\u010dn\u00ed optiky\">[&#8230;]<\/a><\/p>\n<\/div>","protected":false},"author":1,"featured_media":0,"comment_status":"open","ping_status":"closed","sticky":false,"template":"","format":"standard","meta":{"footnotes":""},"categories":[9],"tags":[],"class_list":["post-20498","post","type-post","status-publish","format-standard","hentry","category-zpravy"],"_links":{"self":[{"href":"https:\/\/www.invarena.cz\/index.php?rest_route=\/wp\/v2\/posts\/20498","targetHints":{"allow":["GET"]}}],"collection":[{"href":"https:\/\/www.invarena.cz\/index.php?rest_route=\/wp\/v2\/posts"}],"about":[{"href":"https:\/\/www.invarena.cz\/index.php?rest_route=\/wp\/v2\/types\/post"}],"author":[{"embeddable":true,"href":"https:\/\/www.invarena.cz\/index.php?rest_route=\/wp\/v2\/users\/1"}],"replies":[{"embeddable":true,"href":"https:\/\/www.invarena.cz\/index.php?rest_route=%2Fwp%2Fv2%2Fcomments&post=20498"}],"version-history":[{"count":0,"href":"https:\/\/www.invarena.cz\/index.php?rest_route=\/wp\/v2\/posts\/20498\/revisions"}],"wp:attachment":[{"href":"https:\/\/www.invarena.cz\/index.php?rest_route=%2Fwp%2Fv2%2Fmedia&parent=20498"}],"wp:term":[{"taxonomy":"category","embeddable":true,"href":"https:\/\/www.invarena.cz\/index.php?rest_route=%2Fwp%2Fv2%2Fcategories&post=20498"},{"taxonomy":"post_tag","embeddable":true,"href":"https:\/\/www.invarena.cz\/index.php?rest_route=%2Fwp%2Fv2%2Ftags&post=20498"}],"curies":[{"name":"wp","href":"https:\/\/api.w.org\/{rel}","templated":true}]}}