{"id":20519,"date":"2015-03-23T05:35:19","date_gmt":"2015-03-23T04:35:19","guid":{"rendered":"http:\/\/www.invarena.cz\/?p=20519"},"modified":"2015-03-23T05:35:19","modified_gmt":"2015-03-23T04:35:19","slug":"smrtelne-nemocna-chilanka-jez-zadala-o-eutanazii-uz-nechce-zemrit","status":"publish","type":"post","link":"https:\/\/www.invarena.cz\/?p=20519","title":{"rendered":"Smrteln\u011b nemocn\u00e1 Chilanka, je\u017e \u017e\u00e1dala o eutanazii, u\u017e nechce zem\u0159\u00edt"},"content":{"rendered":"<p><strong>Smrteln\u011b nemocn\u00e1 chilsk\u00e1 d\u00edvka, jej\u00ed\u017e \u017e\u00e1dost o povolen\u00ed eutanazie vzbudila emoce po cel\u00e9 zemi, pr\u00fd zm\u011bnila sv\u016fj pohled na sv\u011bt a chce \u017e\u00edt. \u010ctrn\u00e1ctilet\u00e1 Chilanka trp\u00edc\u00ed cystickou fibr\u00f3zou to \u0159ekla den\u00edku El Mercurio.<\/strong><!--more--><\/p>\n<p> D\u00edvka se kv\u016fli k\u00fd\u017een\u00e9 eutanazii se\u0161la i s prezidentkou Michelle Bacheletovou.<br \/>\n    Dlouhodob\u011b hospitalizovan\u00e1 Valentina Maureirov\u00e1 po\u017e\u00e1dala koncem \u00fanora prezidentku o povolen\u00ed eutanazie, kterou chilsk\u00e9 z\u00e1kony neumo\u017e\u0148uj\u00ed prov\u00e9st.<br \/>\n    Bacheletov\u00e1, kter\u00e1 je p\u016fvodn\u00edm povol\u00e1n\u00edm d\u011btsk\u00e1 l\u00e9ka\u0159ka, ji nav\u0161t\u00edvila v nemocnici a eutanazii j\u00ed rozmlouvala. Valentina se pot\u00e9 setkala s dal\u0161\u00edmi lidmi, kte\u0159\u00ed ji &#8222;p\u0159ivedli ke zm\u011bn\u011b zp\u016fsobu uva\u017eov\u00e1n\u00ed&#8220;, \u0159ekla chilsk\u00e9mu den\u00edku.<br \/>\n    Pr\u00fd to byla p\u0159edev\u0161\u00edm n\u00e1v\u0161t\u011bva argentinsk\u00e9 rodiny, jej\u00ed\u017e d\u011bti trp\u00ed touto nemoc\u00ed. Nad\u011bji ji pr\u00fd dal i rozhovor s dal\u0161\u00edm pacientem, kter\u00fd se do\u017eil v\u011bku vy\u0161\u0161\u00edho ne\u017e 20 let. Valentinin bratr p\u0159itom na stejnou nemoc zem\u0159el v \u0161esti letech.<br \/>\n    Cystick\u00e1 fibr\u00f3za je smrteln\u00e1 d\u011bdi\u010dn\u00e1 nemoc postihuj\u00edc\u00ed hlavn\u011b d\u00fdchac\u00ed a tr\u00e1vic\u00ed soustavu. Maureirov\u00e1 byla p\u0159ijata do nemocnice v metropoli Santiagu koncem ledna a podle vyj\u00e1d\u0159en\u00ed l\u00e9ka\u0159\u016f se jej\u00ed stav od t\u00e9 doby zlep\u0161il. <\/p>\n","protected":false},"excerpt":{"rendered":"<div class=\"mh-excerpt\"><p>Smrteln\u011b nemocn\u00e1 chilsk\u00e1 d\u00edvka, jej\u00ed\u017e \u017e\u00e1dost o povolen\u00ed eutanazie vzbudila emoce po cel\u00e9 zemi, pr\u00fd zm\u011bnila sv\u016fj pohled na sv\u011bt a chce \u017e\u00edt. \u010ctrn\u00e1ctilet\u00e1 Chilanka <a class=\"mh-excerpt-more\" href=\"https:\/\/www.invarena.cz\/?p=20519\" title=\"Smrteln\u011b nemocn\u00e1 Chilanka, je\u017e \u017e\u00e1dala o eutanazii, u\u017e nechce zem\u0159\u00edt\">[&#8230;]<\/a><\/p>\n<\/div>","protected":false},"author":1,"featured_media":6815,"comment_status":"open","ping_status":"closed","sticky":false,"template":"","format":"standard","meta":{"footnotes":""},"categories":[11],"tags":[],"class_list":["post-20519","post","type-post","status-publish","format-standard","has-post-thumbnail","hentry","category-zdravi"],"_links":{"self":[{"href":"https:\/\/www.invarena.cz\/index.php?rest_route=\/wp\/v2\/posts\/20519","targetHints":{"allow":["GET"]}}],"collection":[{"href":"https:\/\/www.invarena.cz\/index.php?rest_route=\/wp\/v2\/posts"}],"about":[{"href":"https:\/\/www.invarena.cz\/index.php?rest_route=\/wp\/v2\/types\/post"}],"author":[{"embeddable":true,"href":"https:\/\/www.invarena.cz\/index.php?rest_route=\/wp\/v2\/users\/1"}],"replies":[{"embeddable":true,"href":"https:\/\/www.invarena.cz\/index.php?rest_route=%2Fwp%2Fv2%2Fcomments&post=20519"}],"version-history":[{"count":0,"href":"https:\/\/www.invarena.cz\/index.php?rest_route=\/wp\/v2\/posts\/20519\/revisions"}],"wp:featuredmedia":[{"embeddable":true,"href":"https:\/\/www.invarena.cz\/index.php?rest_route=\/wp\/v2\/media\/6815"}],"wp:attachment":[{"href":"https:\/\/www.invarena.cz\/index.php?rest_route=%2Fwp%2Fv2%2Fmedia&parent=20519"}],"wp:term":[{"taxonomy":"category","embeddable":true,"href":"https:\/\/www.invarena.cz\/index.php?rest_route=%2Fwp%2Fv2%2Fcategories&post=20519"},{"taxonomy":"post_tag","embeddable":true,"href":"https:\/\/www.invarena.cz\/index.php?rest_route=%2Fwp%2Fv2%2Ftags&post=20519"}],"curies":[{"name":"wp","href":"https:\/\/api.w.org\/{rel}","templated":true}]}}