{"id":20542,"date":"2015-03-24T13:34:30","date_gmt":"2015-03-24T12:34:30","guid":{"rendered":"http:\/\/www.invarena.cz\/?p=20542"},"modified":"2015-03-24T13:35:18","modified_gmt":"2015-03-24T12:35:18","slug":"nevidome-janicce-se-splnil-sen-zpivat-ji-ucila-operni-pevkyne","status":"publish","type":"post","link":"https:\/\/www.invarena.cz\/?p=20542","title":{"rendered":"Nevidom\u00e9 Jani\u010dce se splnil sen, zp\u00edvat ji u\u010dila opern\u00ed p\u011bvkyn\u011b"},"content":{"rendered":"<p><strong>Na prvn\u00ed pohled nen\u00ed propast mezi n\u00e1mi a sv\u011btem posti\u017een\u00fdch tak velk\u00e1. Ale ve chv\u00edli, kdy pozorujete, jak\u00e9 emoce pro\u017e\u00edvaj\u00ed handicapovan\u00ed p\u0159i poslechu opern\u00edch \u00e1ri\u00ed nebo hry na harfu, si ten rozd\u00edl uv\u011bdom\u00edte.<\/strong> <!--more--><\/p>\n<p>P\u0159erov \u2013 Dvacetiletou nevidomou d\u00edvku Janu Jan\u00e1\u010dkovou koncert opern\u00ed p\u011bvkyn\u011b Moravsk\u00e9ho divadla v Olomouci Jany \u0160elle tak dojal, \u017ee se rozplakala. Klienti p\u0159erovsk\u00e9ho aktiva\u010dn\u00edho centra &#8222;Jsme tady&#8220; v Sokolsk\u00e9 ulici maj\u00ed za sebou v\u00fdjime\u010dn\u00e9 v\u010derej\u0161\u00ed dopoledne. &#8222;Ten n\u00e1pad vznikl spont\u00e1nn\u011b. Dozv\u011bd\u011bly jsme se, \u017ee je v P\u0159erov\u011b posti\u017een\u00e1 d\u00edvka, kter\u00e1 miluje hudbu, a tak jsme se j\u00ed spolu s harfenistkou Anast\u00e1zi\u00ed Tome\u010dkovou rozhodly pop\u0159\u00e1t t\u00edmto koncertem k narozenin\u00e1m,&#8220; vyl\u00ed\u010dila Jana \u0160elle, kter\u00e1 je tak\u00e9 lektorkou zp\u011bvu.<\/p>\n<p>Krom\u011b poslechu opern\u00edch \u00e1ri\u00ed a lidov\u00fdch p\u00edsn\u00ed si mohli posti\u017een\u00ed sami vyzkou\u0161et hru na harfu. &#8222;Nem\u00e1m zku\u0161enost s emotivn\u00edm sv\u011btem takto posti\u017een\u00fdch lid\u00ed, tak\u017ee jsme se soust\u0159edily na lidovou p\u00edse\u0148, kter\u00e1 je sama o sob\u011b jednoduch\u00e1, srozumiteln\u00e1 a sd\u011bln\u00e1. Za\u0159adily jsme i jednu duchovn\u00ed p\u00edse\u0148 a \u00e1rii z Rusalky. Na\u0161e poslucha\u010de paradoxn\u011b nejv\u00edce zas\u00e1hly pr\u00e1v\u011b lidov\u00e9 p\u00edsn\u011b,&#8220; sv\u011b\u0159ila se s nev\u0161edn\u00edmz\u00e1\u017eitkem p\u011bvkyn\u011b.<\/p>\n<p>\u017de hudba dok\u00e1\u017ee l\u00e9\u010dit, dok\u00e1zala svou hrou tak\u00e9 harfenistka Anast\u00e1zie Tome\u010dkov\u00e1. &#8222;Bylo vid\u011bt, \u017ee jsou t\u00f3ny harfy l\u00e9\u010div\u00e9, proto\u017ee jsme na tv\u00e1\u0159\u00edch posti\u017een\u00fdch klient\u016f pozorovaly radost, uvoln\u011bn\u00ed a zklidn\u011bn\u00ed,&#8220; \u0159ekla.<\/p>\n<p>Pro ob\u011b hudebnice je propojen\u00ed obou sv\u011bt\u016f obrovskou zku\u0161enost\u00ed. &#8222;Uv\u011bdomila jsem si, \u017ee jsme zvykl\u00ed jednat daleko m\u00e9n\u011b empaticky ne\u017e posti\u017een\u00ed,&#8220; poznamenala Jana \u0160elle.<\/p>\n<p>Jana Jane\u010dkov\u00e1, kter\u00e1 m\u00e1 hudbu v krvi a u\u017e m\u00e1 za sebou i koncert v evangelick\u00e9m kostele, si dopoledne s opern\u00ed p\u011bvkyn\u00ed u\u017e\u00edvala. K narozenin\u00e1m j\u00ed toti\u017e darovala i lekci zp\u011bvu. &#8222;Jsme \u0161\u0165astn\u00ed, \u017ee jsme ten d\u00e1rek Jani\u010dce mohli d\u00e1t, hudba je jej\u00ed radost. Te\u010f se nav\u00edc nau\u010d\u00ed tak\u00e9 spr\u00e1vn\u00e9 technice zp\u011bvu,&#8220; pochvalovala si Petra Barton\u00edkov\u00e1 z aktiva\u010dn\u00edho centra &#8222;Jsme tady&#8220;.<\/p>\n<p>P\u0159erovsk\u00fd den\u00edk<br \/>\n<a href=\"http:\/\/www.prerovsky.denik.cz\/\">http:\/\/www.prerovsky.denik.cz\/<\/a><\/p>\n","protected":false},"excerpt":{"rendered":"<div class=\"mh-excerpt\"><p>Na prvn\u00ed pohled nen\u00ed propast mezi n\u00e1mi a sv\u011btem posti\u017een\u00fdch tak velk\u00e1. Ale ve chv\u00edli, kdy pozorujete, jak\u00e9 emoce pro\u017e\u00edvaj\u00ed handicapovan\u00ed p\u0159i poslechu opern\u00edch \u00e1ri\u00ed <a class=\"mh-excerpt-more\" href=\"https:\/\/www.invarena.cz\/?p=20542\" title=\"Nevidom\u00e9 Jani\u010dce se splnil sen, zp\u00edvat ji u\u010dila opern\u00ed p\u011bvkyn\u011b\">[&#8230;]<\/a><\/p>\n<\/div>","protected":false},"author":1,"featured_media":19086,"comment_status":"open","ping_status":"closed","sticky":false,"template":"","format":"standard","meta":{"footnotes":""},"categories":[9],"tags":[],"class_list":["post-20542","post","type-post","status-publish","format-standard","has-post-thumbnail","hentry","category-zpravy"],"_links":{"self":[{"href":"https:\/\/www.invarena.cz\/index.php?rest_route=\/wp\/v2\/posts\/20542","targetHints":{"allow":["GET"]}}],"collection":[{"href":"https:\/\/www.invarena.cz\/index.php?rest_route=\/wp\/v2\/posts"}],"about":[{"href":"https:\/\/www.invarena.cz\/index.php?rest_route=\/wp\/v2\/types\/post"}],"author":[{"embeddable":true,"href":"https:\/\/www.invarena.cz\/index.php?rest_route=\/wp\/v2\/users\/1"}],"replies":[{"embeddable":true,"href":"https:\/\/www.invarena.cz\/index.php?rest_route=%2Fwp%2Fv2%2Fcomments&post=20542"}],"version-history":[{"count":0,"href":"https:\/\/www.invarena.cz\/index.php?rest_route=\/wp\/v2\/posts\/20542\/revisions"}],"wp:featuredmedia":[{"embeddable":true,"href":"https:\/\/www.invarena.cz\/index.php?rest_route=\/wp\/v2\/media\/19086"}],"wp:attachment":[{"href":"https:\/\/www.invarena.cz\/index.php?rest_route=%2Fwp%2Fv2%2Fmedia&parent=20542"}],"wp:term":[{"taxonomy":"category","embeddable":true,"href":"https:\/\/www.invarena.cz\/index.php?rest_route=%2Fwp%2Fv2%2Fcategories&post=20542"},{"taxonomy":"post_tag","embeddable":true,"href":"https:\/\/www.invarena.cz\/index.php?rest_route=%2Fwp%2Fv2%2Ftags&post=20542"}],"curies":[{"name":"wp","href":"https:\/\/api.w.org\/{rel}","templated":true}]}}