{"id":20557,"date":"2015-03-28T07:58:49","date_gmt":"2015-03-28T06:58:49","guid":{"rendered":"http:\/\/www.invarena.cz\/?p=20557"},"modified":"2015-03-28T07:58:49","modified_gmt":"2015-03-28T06:58:49","slug":"obrazy-maluje-ochrnuty-martin-dostal-nohou","status":"publish","type":"post","link":"https:\/\/www.invarena.cz\/?p=20557","title":{"rendered":"Obrazy maluje ochrnut\u00fd Martin Dost\u00e1l nohou"},"content":{"rendered":"<p><strong>Obrovskou radost nijak neskr\u00fdval t\u0159ia\u010dty\u0159icetilet\u00fd Martin Dost\u00e1l, p\u0159i vernis\u00e1\u017ei sv\u00e9 prvn\u00ed v\u00fdstavy obraz\u016f v Soci\u00e1ln\u011b terapeutick\u00fdch d\u00edln\u00e1ch sv. Josefa v Doma\u017elic\u00edch.<\/strong><!--more--><\/p>\n<p> Martin \u017eije v Domov\u011b osob zdravotn\u011b posti\u017een\u00fdch v Byst\u0159ici, kde se malov\u00e1n\u00ed, kter\u00e9 je spolu s p\u0159\u00edrodou jeho obrovsk\u00fdm kon\u00ed\u010dkem, v\u011bnuje.<br \/>\nP\u0159i pohledu na optimistick\u00e1 d\u00edlka se ani nechce v\u011b\u0159it, \u017ee je maloval um\u011blec, kter\u00fd trp\u00ed t\u00e9m\u011b\u0159 celkov\u00fdm ochrnut\u00edm. Trochu ovl\u00e1dat m\u016f\u017ee pouze pravou nohu a pr\u00e1v\u011b tou sv\u00e9 obrazy maluje.<br \/>\n&#8222;Martin nem\u011bl \u017eivot lehk\u00fd. Jako d\u00edt\u011b dostal mozkovou obrnu a ochrnul. Chodil do speci\u00e1ln\u00ed \u0161koly, kde se nau\u010dil \u010d\u00edst, po\u010d\u00edtat a tak\u00e9 malovat. Kdy\u017e mi v Byst\u0159ici \u0159ekl, \u017ee um\u00ed malovat pravou nohou, necht\u011blo se mi mu to v\u011b\u0159it. Myslela jsme si, \u017ee se vytahuje. Dala jsem mu pap\u00edr a pastelku a cht\u011bla po n\u011bm, aby mi namaloval v\u00e1no\u010dn\u00ed strome\u010dek. Kdy\u017e jsem obr\u00e1zek vid\u011bla, z\u016fstala jsem st\u00e1t s otev\u0159enou pusou,&#8220; \u0159ekla Martinova osobn\u00ed asistentka Alena Marcelov\u00e1.<br \/>\nProto\u017ee bylo jasn\u00e9, \u017ee m\u00e1 Martin velk\u00fd talent, za\u010dali spolu s asistentkou p\u0159em\u00fd\u0161let, \u010d\u00edm by mohl sv\u00e9 obrazy malovat. &#8222;P\u0159i malov\u00e1n\u00ed pastelkou bylo pot\u0159eba velk\u00e9ho tlaku. P\u0159i\u0161li jsme na to, \u017ee nejlep\u0161\u00ed jsou akryl\u00e1tov\u00e9 barvy. Martin sv\u00e9 obrazy maluje \u0161t\u011btcem nebo prsty, podle toho, jakou m\u00e1 n\u00e1ladu,&#8220; dodala Marcelov\u00e1.<br \/>\nV\u00fdstava obraz\u016f Martina Dost\u00e1la je od \u010dtvrtka a\u017e do konce dubna k vid\u011bn\u00ed v doma\u017elick\u00e9 \u010dajovn\u011b \u017delva.<\/p>\n<p>HELENA BAUEROV\u00c1<br \/>\nhttp:\/\/domazlicky.denik.cz\/<\/p>\n","protected":false},"excerpt":{"rendered":"<div class=\"mh-excerpt\"><p>Obrovskou radost nijak neskr\u00fdval t\u0159ia\u010dty\u0159icetilet\u00fd Martin Dost\u00e1l, p\u0159i vernis\u00e1\u017ei sv\u00e9 prvn\u00ed v\u00fdstavy obraz\u016f v Soci\u00e1ln\u011b terapeutick\u00fdch d\u00edln\u00e1ch sv. Josefa v Doma\u017elic\u00edch.<\/p>\n<\/div>","protected":false},"author":1,"featured_media":0,"comment_status":"open","ping_status":"closed","sticky":false,"template":"","format":"standard","meta":{"footnotes":""},"categories":[9],"tags":[],"class_list":["post-20557","post","type-post","status-publish","format-standard","hentry","category-zpravy"],"_links":{"self":[{"href":"https:\/\/www.invarena.cz\/index.php?rest_route=\/wp\/v2\/posts\/20557","targetHints":{"allow":["GET"]}}],"collection":[{"href":"https:\/\/www.invarena.cz\/index.php?rest_route=\/wp\/v2\/posts"}],"about":[{"href":"https:\/\/www.invarena.cz\/index.php?rest_route=\/wp\/v2\/types\/post"}],"author":[{"embeddable":true,"href":"https:\/\/www.invarena.cz\/index.php?rest_route=\/wp\/v2\/users\/1"}],"replies":[{"embeddable":true,"href":"https:\/\/www.invarena.cz\/index.php?rest_route=%2Fwp%2Fv2%2Fcomments&post=20557"}],"version-history":[{"count":0,"href":"https:\/\/www.invarena.cz\/index.php?rest_route=\/wp\/v2\/posts\/20557\/revisions"}],"wp:attachment":[{"href":"https:\/\/www.invarena.cz\/index.php?rest_route=%2Fwp%2Fv2%2Fmedia&parent=20557"}],"wp:term":[{"taxonomy":"category","embeddable":true,"href":"https:\/\/www.invarena.cz\/index.php?rest_route=%2Fwp%2Fv2%2Fcategories&post=20557"},{"taxonomy":"post_tag","embeddable":true,"href":"https:\/\/www.invarena.cz\/index.php?rest_route=%2Fwp%2Fv2%2Ftags&post=20557"}],"curies":[{"name":"wp","href":"https:\/\/api.w.org\/{rel}","templated":true}]}}