{"id":20559,"date":"2015-03-28T07:57:00","date_gmt":"2015-03-28T06:57:00","guid":{"rendered":"http:\/\/www.invarena.cz\/?p=20559"},"modified":"2015-03-28T07:57:41","modified_gmt":"2015-03-28T06:57:41","slug":"v-domazlicke-chranene-dilne-se-uz-chystali-na-velikonoce-tydenik-domazlicko","status":"publish","type":"post","link":"https:\/\/www.invarena.cz\/?p=20559","title":{"rendered":"V doma\u017elick\u00e9 chr\u00e1n\u011bn\u00e9 d\u00edln\u011b se u\u017e chystaj\u00ed na Velikonoce"},"content":{"rendered":"<p><strong>V\u00fdtvarnou d\u00edlnu s velikono\u010dn\u00ed tematikou uspo\u0159\u00e1dala Soci\u00e1ln\u011b\u00acterapeutick\u00e1 d\u00edlna sv. Josefa. <\/strong><!--more--><\/p>\n<p>Zapojili se do n\u00ed nejen st\u00e1l\u00ed klienti charitn\u00edho za\u0159\u00edzen\u00ed, ale i p\u0159\u00edchoz\u00ed n\u00e1v\u0161t\u011bvn\u00edci z \u0159ad ve\u0159ejnosti. D\u011bti a mnohdy i jejich rodi\u010de se s chut\u00ed pustili do v\u00fdroby vaj\u00ed\u010dek, zaj\u00ed\u010dk\u016f a dal\u0161\u00edch, podle vlastn\u00ed fantazie zvolen\u00fdch velikono\u010dn\u00edch dekorac\u00ed z pap\u00edru. <\/p>\n<p>&#8222;Dnes m\u00e1me prvn\u00ed jarn\u00ed a z\u00e1rove\u0148 velikono\u010dn\u00ed d\u00edlni\u010dku pro ve\u0159ejnost. D\u011bti si spole\u010dn\u011b s n\u00e1mi mohou vytvo\u0159it drobn\u00e9 v\u00fdrobky z pap\u00edr\u016f, kter\u00e9 si pak odnesou dom\u016f. Proto\u017ee je tato d\u00edlna bezbari\u00e9rov\u00e1, mohou se z\u00fa\u010dastnit i voz\u00ed\u010dk\u00e1\u0159i. Z\u00e1rove\u0148 prezentujeme i v\u00fdrobky, kter\u00e9 d\u011blaj\u00ed jak klienti z meclovsk\u00e9 soci\u00e1ln\u011b terapeutick\u00e9 d\u00edlny, tak i tady z Doma\u017elic,&#8220; \u0159ekla v pr\u016fb\u011bhu tvo\u0159iv\u00e9ho odpoledne Jitka Horalov\u00e1. V\u00fdrobky klient\u016f soci\u00e1ln\u011b terapeutick\u00fdch d\u00edlen jsou ode dne\u0161ka k vid\u011bn\u00ed v d\u00edln\u011b sv Josefa v Kozinov\u011b ulici 297 v Doma\u017elic\u00edch. \u010c\u00e1st bude vystavena i v Hor\u0161ovsk\u00e9m T\u00fdn\u011b v r\u00e1mci t\u00fddenn\u00ed Jarn\u00ed v\u00fdstavy.<br \/>\n&#8222;Dnes budou k vid\u011bn\u00ed i uk\u00e1zky a my se pochlub\u00edme uk\u00e1zkou z na\u0161\u00ed textiln\u00ed d\u00edlny. M\u00e1me mal\u00e9 tkalcovsk\u00e9 stavy, na nich\u017e p\u0159edvedeme i vlastn\u00ed tkan\u00ed,&#8220; dodala Horalov\u00e1.<\/p>\n<p>T\u00fdden\u00edk Doma\u017elicko<\/p>\n<p>foto: stock.xchng<\/p>\n","protected":false},"excerpt":{"rendered":"<div class=\"mh-excerpt\"><p>V\u00fdtvarnou d\u00edlnu s velikono\u010dn\u00ed tematikou uspo\u0159\u00e1dala Soci\u00e1ln\u011b\u00acterapeutick\u00e1 d\u00edlna sv. Josefa.<\/p>\n<\/div>","protected":false},"author":1,"featured_media":20608,"comment_status":"open","ping_status":"closed","sticky":false,"template":"","format":"standard","meta":{"footnotes":""},"categories":[17],"tags":[],"class_list":["post-20559","post","type-post","status-publish","format-standard","has-post-thumbnail","hentry","category-kultura"],"_links":{"self":[{"href":"https:\/\/www.invarena.cz\/index.php?rest_route=\/wp\/v2\/posts\/20559","targetHints":{"allow":["GET"]}}],"collection":[{"href":"https:\/\/www.invarena.cz\/index.php?rest_route=\/wp\/v2\/posts"}],"about":[{"href":"https:\/\/www.invarena.cz\/index.php?rest_route=\/wp\/v2\/types\/post"}],"author":[{"embeddable":true,"href":"https:\/\/www.invarena.cz\/index.php?rest_route=\/wp\/v2\/users\/1"}],"replies":[{"embeddable":true,"href":"https:\/\/www.invarena.cz\/index.php?rest_route=%2Fwp%2Fv2%2Fcomments&post=20559"}],"version-history":[{"count":0,"href":"https:\/\/www.invarena.cz\/index.php?rest_route=\/wp\/v2\/posts\/20559\/revisions"}],"wp:featuredmedia":[{"embeddable":true,"href":"https:\/\/www.invarena.cz\/index.php?rest_route=\/wp\/v2\/media\/20608"}],"wp:attachment":[{"href":"https:\/\/www.invarena.cz\/index.php?rest_route=%2Fwp%2Fv2%2Fmedia&parent=20559"}],"wp:term":[{"taxonomy":"category","embeddable":true,"href":"https:\/\/www.invarena.cz\/index.php?rest_route=%2Fwp%2Fv2%2Fcategories&post=20559"},{"taxonomy":"post_tag","embeddable":true,"href":"https:\/\/www.invarena.cz\/index.php?rest_route=%2Fwp%2Fv2%2Ftags&post=20559"}],"curies":[{"name":"wp","href":"https:\/\/api.w.org\/{rel}","templated":true}]}}