{"id":20569,"date":"2015-03-25T19:50:07","date_gmt":"2015-03-25T18:50:07","guid":{"rendered":"http:\/\/www.invarena.cz\/?p=20569"},"modified":"2015-03-25T19:50:07","modified_gmt":"2015-03-25T18:50:07","slug":"dusevne-nemocni-pachatele-trestnych-cinu-konci-v-lecebnach","status":"publish","type":"post","link":"https:\/\/www.invarena.cz\/?p=20569","title":{"rendered":"Du\u0161evn\u011b nemocn\u00ed pachatel\u00e9 trestn\u00fdch \u010din\u016f kon\u010d\u00ed v l\u00e9\u010debn\u00e1ch"},"content":{"rendered":"<p><strong>V\u00fdb\u011br trestn\u00fdch \u010din\u016f, kter\u00e9 v uplynul\u00fdch 20 letech sp\u00e1chali schizofrenici a lid\u00e9 du\u0161evn\u011b nemocn\u00ed:<\/strong><!--more--><\/p>\n<p>    19. dubna 1995 &#8211; V budov\u011b farn\u00edho \u00fa\u0159adu ve \u010ckyni na Prachaticku bylo nalezeno t\u011blo katolick\u00e9ho far\u00e1\u0159e Jana Preislera. Policie na z\u00e1klad\u011b pachov\u00e9 zkou\u0161ky ur\u010dila jako mo\u017en\u00e9ho pachatele sedmadvacetilet\u00e9ho psychopata propu\u0161t\u011bn\u00e9ho z psychiatrick\u00e9 l\u00e9\u010debny ve Ln\u00e1\u0159\u00edch. Soud jej ale pozd\u011bji pro nedostatek d\u016fkaz\u016f ob\u017ealoby zprostil.<br \/>\n    \u010cervenec 2003 &#8211; Na zl\u00ednsk\u00e9m s\u00eddli\u0161ti Ji\u017en\u00ed Svahy zabil ma\u010detou sedmadvacetilet\u00fd mu\u017e svou matku a v\u00e1\u017en\u011b poranil otce. M\u00edsto letit\u00e9ho v\u011bzen\u00ed se dva roky l\u00e9\u010dil v psychiatrick\u00e9 l\u00e9\u010debn\u011b. Pot\u00e9 ho soud propustil do ambulantn\u00ed p\u00e9\u010de.<br \/>\n    Prosinec 2005 &#8211; V Rudn\u00e9 u Prahy ubodal sv\u00e9 rodi\u010de a jejich t\u011bla zahrabal na zahrad\u011b domu \u010dty\u0159icetilet\u00fd mu\u017e. \u017dalobce v kv\u011btnu 2006 zastavil st\u00edh\u00e1n\u00ed obvin\u011bn\u00e9ho kv\u016fli nep\u0159\u00ed\u010detnosti. Mu\u017e trp\u00edc\u00ed paranoidn\u00ed schizofreni\u00ed byl p\u0159evezen do psychiatrick\u00e9 l\u00e9\u010debny.<br \/>\n    B\u0159ezen 2007 &#8211; Sv\u00e9 dv\u011b mal\u00e9 d\u011bti zardousila v \u00dast\u00ed nad Labem sedmadvacetilet\u00e1 Lenka Krimmerov\u00e1. V z\u00e1\u0159\u00ed t\u00e9ho\u017e roku rozhodl Krajsk\u00fd soud o \u00fastavn\u00ed l\u00e9\u010db\u011b pachatelky, kter\u00e1 se po \u010dinu pokusila o sebevra\u017edu. Podle tisku se cht\u011bla zab\u00edt n\u011bkolikr\u00e1t.<br \/>\n    7. \u010dervna 2008 &#8211; Policist\u00e9 objevili mrtv\u00e9ho dev\u00edtilet\u00e9ho chlapce z Havl\u00ed\u010dkova Brodu, kter\u00fd byl poh\u0159e\u0161ov\u00e1n od 4. kv\u011btna. Policie zadr\u017eela slovensk\u00e9ho ob\u010dana Anton\u00edna Nov\u00e1ka, kter\u00fd byl za pohlavn\u00ed zneu\u017e\u00edv\u00e1n\u00ed odsouzen u\u017e n\u011bkolikr\u00e1t na Slovensku. Podle m\u00e9di\u00ed se pachatel vyh\u00fdbal na\u0159\u00edzen\u00e9 psychiatrick\u00e9 l\u00e9\u010db\u011b, informace se ale k policist\u016fm \u00fadajn\u011b nedostala. Za vra\u017edu a zn\u00e1siln\u011bn\u00ed dostal Nov\u00e1k do\u017eivot\u00ed.<br \/>\n    Kv\u011bten 2009 &#8211; Mlad\u00e1 \u017eena z Hodon\u00ednska z\u0159ejm\u011b ubodala sv\u00e9 dv\u011b d\u011bti ve v\u011bku dvou a \u0161esti let, na\u010de\u017e se pokusila sp\u00e1chat sebevra\u017edu. St\u00e1tn\u00ed zastupitelstv\u00ed pozd\u011bji st\u00edh\u00e1n\u00ed pravd\u011bpodobn\u00e9 pachatelky zastavilo pro jej\u00ed nep\u0159\u00ed\u010detnost.<br \/>\n    11. \u00fanora 2010 &#8211; V \u010cesk\u00fdch Bud\u011bjovic\u00edch zavra\u017edil mu\u017e svou matku a jej\u00edho druh\u00e9ho man\u017eela, zn\u00e1m\u00e9ho hudebn\u00edka Pavla Malhock\u00e9ho, kter\u00e9mu p\u0159edt\u00edm vyhro\u017eoval. Pachatel Jan Heidinger v dob\u011b \u010dinu trp\u011bl paranoidn\u00ed schizofreni\u00ed a skon\u010dil v ochrann\u00e9m \u00fastavn\u00edm l\u00e9\u010den\u00ed. P\u0159ed soudem stanuli kv\u016fli liknavosti i dva policist\u00e9, kte\u0159\u00ed byli za nedbalost odsouzeni k podm\u00edn\u011bn\u00fdm trest\u016fm a z\u00e1kazu \u010dinnosti.<br \/>\n    22. ledna 2012 &#8211; P\u0159i trag\u00e9dii ve Fr\u00fddku-M\u00edstku zem\u0159elo rok a p\u016fl star\u00e9 d\u00edt\u011b. Na hol\u010di\u010dku i jej\u00ed osmapades\u00e1tiletou babi\u010dku za\u00fato\u010dila v prostor\u00e1ch domu jedna\u010dty\u0159icetilet\u00e1 \u017eena. Znalci uvedli, \u017ee pachatelka nebyla v dob\u011b \u010dinu p\u0159\u00ed\u010detn\u00e1. Nyn\u00ed je v p\u00e9\u010di Deten\u010dn\u00edho \u00fastavu v Brn\u011b.<br \/>\n    13. \u010dervna 2012 &#8211; Policie zadr\u017eela mu\u017ee podez\u0159el\u00e9ho z vra\u017edy star\u0161\u00edho mu\u017ee a \u017eeny v Kr\u00e1l\u00edk\u00e1ch na Orlicko\u00fastecku. Z \u010dinu byl obvin\u011bn psychicky nemocn\u00fd syn man\u017eel\u016f.<br \/>\n    14. \u0159\u00edjna 2014 &#8211; Ve \u017d\u010f\u00e1ru nad S\u00e1zavou ubodala \u0161estadvacetilet\u00e1 \u017eena na st\u0159edn\u00ed \u0161kole studenta a dal\u0161\u00ed t\u0159i lidi zranila. P\u0159ed dv\u011bma lety obdobn\u011b za\u00fato\u010dila v Hav\u00ed\u0159ov\u011b na \u0161kola\u010dku a jej\u00ed vychovatelku, kterou pobodala. Jako nep\u0159\u00ed\u010detn\u00e1 skon\u010dila s diagn\u00f3zou paranoidn\u00ed schizofrenie v psychiatrick\u00e9 l\u00e9\u010debn\u011b. Opavsk\u00fd okresn\u00ed soud j\u00ed v\u0161ak loni v \u00fanoru p\u0159em\u011bnil \u00fastavn\u00ed formu ochrann\u00e9ho l\u00e9\u010den\u00ed na ambulantn\u00ed. Proti tomuto rozhodnut\u00ed podala koncem lo\u0148sk\u00e9ho roku st\u00ed\u017enost tehdej\u0161\u00ed ministryn\u011b spravedlnosti Helena V\u00e1lkov\u00e1 (ANO). Nejvy\u0161\u0161\u00ed soud j\u00ed podle dne\u0161n\u00edho vyj\u00e1d\u0159en\u00ed nevyhov\u011bl. <\/p>\n","protected":false},"excerpt":{"rendered":"<div class=\"mh-excerpt\"><p>V\u00fdb\u011br trestn\u00fdch \u010din\u016f, kter\u00e9 v uplynul\u00fdch 20 letech sp\u00e1chali schizofrenici a lid\u00e9 du\u0161evn\u011b nemocn\u00ed:<\/p>\n<\/div>","protected":false},"author":1,"featured_media":0,"comment_status":"open","ping_status":"closed","sticky":false,"template":"","format":"standard","meta":{"footnotes":""},"categories":[9],"tags":[],"class_list":["post-20569","post","type-post","status-publish","format-standard","hentry","category-zpravy"],"_links":{"self":[{"href":"https:\/\/www.invarena.cz\/index.php?rest_route=\/wp\/v2\/posts\/20569","targetHints":{"allow":["GET"]}}],"collection":[{"href":"https:\/\/www.invarena.cz\/index.php?rest_route=\/wp\/v2\/posts"}],"about":[{"href":"https:\/\/www.invarena.cz\/index.php?rest_route=\/wp\/v2\/types\/post"}],"author":[{"embeddable":true,"href":"https:\/\/www.invarena.cz\/index.php?rest_route=\/wp\/v2\/users\/1"}],"replies":[{"embeddable":true,"href":"https:\/\/www.invarena.cz\/index.php?rest_route=%2Fwp%2Fv2%2Fcomments&post=20569"}],"version-history":[{"count":0,"href":"https:\/\/www.invarena.cz\/index.php?rest_route=\/wp\/v2\/posts\/20569\/revisions"}],"wp:attachment":[{"href":"https:\/\/www.invarena.cz\/index.php?rest_route=%2Fwp%2Fv2%2Fmedia&parent=20569"}],"wp:term":[{"taxonomy":"category","embeddable":true,"href":"https:\/\/www.invarena.cz\/index.php?rest_route=%2Fwp%2Fv2%2Fcategories&post=20569"},{"taxonomy":"post_tag","embeddable":true,"href":"https:\/\/www.invarena.cz\/index.php?rest_route=%2Fwp%2Fv2%2Ftags&post=20569"}],"curies":[{"name":"wp","href":"https:\/\/api.w.org\/{rel}","templated":true}]}}