{"id":20584,"date":"2015-03-26T13:04:09","date_gmt":"2015-03-26T12:04:09","guid":{"rendered":"http:\/\/www.invarena.cz\/?p=20584"},"modified":"2015-03-26T13:04:09","modified_gmt":"2015-03-26T12:04:09","slug":"za-parkovani-plati-i-lide-s-hendikepem","status":"publish","type":"post","link":"https:\/\/www.invarena.cz\/?p=20584","title":{"rendered":"Za parkov\u00e1n\u00ed plat\u00ed i lid\u00e9 s hendikepem"},"content":{"rendered":"<p><strong>Neriskujte pokutu, osob\u00e1m se zdravotn\u00edm posti\u017een\u00edm Bud\u011bjovi\u010dt\u00ed parkovn\u00e9 neprom\u00edjej\u00ed<\/strong><!--more--><\/p>\n<p>\u010cesk\u00e9 Bud\u011bjovice \u2013 Ivan \u010cop\u00e1k ze Lhotic u Li\u0161ova jezd\u00ed do Bud\u011bjovic \u010dasto za n\u00e1kupy, na \u00fa\u0159ady nebo k l\u00e9ka\u0159i. Jedna b\u0159eznov\u00e1 cesta do centra metropole se mu ale prodra\u017eila. Zaparkoval na Senov\u00e1\u017en\u00e9m n\u00e1m\u011bst\u00ed naproti Metropolu na m\u00edst\u011b vyhrazen\u00e9m pro osoby se zdravotn\u00edm posti\u017een\u00edm a v domn\u011bn\u00ed, \u017ee zde jako dr\u017eitel pr\u016fkazu ZTP nemus\u00ed platit, ode\u0161el do m\u011bsta. Ne\u017e se sta\u010dil vr\u00e1tit, m\u011bl za st\u011bra\u010dem od m\u011bstsk\u00e9 policie v\u00fdzvu k uhrazen\u00ed pokuty.<\/p>\n<p>&#8222;Zaplatil jsem dv\u011b stovky. Uzn\u00e1v\u00e1m, je to moje chyba. Ale \u017eil jsem v domn\u011bn\u00ed, \u017ee kdy\u017e m\u00e1m parkovac\u00ed pr\u016fkaz pro osoby se zdravotn\u00edm posti\u017een\u00edm, parkovn\u00e9 platit nemus\u00edm,&#8220; zm\u00ednil Ivan \u010cop\u00e1k. Vych\u00e1z\u00ed p\u0159itom z vlastn\u00ed zku\u0161enosti.<\/p>\n<p>&#8222;Jsem v d\u016fchodu a s man\u017eelkou \u010dasto jezd\u00edme na v\u00fdlety. Jen vloni jsme najeli 15 tis\u00edc kilometr\u016f. A a\u0165 jsme p\u0159ijeli do jak\u00e9hokoliv m\u011bsta, v\u0161ude m\u011bli hendikepovan\u00ed parkov\u00e1n\u00ed zdarma,&#8220; popsal.<\/p>\n<p>V Bud\u011bjovic\u00edch je ale praxe jin\u00e1. Mluv\u010d\u00ed magistr\u00e1tu Jitka Welzlov\u00e1 potvrdila, \u017ee na placen\u00fdch parkovi\u0161t\u00edch ve m\u011bst\u011b plat\u00ed v\u0161ichni, tedy i ti, kdo parkuj\u00ed na m\u00edst\u011b vyhrazen\u00e9m pro osoby se zdravotn\u00edm posti\u017een\u00edm.<\/p>\n<p>To nen\u00ed v rozporu se z\u00e1konem. Mluv\u010d\u00ed ministerstva dopravy Tom\u00e1\u0161 Ne\u0159old potvrdil, \u017ee obce maj\u00ed pravomoc stanovit si vlastn\u00ed pravidla pro parkov\u00e1n\u00ed. &#8222;V\u011bt\u0161inou dr\u017eitele pr\u016fkazu ZTP od placen\u00ed parkovn\u00e9ho osvobozuj\u00ed, ale nen\u00ed to pravidlem,&#8220; zm\u00ednil Tom\u00e1\u0161 Ne\u0159old a doplnil, \u017ee hlavn\u00edm \u00fa\u010delem z\u0159izov\u00e1n\u00ed vyhrazen\u00fdch m\u00edst je umo\u017enit hendikepovan\u00fdm co nejsnaz\u0161\u00ed p\u0159em\u00edst\u011bn\u00ed do c\u00edle, k n\u011bmu\u017e se vyhrazen\u00e9 parkovac\u00ed m\u00edsto v\u00e1\u017ee.<\/p>\n<p>MARTIN TR\u00d6STER<br \/>\n\u010ceskobud\u011bjovick\u00fd den\u00edk<br \/>\n<a href=\"http:\/\/ceskobudejovicky.denik.cz\/\">http:\/\/ceskobudejovicky.denik.cz\/<\/a><\/p>\n","protected":false},"excerpt":{"rendered":"<div class=\"mh-excerpt\"><p>Neriskujte pokutu, osob\u00e1m se zdravotn\u00edm posti\u017een\u00edm Bud\u011bjovi\u010dt\u00ed parkovn\u00e9 neprom\u00edjej\u00ed<\/p>\n<\/div>","protected":false},"author":1,"featured_media":9099,"comment_status":"open","ping_status":"closed","sticky":false,"template":"","format":"standard","meta":{"footnotes":""},"categories":[9],"tags":[],"class_list":["post-20584","post","type-post","status-publish","format-standard","has-post-thumbnail","hentry","category-zpravy"],"_links":{"self":[{"href":"https:\/\/www.invarena.cz\/index.php?rest_route=\/wp\/v2\/posts\/20584","targetHints":{"allow":["GET"]}}],"collection":[{"href":"https:\/\/www.invarena.cz\/index.php?rest_route=\/wp\/v2\/posts"}],"about":[{"href":"https:\/\/www.invarena.cz\/index.php?rest_route=\/wp\/v2\/types\/post"}],"author":[{"embeddable":true,"href":"https:\/\/www.invarena.cz\/index.php?rest_route=\/wp\/v2\/users\/1"}],"replies":[{"embeddable":true,"href":"https:\/\/www.invarena.cz\/index.php?rest_route=%2Fwp%2Fv2%2Fcomments&post=20584"}],"version-history":[{"count":0,"href":"https:\/\/www.invarena.cz\/index.php?rest_route=\/wp\/v2\/posts\/20584\/revisions"}],"wp:featuredmedia":[{"embeddable":true,"href":"https:\/\/www.invarena.cz\/index.php?rest_route=\/wp\/v2\/media\/9099"}],"wp:attachment":[{"href":"https:\/\/www.invarena.cz\/index.php?rest_route=%2Fwp%2Fv2%2Fmedia&parent=20584"}],"wp:term":[{"taxonomy":"category","embeddable":true,"href":"https:\/\/www.invarena.cz\/index.php?rest_route=%2Fwp%2Fv2%2Fcategories&post=20584"},{"taxonomy":"post_tag","embeddable":true,"href":"https:\/\/www.invarena.cz\/index.php?rest_route=%2Fwp%2Fv2%2Ftags&post=20584"}],"curies":[{"name":"wp","href":"https:\/\/api.w.org\/{rel}","templated":true}]}}