{"id":20598,"date":"2015-03-27T11:48:27","date_gmt":"2015-03-27T10:48:27","guid":{"rendered":"http:\/\/www.invarena.cz\/?p=20598"},"modified":"2015-03-27T11:48:27","modified_gmt":"2015-03-27T10:48:27","slug":"vozickari-absolvuji-orientacni-zavod","status":"publish","type":"post","link":"https:\/\/www.invarena.cz\/?p=20598","title":{"rendered":"Voz\u00ed\u010dk\u00e1\u0159i absolvuj\u00ed orienta\u010dn\u00ed z\u00e1vod"},"content":{"rendered":"<p><strong>Z\u00e1vodn\u00edci z p\u011bti zem\u00ed, mezi kter\u00fdmi nebudou chyb\u011bt ani t\u0159i mist\u0159i sv\u011bta, zav\u00edtaj\u00ed z\u00edtra do Prost\u011bjova.<\/strong><!--more--><\/p>\n<p>Prost\u011bjov \u2013 Ve dvou parc\u00edch se bude konat \u010cesk\u00fd poh\u00e1r v p\u0159esn\u00e9 orientaci Trail-o. &#8222;Je to jedna z discipl\u00edn orienta\u010dn\u00edch sport\u016f. Ta umo\u017e\u0148uje sout\u011b\u017eit bez ohledu na t\u011blesn\u00fd handicap, tak\u017ee na stejn\u00e9 trati soupe\u0159\u00ed voz\u00ed\u010dk\u00e1\u0159i i sportovci bez handicapu,&#8220; vysv\u011btlil \u0159editel z\u00e1vodu Pavel Dud\u00edk a doplnil, \u017ee do Prost\u011bjova p\u0159ijede i voz\u00ed\u010dk\u00e1\u0159ka Jana Kos\u0165ov\u00e1, kter\u00e1 se m\u016f\u017ee py\u0161nit zlatou medail\u00ed z mistrovstv\u00ed sv\u011bta 2013 ve Finsku. Z\u00e1vod se kon\u00e1 od 10 hodin v Kol\u00e1\u0159ov\u00fdch sadech, odpoledne se p\u0159em\u00edst\u00ed do Wolfov\u00fdch sad\u016f.<\/p>\n<p>Olomouck\u00fd den\u00edk<br \/>\n<a href=\"http:\/\/www.olomoucky.denik.cz\/\">http:\/\/www.olomoucky.denik.cz\/<\/a><br \/>\n27.03.2015<\/p>\n","protected":false},"excerpt":{"rendered":"<div class=\"mh-excerpt\"><p>Z\u00e1vodn\u00edci z p\u011bti zem\u00ed, mezi kter\u00fdmi nebudou chyb\u011bt ani t\u0159i mist\u0159i sv\u011bta, zav\u00edtaj\u00ed z\u00edtra do Prost\u011bjova.<\/p>\n<\/div>","protected":false},"author":1,"featured_media":8441,"comment_status":"open","ping_status":"closed","sticky":false,"template":"","format":"standard","meta":{"footnotes":""},"categories":[9],"tags":[],"class_list":["post-20598","post","type-post","status-publish","format-standard","has-post-thumbnail","hentry","category-zpravy"],"_links":{"self":[{"href":"https:\/\/www.invarena.cz\/index.php?rest_route=\/wp\/v2\/posts\/20598","targetHints":{"allow":["GET"]}}],"collection":[{"href":"https:\/\/www.invarena.cz\/index.php?rest_route=\/wp\/v2\/posts"}],"about":[{"href":"https:\/\/www.invarena.cz\/index.php?rest_route=\/wp\/v2\/types\/post"}],"author":[{"embeddable":true,"href":"https:\/\/www.invarena.cz\/index.php?rest_route=\/wp\/v2\/users\/1"}],"replies":[{"embeddable":true,"href":"https:\/\/www.invarena.cz\/index.php?rest_route=%2Fwp%2Fv2%2Fcomments&post=20598"}],"version-history":[{"count":0,"href":"https:\/\/www.invarena.cz\/index.php?rest_route=\/wp\/v2\/posts\/20598\/revisions"}],"wp:featuredmedia":[{"embeddable":true,"href":"https:\/\/www.invarena.cz\/index.php?rest_route=\/wp\/v2\/media\/8441"}],"wp:attachment":[{"href":"https:\/\/www.invarena.cz\/index.php?rest_route=%2Fwp%2Fv2%2Fmedia&parent=20598"}],"wp:term":[{"taxonomy":"category","embeddable":true,"href":"https:\/\/www.invarena.cz\/index.php?rest_route=%2Fwp%2Fv2%2Fcategories&post=20598"},{"taxonomy":"post_tag","embeddable":true,"href":"https:\/\/www.invarena.cz\/index.php?rest_route=%2Fwp%2Fv2%2Ftags&post=20598"}],"curies":[{"name":"wp","href":"https:\/\/api.w.org\/{rel}","templated":true}]}}