{"id":20603,"date":"2015-03-27T12:14:02","date_gmt":"2015-03-27T11:14:02","guid":{"rendered":"http:\/\/www.invarena.cz\/?p=20603"},"modified":"2015-03-27T12:41:23","modified_gmt":"2015-03-27T11:41:23","slug":"zastupitele-pardubic-si-vyzkouseli-udel-postizenych-a-pak-se-sli-pohadat","status":"publish","type":"post","link":"https:\/\/www.invarena.cz\/?p=20603","title":{"rendered":"Zastupitel\u00e9 Pardubic si vyzkou\u0161eli \u00fad\u011bl posti\u017een\u00fdch a pak se \u0161li poh\u00e1dat"},"content":{"rendered":"<p><strong>Prim\u00e1tor Pardubic Martin Charv\u00e1t jako nevidom\u00fd s b\u00edlou h\u016flkou na cest\u011b po radnici. Jeho n\u00e1m\u011bstek Jakub Rychteck\u00fd jako voz\u00ed\u010dk\u00e1\u0159, kter\u00fd se sna\u017e\u00ed dob\u00fdt na z\u00e1chod.<\/strong><!--more--><\/p>\n<p>PARDUBICE I takov\u00e9 sc\u00e9nky byly k vid\u011bn\u00ed v\u010dera odpoledne na pardubick\u00e9m magistr\u00e1tu p\u0159ed zased\u00e1n\u00edm zastupitelstva. Neznamenalo to v\u0161ak, \u017ee by v\u011bt\u0161ina radn\u00edch n\u00e1hle utrp\u011bla \u00faraz. Jen si zkou\u0161eli, jak\u00e9 to je \u017e\u00edt s handicapem. &#8222;Z\u00e1\u017eitkov\u00fd program p\u0159ipravila Komise pro bezbari\u00e9rovost. Politici se za asistence pracovn\u00edk\u016f \u010cesk\u00e9 abilympijsk\u00e9 asociace, pardubick\u00e9ho TyfloCentra a K\u0159i\u017eovatky handicap centra v\u017eili do situace zrakov\u011b a t\u011blesn\u011b posti\u017een\u00fdch,&#8220; uvedla mluv\u010d\u00ed pardubick\u00e9 radnice Pavla Kos\u00edkov\u00e1.<\/p>\n<p>P\u0159i zkou\u0161ce panovala vcelku uvoln\u011bn\u00e1 a\u017e rozvern\u00e1 n\u00e1lada. To se v\u0161ak u\u017e ned\u00e1 \u0159\u00edct o tom, co se pot\u00e9 d\u011blo v samotn\u00e9m zasedac\u00edm s\u00e1le. Z\u00e1stupci opozice a koalice se do sebe op\u011bt ost\u0159e pou\u0161t\u011bli a jednotliv\u00e9 body se da\u0159ilo schvalovat jen s nejv\u011bt\u0161\u00edm vyp\u011bt\u00edm.<\/p>\n<p>Po dvou a p\u016fl hodin\u00e1ch byli zastupitel\u00e9 st\u00e1le jen u bodu \u010d\u00edslo t\u0159i, kter\u00fd se t\u00fdkal zm\u011bny rozpo\u010dtu m\u011bsta na leto\u0161n\u00ed rok. Jasn\u00e9 tak bylo, \u017ee politiky \u010dekalo dal\u0161\u00ed dlouh\u00e9 jedn\u00e1n\u00ed a to i p\u0159esto, \u017ee v programu nem\u011bli kontroverzn\u00ed body.<\/p>\n<p>Mlad\u00e1 fronta DNES<\/p>\n","protected":false},"excerpt":{"rendered":"<div class=\"mh-excerpt\"><p>Prim\u00e1tor Pardubic Martin Charv\u00e1t jako nevidom\u00fd s b\u00edlou h\u016flkou na cest\u011b po radnici. Jeho n\u00e1m\u011bstek Jakub Rychteck\u00fd jako voz\u00ed\u010dk\u00e1\u0159, kter\u00fd se sna\u017e\u00ed dob\u00fdt na z\u00e1chod.<\/p>\n<\/div>","protected":false},"author":1,"featured_media":4071,"comment_status":"open","ping_status":"closed","sticky":false,"template":"","format":"standard","meta":{"footnotes":""},"categories":[9],"tags":[],"class_list":["post-20603","post","type-post","status-publish","format-standard","has-post-thumbnail","hentry","category-zpravy"],"_links":{"self":[{"href":"https:\/\/www.invarena.cz\/index.php?rest_route=\/wp\/v2\/posts\/20603","targetHints":{"allow":["GET"]}}],"collection":[{"href":"https:\/\/www.invarena.cz\/index.php?rest_route=\/wp\/v2\/posts"}],"about":[{"href":"https:\/\/www.invarena.cz\/index.php?rest_route=\/wp\/v2\/types\/post"}],"author":[{"embeddable":true,"href":"https:\/\/www.invarena.cz\/index.php?rest_route=\/wp\/v2\/users\/1"}],"replies":[{"embeddable":true,"href":"https:\/\/www.invarena.cz\/index.php?rest_route=%2Fwp%2Fv2%2Fcomments&post=20603"}],"version-history":[{"count":0,"href":"https:\/\/www.invarena.cz\/index.php?rest_route=\/wp\/v2\/posts\/20603\/revisions"}],"wp:featuredmedia":[{"embeddable":true,"href":"https:\/\/www.invarena.cz\/index.php?rest_route=\/wp\/v2\/media\/4071"}],"wp:attachment":[{"href":"https:\/\/www.invarena.cz\/index.php?rest_route=%2Fwp%2Fv2%2Fmedia&parent=20603"}],"wp:term":[{"taxonomy":"category","embeddable":true,"href":"https:\/\/www.invarena.cz\/index.php?rest_route=%2Fwp%2Fv2%2Fcategories&post=20603"},{"taxonomy":"post_tag","embeddable":true,"href":"https:\/\/www.invarena.cz\/index.php?rest_route=%2Fwp%2Fv2%2Ftags&post=20603"}],"curies":[{"name":"wp","href":"https:\/\/api.w.org\/{rel}","templated":true}]}}