{"id":20615,"date":"2015-03-30T08:36:18","date_gmt":"2015-03-30T06:36:18","guid":{"rendered":"http:\/\/www.invarena.cz\/?p=20615"},"modified":"2015-03-30T08:36:18","modified_gmt":"2015-03-30T06:36:18","slug":"plzensti-fotbaliste-se-zapsali-do-registru-darcu-kostni-drene","status":"publish","type":"post","link":"https:\/\/www.invarena.cz\/?p=20615","title":{"rendered":"Plze\u0148\u0161t\u00ed fotbalist\u00e9 se zapsali do registru d\u00e1rc\u016f kostn\u00ed d\u0159en\u011b"},"content":{"rendered":"<p><strong>Fotbalist\u00e9 Plzn\u011b se dnes zapsali do \u010cesk\u00e9ho n\u00e1rodn\u00edho registru d\u00e1rc\u016f d\u0159en\u011b (\u010cNRDD). Deset hr\u00e1\u010d\u016f vedouc\u00edho ligov\u00e9ho celku tak v p\u0159\u00edpad\u011b pot\u0159eby v\u011bnuje svou kostn\u00ed d\u0159e\u0148 pacient\u016fm s leuk\u00e9mi\u00ed \u010di jinou z\u00e1va\u017enou poruchou krvetvorby.<\/strong><!--more--><\/p>\n<p>    &#8222;Nebylo o \u010dem p\u0159em\u00fd\u0161let. M\u016f\u017eeme pomoci dobr\u00e9 v\u011bci, tak\u017ee akci jsme si v\u0161ichni vzali za svou,&#8220; \u0159ekl pro plze\u0148sk\u00fd web Stanislav Tecl. &#8222;\u0160ance, \u017ee n\u011bkdo z n\u00e1s bude vytipov\u00e1n jako re\u00e1ln\u00fd d\u00e1rce, je dle v\u0161eho velmi mal\u00e1, ale p\u0159esto m\u00e1 akce smysl,&#8220; p\u0159idal \u010dty\u0159iadvacetilet\u00fd \u00fato\u010dn\u00edk.<br \/>\n    Hr\u00e1\u010di Viktorie, kte\u0159\u00ed do nejv\u011bt\u0161\u00edho registru v \u010cR poprv\u00e9 vstoupili p\u0159ed t\u0159emi a p\u016fl lety, nejprve museli za pomoci odborn\u00edk\u016f z \u010cNRDD splnit v\u0161echny administrativn\u00ed povinnosti jako nap\u0159\u00edklad vypln\u011bn\u00ed vstupn\u00edch dotazn\u00edk\u016f, pot\u00e9 n\u00e1sledoval odb\u011br krve pro testy a zanesen\u00ed do datab\u00e1ze.<br \/>\n    &#8222;\u017d\u00edly m\u00e1m dobr\u00e9, nebyl probl\u00e9m. Pokud bych byl vybr\u00e1n, budu samoz\u0159ejm\u011b k dispozici. Zdrav\u00ed je v\u017edy na prvn\u00edm m\u00edst\u011b a to vn\u00edm\u00e1me v\u0161ichni stejn\u011b,&#8220; konstatoval obr\u00e1nce Roman Hubn\u00edk. &#8222;Koukat se na to nemus\u00edm, ale \u0161patn\u011b se mi ned\u011bl\u00e1. B\u011bhem kari\u00e9ry se ka\u017ed\u00fd hr\u00e1\u010d s b\u00edl\u00fdmi l\u00e9ka\u0159sk\u00fdmi pl\u00e1\u0161ti bohu\u017eel \u010dasto potk\u00e1v\u00e1, tak\u017ee jsme vyd\u011b\u0161eni opravdu nebyli,&#8220; p\u0159idal z\u00e1lo\u017en\u00edk Jan Kova\u0159\u00edk. <\/p>\n","protected":false},"excerpt":{"rendered":"<div class=\"mh-excerpt\"><p>Fotbalist\u00e9 Plzn\u011b se dnes zapsali do \u010cesk\u00e9ho n\u00e1rodn\u00edho registru d\u00e1rc\u016f d\u0159en\u011b (\u010cNRDD). Deset hr\u00e1\u010d\u016f vedouc\u00edho ligov\u00e9ho celku tak v p\u0159\u00edpad\u011b pot\u0159eby v\u011bnuje svou kostn\u00ed d\u0159e\u0148 <a class=\"mh-excerpt-more\" href=\"https:\/\/www.invarena.cz\/?p=20615\" title=\"Plze\u0148\u0161t\u00ed fotbalist\u00e9 se zapsali do registru d\u00e1rc\u016f kostn\u00ed d\u0159en\u011b\">[&#8230;]<\/a><\/p>\n<\/div>","protected":false},"author":1,"featured_media":15337,"comment_status":"open","ping_status":"closed","sticky":false,"template":"","format":"standard","meta":{"footnotes":""},"categories":[7],"tags":[],"class_list":["post-20615","post","type-post","status-publish","format-standard","has-post-thumbnail","hentry","category-spolecnost"],"_links":{"self":[{"href":"https:\/\/www.invarena.cz\/index.php?rest_route=\/wp\/v2\/posts\/20615","targetHints":{"allow":["GET"]}}],"collection":[{"href":"https:\/\/www.invarena.cz\/index.php?rest_route=\/wp\/v2\/posts"}],"about":[{"href":"https:\/\/www.invarena.cz\/index.php?rest_route=\/wp\/v2\/types\/post"}],"author":[{"embeddable":true,"href":"https:\/\/www.invarena.cz\/index.php?rest_route=\/wp\/v2\/users\/1"}],"replies":[{"embeddable":true,"href":"https:\/\/www.invarena.cz\/index.php?rest_route=%2Fwp%2Fv2%2Fcomments&post=20615"}],"version-history":[{"count":0,"href":"https:\/\/www.invarena.cz\/index.php?rest_route=\/wp\/v2\/posts\/20615\/revisions"}],"wp:featuredmedia":[{"embeddable":true,"href":"https:\/\/www.invarena.cz\/index.php?rest_route=\/wp\/v2\/media\/15337"}],"wp:attachment":[{"href":"https:\/\/www.invarena.cz\/index.php?rest_route=%2Fwp%2Fv2%2Fmedia&parent=20615"}],"wp:term":[{"taxonomy":"category","embeddable":true,"href":"https:\/\/www.invarena.cz\/index.php?rest_route=%2Fwp%2Fv2%2Fcategories&post=20615"},{"taxonomy":"post_tag","embeddable":true,"href":"https:\/\/www.invarena.cz\/index.php?rest_route=%2Fwp%2Fv2%2Ftags&post=20615"}],"curies":[{"name":"wp","href":"https:\/\/api.w.org\/{rel}","templated":true}]}}