{"id":20616,"date":"2015-03-30T08:41:32","date_gmt":"2015-03-30T06:41:32","guid":{"rendered":"http:\/\/www.invarena.cz\/?p=20616"},"modified":"2015-03-30T08:41:32","modified_gmt":"2015-03-30T06:41:32","slug":"kurakum-ma-za-poruseni-zakazu-koureni-hrozit-pokuta-5000-korun","status":"publish","type":"post","link":"https:\/\/www.invarena.cz\/?p=20616","title":{"rendered":"Ku\u0159\u00e1k\u016fm m\u00e1 za poru\u0161en\u00ed z\u00e1kazu kou\u0159en\u00ed hrozit pokuta 5000 korun"},"content":{"rendered":"<p><strong>Za poru\u0161en\u00ed z\u00e1kazu kou\u0159en\u00ed ve ve\u0159ejn\u00fdch prostor\u00e1ch by ku\u0159\u00e1k\u016fm podle ministersk\u00e9ho n\u00e1vrhu protiku\u0159\u00e1ck\u00e9ho z\u00e1kona m\u011bla hrozit pokuta 5000 korun. Provozovatel\u00e9 restaurac\u00ed by zaplatili a\u017e 50.000 korun. <\/strong><!--more--><\/p>\n<p>Ministr zdravotnictv\u00ed Svatopluk N\u011bme\u010dek to dnes ozn\u00e1mil novin\u00e1\u0159\u016fm p\u0159i p\u0159edstaven\u00ed hlavn\u00edch c\u00edl\u016f p\u0159edlohy, kterou p\u0159edlo\u017e\u00ed vl\u00e1d\u011b. Proti n\u00e1vrhu se postavila Asociace hotel\u016f a restaurac\u00ed.<\/p>\n<p>    V\u00fd\u0161e pokuty pro ku\u0159\u00e1ky, kte\u0159\u00ed by se provinili, podle ministra &#8222;nen\u00ed tak likvida\u010dn\u00ed&#8220; jako nap\u0159\u00edklad pokuta v Irsku, kde \u010din\u00ed 3000 eur, tedy zhruba 81.000 korun. A\u017e milionov\u00e1 pokuta by podle N\u011bme\u010dkova n\u00e1vrhu m\u011bla nov\u011b hrozit za prodej tab\u00e1kov\u00fdch v\u00fdrobk\u016f nebo alkoholu mladistv\u00fdm. V souvislosti se z\u00e1kazem by m\u011bly b\u00fdt pos\u00edleny pravomoci \u010cesk\u00e9 obchodn\u00ed inspekce nebo St\u00e1tn\u00ed zem\u011bd\u011blsk\u00e9 a potravin\u00e1\u0159sk\u00e9 inspekce, uvedl N\u011bme\u010dek.<br \/>\n    N\u00e1vrh podle asociace restaurat\u00e9r\u016f ale znamen\u00e1 &#8222;dal\u0161\u00ed p\u0159enos odpov\u011bdnosti za neschopnost st\u00e1tu zajistit kontrolu a dodr\u017eov\u00e1n\u00ed st\u00e1vaj\u00edc\u00edho z\u00e1kona&#8220; na podnikatele. Restaurat\u00e9\u0159i budou muset podle asociace mimo jin\u00e9 hl\u00eddat, aby v jejich prostor\u00e1ch nebyli podnapil\u00ed mladistv\u00ed a prov\u00e1d\u011bt u nich dechov\u00e9 zkou\u0161ky na alkohol. Nedodr\u017een\u00ed bude znamenat a\u017e likvida\u010dn\u00ed sankce, uvedl v prohl\u00e1\u0161en\u00ed zaslan\u00e9m \u010cTK prezident asociace V\u00e1clav St\u00e1rek. Z\u00e1konod\u00e1rci by proto podle n\u011bj takov\u00fd n\u00e1vrh podpo\u0159it nem\u011bli.<br \/>\n    Ministr chce z\u00e1konem tak\u00e9 zalo\u017eit fond na podporu projekt\u016f souvisej\u00edc\u00edch s prevenc\u00ed p\u0159ed u\u017e\u00edv\u00e1n\u00edm n\u00e1vykov\u00fdch l\u00e1tek. P\u0159\u00edjmem fondu by m\u011blo b\u00fdt jedno procento v\u00fdnosu ze spot\u0159ebn\u00ed dan\u011b z tab\u00e1ku a alkoholu, uvedl N\u011bme\u010dek. &#8222;Jsme si v\u011bdomi toho, \u017ee repres\u00ed nevy\u0159e\u0161\u00edme v\u0161e a \u017ee je pot\u0159eba podpo\u0159it programy, kter\u00e9 budou sni\u017eovat v\u00fdskyt z\u00e1vislost\u00ed,&#8220; uvedl ministr.<br \/>\n    Je p\u0159esv\u011bd\u010den o tom, \u017ee hlavn\u00ed c\u00edle z\u00e1kona z\u00edskaj\u00ed dostate\u010dnou podporu i v Parlamentu. &#8222;V tomto jsme hodn\u011b zaostali za zbytkem civilizovan\u00e9 Evropy. V okam\u017eiku, kdy toto opat\u0159en\u00ed bude schv\u00e1leno, tak se pouze dostaneme do hlavn\u00edho proudu evropsk\u00fdch zem\u00ed, co se t\u00fd\u010de ochrany p\u0159ed kou\u0159en\u00edm,&#8220; \u0159ekl ministr. Podobn\u00e9 \u00fapravy byly ov\u0161em v Parlamentu \u010dasto odm\u00edtnuty mimo jin\u00e9 kritiky regulac\u00ed. Ve Sn\u011bmovn\u011b je i stru\u010dn\u011bj\u0161\u00ed p\u0159edloha poslanc\u016f ANO, kter\u00e1 m\u00e1 pouze zak\u00e1zat kou\u0159en\u00ed v restaurac\u00edch.<br \/>\n    Ministersk\u00fd z\u00e1kon o ochran\u011b zdrav\u00ed p\u0159ed \u0161kodliv\u00fdmi \u00fa\u010dinky tab\u00e1ku, alkoholu a n\u00e1vykov\u00fdch l\u00e1tek m\u00e1 v souladu s jeho p\u016fvodn\u00edm z\u00e1m\u011brem zav\u00e9st \u00fapln\u00fd z\u00e1kaz kou\u0159en\u00ed v restaurac\u00edch, na koncertech \u010di tane\u010dn\u00edch z\u00e1bav\u00e1ch. D\u016fvodem je ochrana nejen n\u00e1v\u0161t\u011bvn\u00edk\u016f &#8211; neku\u0159\u00e1k\u016f, ale tak\u00e9 zam\u011bstnanc\u016f provozoven p\u0159ed d\u016fsledky pasivn\u00edho kou\u0159en\u00ed, zd\u016fraznil N\u011bme\u010dek.<br \/>\n    Z\u00e1kaz by se podle n\u011bj vztahoval i na elektronick\u00e9 cigarety. I kdy\u017e jejich \u0161kodlivost na zdrav\u00ed nen\u00ed velk\u00e1, podle Evy Kr\u00e1l\u00edkov\u00e9 z Centra l\u00e9\u010dby z\u00e1vislosti na tab\u00e1ku je z\u00e1kaz v souladu s doporu\u010den\u00edm sv\u011btov\u00e9 zdravotnick\u00e9 organizace. N\u00e1vrh po\u010d\u00edt\u00e1 rovn\u011b\u017e s t\u00edm, \u017ee restaurace by musely nab\u00edzet jeden nealkoholick\u00fd n\u00e1poj levn\u011bj\u0161\u00ed ne\u017e pivo. Jako p\u0159\u00edklad N\u011bme\u010dek uvedl mo\u017enost nab\u00edzet k j\u00eddlu karafu s oby\u010dejnou vodou.<br \/>\n    N\u00e1vrh m\u00e1 podle ministra rovn\u011b\u017e umo\u017enit obc\u00edm, aby vyhl\u00e1\u0161kou zak\u00e1zaly kou\u0159en\u00ed v m\u00edstech, kde se pro to rozhodnou. Zvl\u00e1\u0161t\u011b by se to t\u00fdkalo okol\u00ed \u0161kol nebo h\u0159i\u0161\u0165, podotkl ministr. Pokud n\u00e1vrh stihne Parlament schv\u00e1lit v\u010das, m\u011bl by platit od p\u0159\u00ed\u0161t\u00edho roku. <\/p>\n","protected":false},"excerpt":{"rendered":"<div class=\"mh-excerpt\"><p>Za poru\u0161en\u00ed z\u00e1kazu kou\u0159en\u00ed ve ve\u0159ejn\u00fdch prostor\u00e1ch by ku\u0159\u00e1k\u016fm podle ministersk\u00e9ho n\u00e1vrhu protiku\u0159\u00e1ck\u00e9ho z\u00e1kona m\u011bla hrozit pokuta 5000 korun. Provozovatel\u00e9 restaurac\u00ed by zaplatili a\u017e 50.000 <a class=\"mh-excerpt-more\" href=\"https:\/\/www.invarena.cz\/?p=20616\" title=\"Ku\u0159\u00e1k\u016fm m\u00e1 za poru\u0161en\u00ed z\u00e1kazu kou\u0159en\u00ed hrozit pokuta 5000 korun\">[&#8230;]<\/a><\/p>\n<\/div>","protected":false},"author":1,"featured_media":0,"comment_status":"open","ping_status":"closed","sticky":false,"template":"","format":"standard","meta":{"footnotes":""},"categories":[9],"tags":[],"class_list":["post-20616","post","type-post","status-publish","format-standard","hentry","category-zpravy"],"_links":{"self":[{"href":"https:\/\/www.invarena.cz\/index.php?rest_route=\/wp\/v2\/posts\/20616","targetHints":{"allow":["GET"]}}],"collection":[{"href":"https:\/\/www.invarena.cz\/index.php?rest_route=\/wp\/v2\/posts"}],"about":[{"href":"https:\/\/www.invarena.cz\/index.php?rest_route=\/wp\/v2\/types\/post"}],"author":[{"embeddable":true,"href":"https:\/\/www.invarena.cz\/index.php?rest_route=\/wp\/v2\/users\/1"}],"replies":[{"embeddable":true,"href":"https:\/\/www.invarena.cz\/index.php?rest_route=%2Fwp%2Fv2%2Fcomments&post=20616"}],"version-history":[{"count":0,"href":"https:\/\/www.invarena.cz\/index.php?rest_route=\/wp\/v2\/posts\/20616\/revisions"}],"wp:attachment":[{"href":"https:\/\/www.invarena.cz\/index.php?rest_route=%2Fwp%2Fv2%2Fmedia&parent=20616"}],"wp:term":[{"taxonomy":"category","embeddable":true,"href":"https:\/\/www.invarena.cz\/index.php?rest_route=%2Fwp%2Fv2%2Fcategories&post=20616"},{"taxonomy":"post_tag","embeddable":true,"href":"https:\/\/www.invarena.cz\/index.php?rest_route=%2Fwp%2Fv2%2Ftags&post=20616"}],"curies":[{"name":"wp","href":"https:\/\/api.w.org\/{rel}","templated":true}]}}