{"id":20643,"date":"2015-03-31T10:57:55","date_gmt":"2015-03-31T08:57:55","guid":{"rendered":"http:\/\/www.invarena.cz\/?p=20643"},"modified":"2015-03-31T10:57:55","modified_gmt":"2015-03-31T08:57:55","slug":"policejni-potapeci-asistovali-vozickarum","status":"publish","type":"post","link":"https:\/\/www.invarena.cz\/?p=20643","title":{"rendered":"Policejn\u00ed pot\u00e1p\u011b\u010di asistovali voz\u00ed\u010dk\u00e1\u0159\u016fm"},"content":{"rendered":"<p><strong>P\u0159i pot\u00e1p\u011bn\u00ed si handicapovan\u00ed vyzkou\u0161eli celoobli\u010dejov\u00e9 masky s komunik\u00e1torem.<\/strong><!--more--><\/p>\n<p>T\u0159\u00ed\u010dlenn\u00e1 skupina policejn\u00edch pot\u00e1p\u011b\u010d\u016f z Brna se 17. 3. 2015 z\u00fa\u010dastnila ponoru se dv\u011bma handicapovan\u00fdmi a jejich asistenty ze Sportovn\u00edho klubu voz\u00ed\u010dk\u00e1\u0159\u016f Praha. Kpt. Filip Lipovsk\u00fd, kpt. Radek Pyrgl a kpt. Jan Ko\u017eelsk\u00fd nejprve sezn\u00e1mili p\u0159\u00edtomn\u00e9 s celoobli\u010dejov\u00fdmi maskami typu Interspiro a Dr\u00e4ger Panorama Nova v\u010d. komunik\u00e1toru OTS. Pot\u00e9 se uskute\u010dnil hodinov\u00fd ponor v baz\u00e9nu Sl\u00e1via v Praze.<\/p>\n<p>N\u011bkte\u0159\u00ed voz\u00ed\u010dk\u00e1\u0159i maj\u00ed ochrnut\u00e9 i horn\u00ed kon\u010detiny, tud\u00ed\u017e maj\u00ed pot\u00ed\u017ee s komunikac\u00ed gesty a samotn\u00fdm vyrovn\u00e1v\u00e1n\u00edm tlaku pod vodou. Vedouc\u00ed odd\u00edlu pot\u00e1p\u011bn\u00ed sportovn\u00edho klubu Tom\u00e1\u0161 Kratochv\u00edl proto po\u017e\u00e1dal Policejn\u00ed prezidium \u010cR o zap\u016fj\u010den\u00ed a vyzkou\u0161en\u00ed celoobli\u010dejov\u00fdch masek s komunik\u00e1torem, kter\u00e9 na\u0161i pot\u00e1p\u011b\u010di pou\u017e\u00edvaj\u00ed.<\/p>\n<p>Po t\u00e9to zku\u0161enosti handicapovan\u00ed pot\u00e1p\u011b\u010di maj\u00ed z\u00e1jem o zakoupen\u00ed t\u011bchto obli\u010dejov\u00fdch masek, kter\u00e9 by jim zajistily v\u011bt\u0161\u00ed bezpe\u010dnost p\u0159i jejich ponorech.<\/p>\n<p>Parlamentn\u00ed listy<\/p>\n","protected":false},"excerpt":{"rendered":"<div class=\"mh-excerpt\"><p>P\u0159i pot\u00e1p\u011bn\u00ed si handicapovan\u00ed vyzkou\u0161eli celoobli\u010dejov\u00e9 masky s komunik\u00e1torem.<\/p>\n<\/div>","protected":false},"author":1,"featured_media":2210,"comment_status":"open","ping_status":"closed","sticky":false,"template":"","format":"standard","meta":{"footnotes":""},"categories":[9],"tags":[],"class_list":["post-20643","post","type-post","status-publish","format-standard","has-post-thumbnail","hentry","category-zpravy"],"_links":{"self":[{"href":"https:\/\/www.invarena.cz\/index.php?rest_route=\/wp\/v2\/posts\/20643","targetHints":{"allow":["GET"]}}],"collection":[{"href":"https:\/\/www.invarena.cz\/index.php?rest_route=\/wp\/v2\/posts"}],"about":[{"href":"https:\/\/www.invarena.cz\/index.php?rest_route=\/wp\/v2\/types\/post"}],"author":[{"embeddable":true,"href":"https:\/\/www.invarena.cz\/index.php?rest_route=\/wp\/v2\/users\/1"}],"replies":[{"embeddable":true,"href":"https:\/\/www.invarena.cz\/index.php?rest_route=%2Fwp%2Fv2%2Fcomments&post=20643"}],"version-history":[{"count":0,"href":"https:\/\/www.invarena.cz\/index.php?rest_route=\/wp\/v2\/posts\/20643\/revisions"}],"wp:featuredmedia":[{"embeddable":true,"href":"https:\/\/www.invarena.cz\/index.php?rest_route=\/wp\/v2\/media\/2210"}],"wp:attachment":[{"href":"https:\/\/www.invarena.cz\/index.php?rest_route=%2Fwp%2Fv2%2Fmedia&parent=20643"}],"wp:term":[{"taxonomy":"category","embeddable":true,"href":"https:\/\/www.invarena.cz\/index.php?rest_route=%2Fwp%2Fv2%2Fcategories&post=20643"},{"taxonomy":"post_tag","embeddable":true,"href":"https:\/\/www.invarena.cz\/index.php?rest_route=%2Fwp%2Fv2%2Ftags&post=20643"}],"curies":[{"name":"wp","href":"https:\/\/api.w.org\/{rel}","templated":true}]}}