{"id":20660,"date":"2015-04-01T09:19:10","date_gmt":"2015-04-01T07:19:10","guid":{"rendered":"http:\/\/www.invarena.cz\/?p=20660"},"modified":"2015-04-01T09:23:10","modified_gmt":"2015-04-01T07:23:10","slug":"na-asistenty-chybi-penize-zni-ze-skol","status":"publish","type":"post","link":"https:\/\/www.invarena.cz\/?p=20660","title":{"rendered":"Na asistenty chyb\u00ed pen\u00edze, zn\u00ed ze \u0161kol"},"content":{"rendered":"<p><strong>Po\u010det asistent\u016f pedagoga stoup\u00e1 i ve \u0161kol\u00e1ch Vy\u0161kovska. Ty ale nemaj\u00ed dost pen\u011bz na jejich platy. P\u0159\u00edsp\u011bvky dost\u00e1vaj\u00ed od kraje, ten se ov\u0161em odvol\u00e1v\u00e1 na ministerstvo.<\/strong> <!--more--><\/p>\n<p>Vy\u0161kovsko \u2013 Je\u0161t\u011b p\u0159ed n\u011bkolika lety byli sp\u00ed\u0161 v\u00fdjime\u010dn\u00fdm jevem. Kv\u016fli neust\u00e1le se zvy\u0161uj\u00edc\u00edmu po\u010dtu d\u011bt\u00ed, kter\u00e9 maj\u00ed diagnostikovan\u00e9 r\u016fzn\u00e9 typy vzd\u011bl\u00e1vac\u00edch poruch a poruch chov\u00e1n\u00ed, jsou asistenti pedagog\u016f v\u00edc a v\u00edc pot\u0159eba. Shoduj\u00ed se na tom tak\u00e9 \u0159editel\u00e9 z\u00e1kladn\u00edch \u0161kol z Vy\u0161kovska. Nemaj\u00ed ov\u0161em na jejich platy. A pr\u00e1v\u011b v tomto okam\u017eiku nar\u00e1\u017e\u00ed na probl\u00e9m, kter\u00fd m\u016f\u017ee podle n\u011bkter\u00fdch v budoucnu nabobtnat do tak\u0159ka nezvl\u00e1dnuteln\u00fdch rozm\u011br\u016f.<\/p>\n<p>&#8222;Zv\u00fd\u0161en\u00fd n\u00e1r\u016fst po\u010dtu asistent\u016f nen\u00ed kryt\u00fd rozpo\u010dtem \u0161koly. Asistenti u n\u00e1s pracuj\u00ed na \u010d\u00e1ste\u010dn\u00fd \u00favazek: polovi\u010dn\u00ed, t\u0159etinov\u00fd, dvout\u0159etinov\u00fd a podobn\u011b, podle toho, jak n\u00e1m to v p\u0159\u00edpad\u011b ka\u017ed\u00e9ho \u017e\u00e1ka doporu\u010d\u00ed pedadogickopsychologick\u00e1 poradna. Na jejich plat dost\u00e1v\u00e1me p\u0159\u00edsp\u011bvek od kraje, ale ten nen\u00ed dostate\u010dn\u00fd. Rozd\u00edl pak mus\u00edme vyrovn\u00e1vat z vlastn\u00edho rozpo\u010dtu,&#8220; pouk\u00e1zal nap\u0159\u00edklad \u0159editel Z\u00e1kladn\u00ed \u0161koly Letn\u00ed Pole ve Vy\u0161kov\u011b, kde nyn\u00ed maj\u00ed t\u0159i asistentky, Ji\u0159\u00ed Sochor. V \u0159e\u010di \u010d\u00edsel je to tak, \u017ee konkr\u00e9tn\u011b jeho \u0161kola mus\u00ed platit dohromady asi 1,75 asistenta. Krajsk\u00fd p\u0159\u00edsp\u011bvek ale sta\u010d\u00ed na mzdu jen o n\u011bco m\u00e1lo v\u00edc ne\u017e jednoho.<\/p>\n<p>Stanovuj\u00ed m\u00e9n\u011b<\/p>\n<p>Krom\u011b toho poradna podle Sochora ne v\u017edy diagnostikuje \u017e\u00e1kovi tolik hodin s asistentem, kolik skute\u010dn\u011b pot\u0159ebuje. &#8222;Nap\u0159\u00edklad d\u00edt\u011b na invalidn\u00edm voz\u00edku pot\u0159ebuje asistenta prakticky nep\u0159etr\u017eit\u011b: v dev\u00e1t\u00e9 t\u0159\u00edd\u011b to d\u011bl\u00e1 dvaat\u0159icet hodin t\u00fddn\u011b. Jen\u017ee poradna stanov\u00ed jen p\u011btadvacet. Je to opravdu z\u00e1sadn\u00ed probl\u00e9m. \u0160kola je po str\u00e1nce pen\u011bz vlastn\u011b trestan\u00e1 za to, \u017ee poskytuje vzd\u011bl\u00e1n\u00ed d\u011btem se speci\u00e1ln\u00edmi pot\u0159ebami. P\u0159\u00edsp\u011bvky by m\u011bly odpov\u00eddat tomu, kolik \u0161kola na placen\u00ed asistent\u016f pot\u0159ebuje,&#8220; upozornil Sochor.<\/p>\n<p>Podle mluv\u010d\u00ed Jihomoravsk\u00e9ho kraje Denisy Kapitan\u010dikov\u00e9 kraj \u017e\u00e1dn\u00e9 form\u00e1ln\u00ed st\u00ed\u017enosti neeviduje. &#8222;V\u00edme ale, \u017ee \u0161koly by p\u0159iv\u00edtaly p\u0159\u00edsp\u011bvek vy\u0161\u0161\u00ed. Bohu\u017eel disponibiln\u00ed zdroje pen\u011bz ze st\u00e1tn\u00edho rozpo\u010dtu n\u00e1m to neumo\u017e\u0148uj\u00ed. Odm\u011b\u0148ov\u00e1n\u00ed asistent\u016f pedagoga je pln\u011b v kompetenci \u0159editele \u0161koly. Kraj zabezpe\u010duje jejich placen\u00ed v souladu s pravidly pro rozpis rozpo\u010dtu. Krom\u011b toho \u0161koly dost\u00e1vaj\u00edc\u00ed p\u0159\u00edplatky na \u017e\u00e1ky se speci\u00e1ln\u00edmi vzd\u011bl\u00e1vac\u00edmi pot\u0159ebami dle jednotliv\u00fdch druh\u016f zdravotn\u00edho posti\u017een\u00ed,&#8220; vysv\u011btlila mluv\u010d\u00ed.<\/p>\n<p>I krajsk\u00fd \u00fa\u0159ad ov\u0161em vn\u00edm\u00e1 probl\u00e9m podobn\u011b jako n\u011bkte\u0159\u00ed \u0159editel\u00e9: v\u00edc integrovan\u00fdch \u017e\u00e1k\u016f znamen\u00e1 v\u011bt\u0161\u00ed pot\u0159ebu asistent\u016f. &#8222;Ministerstvo \u0161kolstv\u00ed podporuje integraci bez adekv\u00e1tn\u00edho nav\u00fd\u0161en\u00ed mno\u017estv\u00ed pen\u011bz, kter\u00e9 to vy\u017eaduje,&#8220; potvrdila Kapitan\u010dikov\u00e1.<\/p>\n<p>Jak ale tvrd\u00ed nap\u0159\u00edklad \u0159editel Z\u00e1kladn\u00ed \u0161koly Komensk\u00e9ho ve Slavkov\u011b u Brna Vladim\u00edr Soukop, byla by vhodn\u00e1 zm\u011bna nejen, co se t\u00fdk\u00e1 pen\u011bz, ale obecn\u011b cel\u00e9 problematiky. &#8222;Integrace \u017e\u00e1k\u016f je velice citliv\u00e9 t\u00e9ma. Panuje trend, kdy je skoro ka\u017ed\u00e9 d\u00edt\u011b, kter\u00e9 by d\u0159\u00edv chodilo na speci\u00e1ln\u00ed \u0161kolu, tak\u0159ka nucen\u00e9 nav\u0161t\u011bvovat b\u011b\u017enou z\u00e1kladn\u00ed. A to je \u010dasto zni\u010duj\u00edc\u00ed: pro d\u00edt\u011b samotn\u00e9, jeho rodi\u010de i \u0161kolu. M\u00e1me u n\u00e1s d\u011bti, kter\u00e9 jsou velmi obt\u00ed\u017en\u011b zvladateln\u00e9. Vyru\u0161uj\u00ed, jsou agresivn\u00ed a z\u00e1rove\u0148 nezvl\u00e1daj\u00ed u\u010divo. Ale kv\u016fli urputn\u00e9 snaze za\u0159adit je do klasick\u00e9ho vzd\u011bl\u00e1vac\u00edho procesu cel\u00fd tento proces trp\u00ed. A t\u00edm i ostatn\u00ed \u017e\u00e1ci, kte\u0159\u00ed maj\u00ed stejn\u00fd n\u00e1rok na vzd\u011bl\u00e1v\u00e1n\u00ed,&#8220; \u0159ekl Soukop, na jeho\u017e \u0161kole jsou nyn\u00ed \u010dty\u0159i asistenti.<\/p>\n<p>Citliv\u011bj\u0161\u00ed p\u0159\u00edstup k integraci by podle n\u011bj prosp\u011bl v\u0161em dot\u010den\u00fdm. &#8222;Je t\u0159eba si uv\u011bdomit, \u017ee \u017e\u00e1kovi, kter\u00fd pro klasick\u00e9 u\u010den\u00ed nen\u00ed stav\u011bn\u00fd, by v\u00edc vyhovovalo jin\u00e9 vzd\u011bl\u00e1vac\u00ed prost\u0159ed\u00ed. U n\u00e1s je ne\u0161\u0165astn\u00fd,&#8220; poznamenal.<\/p>\n<p>Individu\u00e1ln\u00ed p\u0159\u00edstup<\/p>\n<p>T\u00edm pr\u00fd ale v \u017e\u00e1dn\u00e9m p\u0159\u00edpad\u011b nechce \u0159\u00edct, \u017ee to plat\u00ed pro ka\u017ed\u00e9 d\u00edt\u011b t\u0159eba s diagn\u00f3zou poruchy chov\u00e1n\u00ed. &#8222;Ke ka\u017ed\u00e9mu \u017e\u00e1kovi je p\u0159i rozhodov\u00e1n\u00ed, na jakou \u0161kolu ho d\u00e1t, t\u0159eba p\u0159istupovat individu\u00e1ln\u011b a vyhodnotit v\u0161echna pro a proti,&#8220; zd\u016fraznil Soukop.<\/p>\n<p>Pokud se tak nestane, \u0161kola, jak dodal, bude s postupuj\u00edc\u00edm \u010dasem pot\u0159ebovat st\u00e1le v\u00edc asistent\u016f. &#8222;Tyto pracovn\u00edky pot\u0159ebujeme. Ve vzd\u011bl\u00e1vac\u00edm procesu jsou p\u0159i sou\u010dasn\u00e9m stavu neoceniteln\u00ed. Ale t\u011b\u017eko \u0159\u00edct, kde budeme br\u00e1t pen\u00edze na jejich platy, kdy\u017e je u\u017e nyn\u00ed p\u0159\u00edsp\u011bvky z kraje nepokryj\u00ed,&#8220; doplnil.<\/p>\n<p>Asistent mus\u00ed b\u00fdt schopn\u00fd poradit si s mnoha r\u016fznorod\u00fdmi pot\u0159ebami d\u011bt\u00ed. &#8222;Rozd\u00edln\u00e9 v\u011bci logicky vy\u017eaduj\u00ed d\u011bti se zdravotn\u00edm posti\u017een\u00edm a pak ty, kter\u00e9 maj\u00ed probl\u00e9my se vzd\u011bl\u00e1v\u00e1n\u00edm. Ale pr\u00e1ce s ka\u017ed\u00fdm \u017e\u00e1kem je docela jin\u00e1 a nic neplat\u00ed obecn\u011b,&#8220; uvedla asistentka pedagoga Z\u00e1kladn\u00ed \u0161koly na Letn\u00edm poli ve Vy\u0161kov\u011b Libu\u0161e Such\u00e1.<\/p>\n<p>ADAM HRB\u00c1\u010c<br \/>\nVy\u0161kovsk\u00fd den\u00edk<br \/>\n<a href=\"http:\/\/vyskovsky.denik.cz\/\">http:\/\/vyskovsky.denik.cz\/<\/a><\/p>\n","protected":false},"excerpt":{"rendered":"<div class=\"mh-excerpt\"><p>Po\u010det asistent\u016f pedagoga stoup\u00e1 i ve \u0161kol\u00e1ch Vy\u0161kovska. Ty ale nemaj\u00ed dost pen\u011bz na jejich platy. P\u0159\u00edsp\u011bvky dost\u00e1vaj\u00ed od kraje, ten se ov\u0161em odvol\u00e1v\u00e1 na <a class=\"mh-excerpt-more\" href=\"https:\/\/www.invarena.cz\/?p=20660\" title=\"Na asistenty chyb\u00ed pen\u00edze, zn\u00ed ze \u0161kol\">[&#8230;]<\/a><\/p>\n<\/div>","protected":false},"author":1,"featured_media":13102,"comment_status":"open","ping_status":"closed","sticky":false,"template":"","format":"standard","meta":{"footnotes":""},"categories":[9],"tags":[],"class_list":["post-20660","post","type-post","status-publish","format-standard","has-post-thumbnail","hentry","category-zpravy"],"_links":{"self":[{"href":"https:\/\/www.invarena.cz\/index.php?rest_route=\/wp\/v2\/posts\/20660","targetHints":{"allow":["GET"]}}],"collection":[{"href":"https:\/\/www.invarena.cz\/index.php?rest_route=\/wp\/v2\/posts"}],"about":[{"href":"https:\/\/www.invarena.cz\/index.php?rest_route=\/wp\/v2\/types\/post"}],"author":[{"embeddable":true,"href":"https:\/\/www.invarena.cz\/index.php?rest_route=\/wp\/v2\/users\/1"}],"replies":[{"embeddable":true,"href":"https:\/\/www.invarena.cz\/index.php?rest_route=%2Fwp%2Fv2%2Fcomments&post=20660"}],"version-history":[{"count":0,"href":"https:\/\/www.invarena.cz\/index.php?rest_route=\/wp\/v2\/posts\/20660\/revisions"}],"wp:featuredmedia":[{"embeddable":true,"href":"https:\/\/www.invarena.cz\/index.php?rest_route=\/wp\/v2\/media\/13102"}],"wp:attachment":[{"href":"https:\/\/www.invarena.cz\/index.php?rest_route=%2Fwp%2Fv2%2Fmedia&parent=20660"}],"wp:term":[{"taxonomy":"category","embeddable":true,"href":"https:\/\/www.invarena.cz\/index.php?rest_route=%2Fwp%2Fv2%2Fcategories&post=20660"},{"taxonomy":"post_tag","embeddable":true,"href":"https:\/\/www.invarena.cz\/index.php?rest_route=%2Fwp%2Fv2%2Ftags&post=20660"}],"curies":[{"name":"wp","href":"https:\/\/api.w.org\/{rel}","templated":true}]}}