{"id":20669,"date":"2015-04-01T20:58:29","date_gmt":"2015-04-01T18:58:29","guid":{"rendered":"http:\/\/www.invarena.cz\/?p=20669"},"modified":"2015-04-01T20:58:29","modified_gmt":"2015-04-01T18:58:29","slug":"mpsv-predstavi-asistivni-technologie-na-konferenci-isss-2015","status":"publish","type":"post","link":"https:\/\/www.invarena.cz\/?p=20669","title":{"rendered":"MPSV p\u0159edstav\u00ed asistivn\u00ed technologie na konferenci ISSS 2015"},"content":{"rendered":"<p><strong>Konference ISSS (informa\u010dn\u00ed spole\u010dnost, st\u00e1tn\u00ed spr\u00e1va, samospr\u00e1va) je vrcholn\u00fdm n\u00e1rodn\u00edm setk\u00e1n\u00edm p\u0159edstavitel\u016f ve\u0159ejn\u00e9 spr\u00e1vy a podnik\u00e1n\u00ed k problematice informa\u010dn\u00ed spole\u010dnosti, digitalizace a vyu\u017eit\u00ed Internetu. Leto\u0161n\u00ed ro\u010dn\u00edk se kon\u00e1 ve dnech 13. &#8211; 14. dubna v Hradci Kr\u00e1lov\u00e9.<\/strong><!--more--><\/p>\n<p>ilustra\u010dn\u00ed foto: alexdecarvalho \/ Flickr.com<\/p>\n<p> MPSV chce vyu\u017e\u00edt Konference ISSSk prezentov\u00e1n\u00ed jedn\u00e9 z kl\u00ed\u010dov\u00fdch aktivit projektu Podpora proces\u016f v soci\u00e1ln\u00edch slu\u017eb\u00e1ch, kter\u00e1 je v\u011bnov\u00e1na asistivn\u00edm technologi\u00edm a p\u0159edpoklad\u016fm pro slu\u017eby asistovan\u00e9ho \u017eivota. Na konferenci bude aktivita projektu p\u0159edstavena hned dvakr\u00e1t.<\/p>\n<p>Poprv\u00e9 v konferen\u010dn\u00ed sekci Elektronizace zdravotnictv\u00ed I. p\u0159edstav\u00ed Ji\u0159\u00ed Schlanger, odborn\u00fd garant kl\u00ed\u010dov\u00e9 aktivity 13 projektu Podpora proces\u016f v soci\u00e1ln\u00edch slu\u017eb\u00e1ch, prezentaci na t\u00e9ma Asistivn\u00ed technologie jako prost\u0159edky efektivn\u00edch slu\u017eeb a pomoci. P\u016fjde o komplexn\u00ed p\u0159edstaven\u00ed aktivity, kter\u00e1 m\u00e1 za c\u00edl zhodnotit sou\u010dasnou situaci v oblasti rozvoje a vyu\u017e\u00edv\u00e1n\u00ed asistivn\u00edch technologi\u00ed (nejen v prost\u0159ed\u00ed soci\u00e1ln\u00edch slu\u017eeb) a nastavit mechanismy pro jejich vyu\u017eit\u00ed ve prosp\u011bch osob se zdravotn\u00edm \u010di soci\u00e1ln\u00edm znev\u00fdhodn\u011bn\u00edm a jejich okol\u00ed. <\/p>\n<p>Podruh\u00e9 v sekci E-inclusion konference zazn\u00ed od Michala Rady z pracovn\u00ed skupiny pro p\u0159\u00edstupnost informac\u00ed MV \u010cR a Ji\u0159\u00edho Schlangera p\u0159edn\u00e1\u0161ka na t\u00e9ma Asistivn\u00ed technologie jako pom\u016fcky nejen pro obsah o kompenza\u010dn\u00edch a inkluzn\u00edch pom\u016fck\u00e1ch pro osoby se zdravotn\u00edm posti\u017een\u00edm. <\/p>\n<p>MPSV na Konferenci ISSS nebude prezentovat pouze informace o pr\u00e1ci na studii t\u00fdkaj\u00edc\u00ed se asistivn\u00edch technologi\u00ed. V r\u00e1mci hlavn\u00ed programov\u00e9 sekce v\u011bnovan\u00e9 ve\u0159ejn\u00fdm investic\u00edm vystoup\u00ed i n\u00e1m\u011bstkyn\u011b ministryn\u011b pr\u00e1ce a soci\u00e1ln\u00edch v\u011bc\u00ed pro ICT Iva Merhautov\u00e1, vrchn\u00ed \u0159editel Robert Baxa a Michal Rada s prezentac\u00ed Po\u0159\u00edzen\u00ed nov\u00fdch informa\u010dn\u00edch syst\u00e9m\u016f na MPSV \u2013 d\u011bl\u00e1me to ponovu.<\/p>\n<p>Petr Hab\u00e1\u0148<br \/>\ntiskov\u00fd mluv\u010d\u00ed MPSV<\/p>\n","protected":false},"excerpt":{"rendered":"<div class=\"mh-excerpt\"><p>Konference ISSS (informa\u010dn\u00ed spole\u010dnost, st\u00e1tn\u00ed spr\u00e1va, samospr\u00e1va) je vrcholn\u00fdm n\u00e1rodn\u00edm setk\u00e1n\u00edm p\u0159edstavitel\u016f ve\u0159ejn\u00e9 spr\u00e1vy a podnik\u00e1n\u00ed k problematice informa\u010dn\u00ed spole\u010dnosti, digitalizace a vyu\u017eit\u00ed Internetu. Leto\u0161n\u00ed <a class=\"mh-excerpt-more\" href=\"https:\/\/www.invarena.cz\/?p=20669\" title=\"MPSV p\u0159edstav\u00ed asistivn\u00ed technologie na konferenci ISSS 2015\">[&#8230;]<\/a><\/p>\n<\/div>","protected":false},"author":1,"featured_media":20674,"comment_status":"open","ping_status":"closed","sticky":false,"template":"","format":"standard","meta":{"footnotes":""},"categories":[7],"tags":[],"class_list":["post-20669","post","type-post","status-publish","format-standard","has-post-thumbnail","hentry","category-spolecnost"],"_links":{"self":[{"href":"https:\/\/www.invarena.cz\/index.php?rest_route=\/wp\/v2\/posts\/20669","targetHints":{"allow":["GET"]}}],"collection":[{"href":"https:\/\/www.invarena.cz\/index.php?rest_route=\/wp\/v2\/posts"}],"about":[{"href":"https:\/\/www.invarena.cz\/index.php?rest_route=\/wp\/v2\/types\/post"}],"author":[{"embeddable":true,"href":"https:\/\/www.invarena.cz\/index.php?rest_route=\/wp\/v2\/users\/1"}],"replies":[{"embeddable":true,"href":"https:\/\/www.invarena.cz\/index.php?rest_route=%2Fwp%2Fv2%2Fcomments&post=20669"}],"version-history":[{"count":0,"href":"https:\/\/www.invarena.cz\/index.php?rest_route=\/wp\/v2\/posts\/20669\/revisions"}],"wp:featuredmedia":[{"embeddable":true,"href":"https:\/\/www.invarena.cz\/index.php?rest_route=\/wp\/v2\/media\/20674"}],"wp:attachment":[{"href":"https:\/\/www.invarena.cz\/index.php?rest_route=%2Fwp%2Fv2%2Fmedia&parent=20669"}],"wp:term":[{"taxonomy":"category","embeddable":true,"href":"https:\/\/www.invarena.cz\/index.php?rest_route=%2Fwp%2Fv2%2Fcategories&post=20669"},{"taxonomy":"post_tag","embeddable":true,"href":"https:\/\/www.invarena.cz\/index.php?rest_route=%2Fwp%2Fv2%2Ftags&post=20669"}],"curies":[{"name":"wp","href":"https:\/\/api.w.org\/{rel}","templated":true}]}}