{"id":20699,"date":"2015-04-14T08:36:35","date_gmt":"2015-04-14T06:36:35","guid":{"rendered":"http:\/\/www.invarena.cz\/?p=20699"},"modified":"2015-04-14T08:36:48","modified_gmt":"2015-04-14T06:36:48","slug":"kraj-podporil-vznik-vyssi-odborne-skoly-pro-neslysici","status":"publish","type":"post","link":"https:\/\/www.invarena.cz\/?p=20699","title":{"rendered":"Kraj podpo\u0159il vznik vy\u0161\u0161\u00ed odborn\u00e9 \u0161koly pro nesly\u0161\u00edc\u00ed"},"content":{"rendered":"<p><strong>Kr\u00e1lov\u00e9hradeck\u00fd kraj podpo\u0159il vznik vy\u0161\u0161\u00ed odborn\u00e9 \u0161koly pro nesly\u0161\u00edc\u00ed. Vzd\u011bl\u00e1vat by m\u011bla tlumo\u010dn\u00edky \u010desk\u00e9ho znakov\u00e9ho jazyka. Nov\u00e1 \u0161kola m\u00e1 b\u00fdt sou\u010d\u00e1st\u00ed st\u0159edn\u00ed, z\u00e1kladn\u00ed a mate\u0159sk\u00e9 \u0161koly v kr\u00e1lov\u00e9hradeck\u00e9 \u0160tef\u00e1nikov\u011b ulici. <\/strong><!--more--><\/p>\n<p>ilustra\u010dn\u00ed foto: Photoxpress<\/p>\n<p>V Hradci Kr\u00e1lov\u00e9 vznik\u00e1 \u0161kola pro tlumo\u010dn\u00edky do znakov\u00e9ho jazyka.<br \/>\nPokud zdej\u0161\u00ed speci\u00e1ln\u00ed st\u0159edn\u00ed \u0161kola dostane akreditaci, z\u00edsk\u00e1 i podporu kraje a za\u010dne p\u0159ipravovat ve spole\u010dnosti nedostatkov\u00e9 tlumo\u010dn\u00edky.<\/p>\n<p>Zat\u00edm nejv\u011bt\u0161\u00ed probl\u00e9m vid\u00ed ti, kte\u0159\u00ed za unik\u00e1tn\u00ed \u0161kolou stoj\u00ed, pr\u00e1v\u011b v tom, \u017ee kraj \u010dek\u00e1 a\u017e na schv\u00e1len\u00ed akreditace. Z\u00e1pis do rejst\u0159\u00edku \u0161kol s mo\u017enost\u00ed vyu\u010dovat u\u017e letos v z\u00e1\u0159\u00ed, se tak pr\u00fd nemus\u00ed stihnout. <\/p>\n<p>P\u0159esunout aktivitu do jin\u00e9ho m\u011bsta ale necht\u011bj\u00ed, proto\u017ee zdej\u0161\u00ed st\u0159edn\u00ed, z\u00e1kladn\u00ed a mate\u0159sk\u00e1 \u0161kola pro sluchov\u011b posti\u017een\u00e9 ve \u0160tef\u00e1nikov\u011b ulici je tak dokonale vybaven\u00e1 a p\u0159ipraven\u00e1 na tuto pr\u00e1ci, \u017ee hledat jin\u00e9 z\u00e1zem\u00ed by pr\u00fd bylo kontraproduktivn\u00ed. <\/p>\n<p> r\u00e1dio Frekvence 1 <\/p>\n<p>ilustra\u010dn\u00ed foto: Photoxpress<\/p>\n","protected":false},"excerpt":{"rendered":"<div class=\"mh-excerpt\"><p>Kr\u00e1lov\u00e9hradeck\u00fd kraj podpo\u0159il vznik vy\u0161\u0161\u00ed odborn\u00e9 \u0161koly pro nesly\u0161\u00edc\u00ed. Vzd\u011bl\u00e1vat by m\u011bla tlumo\u010dn\u00edky \u010desk\u00e9ho znakov\u00e9ho jazyka. Nov\u00e1 \u0161kola m\u00e1 b\u00fdt sou\u010d\u00e1st\u00ed st\u0159edn\u00ed, z\u00e1kladn\u00ed a mate\u0159sk\u00e9 <a class=\"mh-excerpt-more\" href=\"https:\/\/www.invarena.cz\/?p=20699\" title=\"Kraj podpo\u0159il vznik vy\u0161\u0161\u00ed odborn\u00e9 \u0161koly pro nesly\u0161\u00edc\u00ed\">[&#8230;]<\/a><\/p>\n<\/div>","protected":false},"author":1,"featured_media":6341,"comment_status":"open","ping_status":"closed","sticky":false,"template":"","format":"standard","meta":{"footnotes":""},"categories":[7],"tags":[],"class_list":["post-20699","post","type-post","status-publish","format-standard","has-post-thumbnail","hentry","category-spolecnost"],"_links":{"self":[{"href":"https:\/\/www.invarena.cz\/index.php?rest_route=\/wp\/v2\/posts\/20699","targetHints":{"allow":["GET"]}}],"collection":[{"href":"https:\/\/www.invarena.cz\/index.php?rest_route=\/wp\/v2\/posts"}],"about":[{"href":"https:\/\/www.invarena.cz\/index.php?rest_route=\/wp\/v2\/types\/post"}],"author":[{"embeddable":true,"href":"https:\/\/www.invarena.cz\/index.php?rest_route=\/wp\/v2\/users\/1"}],"replies":[{"embeddable":true,"href":"https:\/\/www.invarena.cz\/index.php?rest_route=%2Fwp%2Fv2%2Fcomments&post=20699"}],"version-history":[{"count":0,"href":"https:\/\/www.invarena.cz\/index.php?rest_route=\/wp\/v2\/posts\/20699\/revisions"}],"wp:featuredmedia":[{"embeddable":true,"href":"https:\/\/www.invarena.cz\/index.php?rest_route=\/wp\/v2\/media\/6341"}],"wp:attachment":[{"href":"https:\/\/www.invarena.cz\/index.php?rest_route=%2Fwp%2Fv2%2Fmedia&parent=20699"}],"wp:term":[{"taxonomy":"category","embeddable":true,"href":"https:\/\/www.invarena.cz\/index.php?rest_route=%2Fwp%2Fv2%2Fcategories&post=20699"},{"taxonomy":"post_tag","embeddable":true,"href":"https:\/\/www.invarena.cz\/index.php?rest_route=%2Fwp%2Fv2%2Ftags&post=20699"}],"curies":[{"name":"wp","href":"https:\/\/api.w.org\/{rel}","templated":true}]}}