{"id":20703,"date":"2015-04-03T21:01:30","date_gmt":"2015-04-03T19:01:30","guid":{"rendered":"http:\/\/www.invarena.cz\/?p=20703"},"modified":"2015-04-03T21:01:30","modified_gmt":"2015-04-03T19:01:30","slug":"domov-tereza-pomaha-handicapovanym-lidem-diky-sponzorum-dostal-socialni-auto","status":"publish","type":"post","link":"https:\/\/www.invarena.cz\/?p=20703","title":{"rendered":"Domov Tereza pom\u00e1h\u00e1 handicapovan\u00fdm lidem. D\u00edky sponzor\u016fm dostal soci\u00e1ln\u00ed auto"},"content":{"rendered":"<p><strong>Domov soci\u00e1ln\u00edch slu\u017eeb Tereza v Bene\u0161ov\u011b u Semil, jej\u00edm\u017e z\u0159izovatelem je Libereck\u00fd kraj, si p\u0159ipomene \u010dty\u0159iadvacet rok\u016f svoj\u00ed \u010dinnosti. <\/strong><\/p>\n<p>V sou\u010dasn\u00e9 dob\u011b m\u00e1 t\u00fddenn\u00ed a denn\u00ed stacion\u00e1\u0159 a odleh\u010dovac\u00ed slu\u017ebu. Nejd\u016fle\u017eit\u011bj\u0161\u00edm posl\u00e1n\u00edm pobytov\u00e9 slu\u017eby je vytv\u00e1\u0159et ment\u00e1ln\u011b posti\u017een\u00edm do 40 let dom\u00e1c\u00ed prost\u0159ed\u00ed, ve kter\u00e9m se mohou nap\u0159\u00edklad zdokonalovat a dovednosti a n\u00e1vyky. Jsou obklopeni optimistick\u00fdm prost\u0159ed\u00edm, kter\u00e9 p\u016fsob\u00ed na harmonick\u00fd rozvoj jejich osobnosti s c\u00edlem zlep\u0161ov\u00e1n\u00ed kvality jejich \u017eivota. &#8222;Chceme, aby mohli pro\u017e\u00edt plnohodnotn\u00fd \u017eivot s t\u00edm, \u017ee respektujeme jejich pr\u00e1va, v\u016fli. Samoz\u0159ejmost\u00ed je podpora jejich aktivn\u00edho \u017eivota uprost\u0159ed lidsk\u00e9ho spole\u010denstv\u00ed, kter\u00e9 je vst\u0159\u00edcn\u00e9 k jejich pot\u0159eb\u00e1m,&#8220; up\u0159esnila \u0159editelka Marie Vojt\u00ed\u0161kov\u00e1. <\/p>\n<p>Zna\u010dn\u00e1 pozornost je v\u011bnov\u00e1na pracovn\u00edm n\u00e1cvik\u016fm. Stolov\u00e1n\u00ed, \u00faklid, va\u0159en\u00ed, n\u00e1kupy, uplatn\u011bn\u00ed ve spole\u010dnosti, pr\u00e1ce v d\u00edln\u00e1ch, v\u00fduka pr\u00e1ce na po\u010d\u00edta\u010di, to je jenom \u010d\u00e1st jejich \u010dinnosti. <\/p>\n<p>D\u016fle\u017eit\u00fd je rozvoj osobnosti klient\u016f. Ka\u017ed\u00fd m\u00e1 individu\u00e1ln\u00ed pl\u00e1n, s\u00e1m si stanov\u00ed c\u00edle tak, aby byl sob\u011bsta\u010dn\u00fd. Tr\u00e9nuj\u00ed voln\u00fd pohyb klient\u016f, udr\u017eovat kontakty se sv\u00fdmi rodinami. Kontakty se spole\u010densk\u00fdm prost\u0159ed\u00edm jsou navazov\u00e1ny p\u0159i spole\u010densk\u00fdch a kulturn\u00edch setk\u00e1n\u00edch, p\u0159i vy\u0159izov\u00e1n\u00ed z\u00e1le\u017eitost\u00ed na \u00fa\u0159adech, ve slu\u017eb\u00e1ch ob\u010dansk\u00e9 vybavenosti. Denn\u00ed stacion\u00e1\u0159 umo\u017e\u0148uje doch\u00e1zej\u00edc\u00edm klient\u016fm pobyt v dom\u00e1c\u00edm prost\u0159ed\u00ed t\u00fddenn\u00edho stacion\u00e1\u0159e. Formoupracovn\u00edch \u010dinnost\u00edv d\u00edln\u00e1ch z\u00edsk\u00e1vaj\u00ed n\u00e1cvik a upev\u0148ov\u00e1n\u00ed motorick\u00fdch i psychick\u00fdch schopnost\u00ed a dovednost\u00ed. &#8222;Je nab\u00eddnutou rukou rodin\u00e1m, kter\u00e9 by mohly podlehnout vy\u010derp\u00e1n\u00ed, mezilidsk\u00fdm konflikt\u016fm z d\u016fvodu dlouhodob\u00e9 p\u00e9\u010de o znev\u00fdhodn\u011bn\u00e9ho \u010dlov\u011bka,&#8220; podot\u00fdk\u00e1 Marie Vojt\u00ed\u0161kov\u00e1. Odleh\u010dovac\u00ed slu\u017eby, kter\u00e9 organizace poskytuje, \u0159e\u0161\u00ed nap\u0159\u00edklad dovolen\u00e9 a rekreace rodi\u010d\u016f, kte\u0159\u00ed se staraj\u00ed o posti\u017een\u00e9 d\u00edt\u011b, problematick\u00e9 situace v rodin\u00e1ch, jako jsou nemoci apod. <\/p>\n<p>D\u016fle\u017eit\u00e9 je, aby organizace jako je Tereza v Bene\u0161ov\u011b, m\u011bly k dispozici vozidlo. Nen\u00ed v\u00fdjimkou, \u017ee vozov\u00fd park je v \u00fastavech a za\u0159\u00edzen\u00edch v\u011bt\u0161inou ve \u0161patn\u00e9m technick\u00e9m stavu. Nehled\u011b na to, \u017ee o bezpe\u010dnosti p\u0159evozu klient\u016f nem\u016f\u017ee b\u00fdt \u0159e\u010d. V sou\u010dasn\u00e9 dob\u011b, za stagnuj\u00edc\u00edch nebo sp\u00ed\u0161e st\u00e1le se sni\u017euj\u00edc\u00edch dotac\u00ed, nen\u00ed v sil\u00e1ch t\u011bchto \u00fastav\u016f po\u0159\u00eddit v\u016fz s odpov\u00eddaj\u00edc\u00edmi parametry. &#8222;Museli jsme se spolehnout na sponzory nebo charitativn\u00ed \u010dinnost r\u016fzn\u00fdch organizac\u00ed,&#8220; p\u0159ipomn\u011bla \u0159editelka Vojt\u00ed\u0161kov\u00e1.<br \/>\nSen o nov\u00e9m vozidle se organizaci Tereza splnil. Dostala nov\u00e9 auto Dacia Dokker. &#8222;V\u00e1\u017e\u00edme si, \u017ee spole\u010dnost Kompakt s.r.o. pom\u00e1h\u00e1 hendikepovan\u00fdm \u010di jinak posti\u017een\u00fdm lidem,&#8220; ocenila \u0159editelka. &#8222;My\u0161lenka pom\u00e1hat hendikepovan\u00fdm \u010di jinak posti\u017een\u00fdm spoluob\u010dan\u016fm se stala jedn\u00edm ze zaj\u00edmav\u00fdch projekt\u016f na\u0161\u00ed spole\u010dnosti pod n\u00e1zvem Soci\u00e1ln\u00ed automobil. Realizujeme ho ve spolupr\u00e1ci s \u00fastavy soci\u00e1ln\u00ed p\u00e9\u010de, d\u011btsk\u00fdmi domovy, domovy pro seniory \u010di za\u0159\u00edzen\u00edmi, kter\u00e1 poskytuj\u00ed hendikepovan\u00fdm speci\u00e1ln\u00ed p\u00e9\u010di a pomoc,&#8220; uvedl z\u00e1stupce firmy Rudolf Adam. <\/p>\n<p>&#8222;Od roku 1997, kdy na\u0161e spole\u010dnost zah\u00e1jila realizaci projektu, se poda\u0159ilo za pomoci firem a spole\u010dnost\u00ed po cel\u00e9m \u00fazem\u00ed republiky s \u00fasp\u011bchem p\u0159edat ji\u017e 490 soci\u00e1ln\u00edch automobil\u016f r\u016fzn\u00fdm \u00fastav\u016fm a za\u0159\u00edzen\u00edm, je\u017e pe\u010duj\u00ed o ment\u00e1ln\u011b \u010di t\u011blesn\u011b posti\u017een\u00e9. Vleto\u0161n\u00edm roce bychom velmi r\u00e1divt\u00e9to \u010dinnosti pokra\u010dovalia vybran\u00fdm \u00fastav\u016fm a za\u0159\u00edzen\u00edm z cel\u00e9 republiky p\u0159edali dal\u0161\u00ed v\u00fd\u0161e zm\u00edn\u011bn\u00e9 vozy,&#8220; dodal Rudolf Adam. Firmy a spole\u010dnosti si mohou zakoupit reklamn\u00ed plochu na aut\u011b a po dob\u011b \u0161esti let budou zviditeln\u011bny v regionu.<\/p>\n<p>V\u011bra Nutilov\u00e1<br \/>\nhttp:\/\/krkonossky.denik.cz\/<\/p>\n","protected":false},"excerpt":{"rendered":"<div class=\"mh-excerpt\"><p>Domov soci\u00e1ln\u00edch slu\u017eeb Tereza v Bene\u0161ov\u011b u Semil, jej\u00edm\u017e z\u0159izovatelem je Libereck\u00fd kraj, si p\u0159ipomene \u010dty\u0159iadvacet rok\u016f svoj\u00ed \u010dinnosti. V sou\u010dasn\u00e9 dob\u011b m\u00e1 t\u00fddenn\u00ed a <a class=\"mh-excerpt-more\" href=\"https:\/\/www.invarena.cz\/?p=20703\" title=\"Domov Tereza pom\u00e1h\u00e1 handicapovan\u00fdm lidem. D\u00edky sponzor\u016fm dostal soci\u00e1ln\u00ed auto\">[&#8230;]<\/a><\/p>\n<\/div>","protected":false},"author":1,"featured_media":0,"comment_status":"open","ping_status":"closed","sticky":false,"template":"","format":"standard","meta":{"footnotes":""},"categories":[9],"tags":[],"class_list":["post-20703","post","type-post","status-publish","format-standard","hentry","category-zpravy"],"_links":{"self":[{"href":"https:\/\/www.invarena.cz\/index.php?rest_route=\/wp\/v2\/posts\/20703","targetHints":{"allow":["GET"]}}],"collection":[{"href":"https:\/\/www.invarena.cz\/index.php?rest_route=\/wp\/v2\/posts"}],"about":[{"href":"https:\/\/www.invarena.cz\/index.php?rest_route=\/wp\/v2\/types\/post"}],"author":[{"embeddable":true,"href":"https:\/\/www.invarena.cz\/index.php?rest_route=\/wp\/v2\/users\/1"}],"replies":[{"embeddable":true,"href":"https:\/\/www.invarena.cz\/index.php?rest_route=%2Fwp%2Fv2%2Fcomments&post=20703"}],"version-history":[{"count":0,"href":"https:\/\/www.invarena.cz\/index.php?rest_route=\/wp\/v2\/posts\/20703\/revisions"}],"wp:attachment":[{"href":"https:\/\/www.invarena.cz\/index.php?rest_route=%2Fwp%2Fv2%2Fmedia&parent=20703"}],"wp:term":[{"taxonomy":"category","embeddable":true,"href":"https:\/\/www.invarena.cz\/index.php?rest_route=%2Fwp%2Fv2%2Fcategories&post=20703"},{"taxonomy":"post_tag","embeddable":true,"href":"https:\/\/www.invarena.cz\/index.php?rest_route=%2Fwp%2Fv2%2Ftags&post=20703"}],"curies":[{"name":"wp","href":"https:\/\/api.w.org\/{rel}","templated":true}]}}