{"id":20743,"date":"2015-04-11T09:09:29","date_gmt":"2015-04-11T07:09:29","guid":{"rendered":"http:\/\/www.invarena.cz\/?p=20743"},"modified":"2015-04-13T12:48:25","modified_gmt":"2015-04-13T10:48:25","slug":"osobni-pribehy-deti-s-poruchou-autickeho-centra","status":"publish","type":"post","link":"https:\/\/www.invarena.cz\/?p=20743","title":{"rendered":"Osobn\u00ed p\u0159\u00edb\u011bhy d\u011bt\u00ed s poruchou autistick\u00e9ho spektra"},"content":{"rendered":"<p><strong>Prvn\u00ed okam\u017eik, kdy mn\u011b do\u0161lo, \u017ee u syna Ondry nen\u00ed n\u011bco v po\u0159\u00e1dku, byl spole\u010dn\u00fd ob\u011bd s p\u0159\u00e1teli a jejich stejn\u011b starou dcerou &#8230;.<\/strong><!--more--><\/p>\n<p>ilustra\u010dn\u00ed foto: Reggie Bibbs \/ Flickr.com <\/p>\n<p>Prvn\u00ed okam\u017eik, kdy mn\u011b do\u0161lo, \u017ee u syna Ondry nen\u00ed n\u011bco v po\u0159\u00e1dku, byl spole\u010dn\u00fd ob\u011bd s p\u0159\u00e1teli a jejich stejn\u011b starou dcerou &#8211; kdy\u017e ro\u010dn\u00ed hol\u010di\u010dka na v\u011b\u0161\u00e1ku vid\u011bla pov\u011b\u0161en\u00fd kab\u00e1t sv\u00e9ho tat\u00ednka, ukazovala na n\u011bj prst\u00edkem a volala t\u00e1ta. Ondra by si toho v\u016fbec nev\u0161iml. Nezaj\u00edmal se o n\u00e1s, ani o hol\u010di\u010dku, ani o to, kde je a pro\u010d. Jen si tam tak spokojen\u011b lezl po zemi s kabelem v puse\u2026 I kdy\u017e jsem se uklid\u0148ovala opo\u017ed\u011bn\u00edm u kluk\u016f, za\u010dala jsem si u syna v\u0161\u00edmat zvl\u00e1\u0161tnost\u00ed, v\u010detn\u011b toho, \u017ee nemluvil. L\u00e9ka\u0159ce nep\u0159i\u0161lo nic zvl\u00e1\u0161tn\u00edho, ale nakonec i p\u0159es \u00fadiv, \u017ee v 14 m\u011bs\u00edc\u00edch st\u00e1le nechod\u00ed, Ondru &#8211; a\u017e na moje nal\u00e9h\u00e1n\u00ed &#8211; poslala k neurologovi. Jen\u017ee i tam m\u011b uklid\u0148ovali, \u017ee jeho v\u00fdvoj je norm\u00e1ln\u00ed, by\u0165 lehce opo\u017ed\u011bn\u00fd, co\u017e se v tomto v\u011bku m\u016f\u017ee st\u00e1t.<\/p>\n<p>Kdy\u017e byly Ondrovi dva roky, znovu jsem ot\u011bhotn\u011bla. To se u\u017e u n\u011bj za\u010dal projevovat zvl\u00e1\u0161tn\u00ed styl chov\u00e1n\u00ed. Necht\u011bl se p\u0159\u00e1telit s jin\u00fdmi d\u011btmi a vyh\u00fdbal se jim, a kdy\u017e ke mn\u011b p\u0159i\u0161lo ciz\u00ed d\u00edt\u011b, okam\u017eit\u011b p\u0159ib\u011bhl a odh\u00e1n\u011bl ho pry\u010d, necht\u011bl, aby na m\u011b mluvilo, a necht\u011bl, aby na n\u011bj mluvila j\u00e1. Rostlo mi b\u0159icho a zvl\u00e1dat Ondru bylo \u010d\u00edm d\u00e1l n\u00e1ro\u010dn\u011bj\u0161\u00ed. Ut\u00edkal, neposlouchal, neot\u00e1\u010del se, nesledoval m\u011b, neb\u00e1l se, kdy\u017e jsem \u0159ekla, \u017ee odch\u00e1z\u00edm pry\u010d, klidn\u011b m\u011b nechal odej\u00edt, vyhro\u017eov\u00e1n\u00ed nepom\u00e1halo, napl\u00e1c\u00e1n\u00ed na zadek tak\u00e9 ne. Byla jsem bezradn\u00e1, zoufal\u00e1 a vy\u010derpan\u00e1. Nakonec moje up\u0159\u00edmn\u00e1 m\u00e1ma jako prvn\u00ed vyslovila nahlas obavu, \u017ee Ondra m\u016f\u017ee b\u00fdt autista. Prvn\u00ed vztek jsem si tehdy vylila na n\u00ed. Jak si n\u011bco takov\u00e9ho dovoluje tvrdit? Takovou nehor\u00e1znost!<\/p>\n<p>Jen\u017ee v hlav\u011b mi to z\u016fstalo. Nakonec p\u0159i\u0161lo i destruktivn\u00ed obdob\u00ed, kdy za\u010dal v\u011bci ni\u010dit. V\u011b\u010dn\u011b pozoroval pra\u010dku, plival na zem. S hra\u010dkami si v\u016fbec neum\u011bl hr\u00e1t, i kdy\u017e jich m\u011bl pln\u00fd ko\u0161, jen ho dokola bavilo pou\u0161t\u011bt aut\u00ed\u010dko ze stolu na zem, u toho pl\u00e1cal ru\u010di\u010dkama a sm\u00e1l se, na jednu poh\u00e1dku by se byl schopn\u00fd d\u00edvat t\u0159i hodiny v kuse st\u00e1le dokola, vyd\u00e1val u toho divn\u00e9 sk\u0159eky.<br \/>\nKdy\u017e se mu narodila sest\u0159i\u010dka, Ondrovi byly sotva t\u0159i roky. Kdy\u017e jsme si vezli domu mal\u00fd, uk\u0159i\u010den\u00fd uzl\u00ed\u010dek, necht\u011bl nastoupit p\u0159ed porodnic\u00ed do auta, je\u010del, kopal a sna\u017eil se ut\u00e9ct. Ondra odm\u00edtal vstoupit do lo\u017enice od t\u00e9 doby, co jsme si dcerku p\u0159ivezli z porodnice, st\u00e1l na prahu a k\u0159i\u010del, jakmile uvid\u011bl jakoukoliv v\u011bc od sest\u0159i\u010dky, ko\u010d\u00e1r, autoseda\u010dku \u010di l\u00e1hev na pit\u00ed. Necht\u011bl b\u00fdt v jej\u00ed bl\u00edzkosti, p\u0159i pl\u00e1\u010di si zacp\u00e1val u\u0161i a \u0159val a celkov\u011b p\u016fsobil jako zmaten\u00e9 a ne\u0161\u0165astn\u00e9 d\u00edt\u011b.<\/p>\n<p>Na pravidelnou prohl\u00eddku po porodu k n\u00e1m p\u0159i\u0161la pan\u00ed doktorka. P\u0159i n\u00e1v\u0161t\u011bv\u011b Ondru pozorovala a sna\u017eila se upoutat jeho pozornost. Bez \u00fasp\u011bchu. Nakonec odch\u00e1zela hodn\u011b zara\u017een\u00e1 dom\u016f. Na dal\u0161\u00ed prohl\u00eddce u\u017e v ordinaci vy\u0159kla znovu tu ob\u00e1vanou diagn\u00f3zu &#8211; autismus. A tak za\u010daly n\u00e1v\u0161t\u011bvy po v\u0161ech mo\u017en\u00fdch vy\u0161et\u0159en\u00edch. Diagn\u00f3za byla vy\u0159\u010dena ve t\u0159ech letech &#8211; atypick\u00fd autismus, st\u0159edn\u011b t\u011b\u017ek\u00e1 ment\u00e1ln\u00ed retardace. Byla jsem na dn\u011b &#8211; nedok\u00e1zala jsem pochopit, \u017ee moje milovan\u00e9 d\u00edt\u011b je do\u017eivotn\u011b posti\u017een\u00e9, a za\u010dala jsem zoufale plakat. Necht\u011bla jsem s nik\u00fdm mluvit ani nikoho vid\u011bt. Vy\u010d\u00edtala jsem bohu, \u017ee mi dal d\u00edt\u011b, se kter\u00fdm budou cel\u00fd \u017eivot jen starosti. Po n\u011bkolika probre\u010den\u00fdch dnech a noc\u00edch jsem si na\u0161t\u011bst\u00ed uv\u011bdomila, \u017ee se mus\u00edm vzpamatovat a za\u010d\u00edt Ondrovi n\u011bjak pom\u00e1hat. Sedla jsem k internetu a za\u010dala po noc\u00edch studovat, co vlastn\u011b autismus je.<\/p>\n<p>Ondra byl ve sv\u00fdch projevech po\u0159\u00e1d stejn\u00fd, pouze jeho vztah k sest\u0159i\u010dce se za\u010d\u00ednal m\u011bnit, jako by pochopil, \u017ee prost\u011b pat\u0159\u00ed do party a nic s t\u00edm neud\u011bl\u00e1. Pomalu a nejist\u011b ji za\u010d\u00ednal br\u00e1t a po m\u011bs\u00edci ji i pol\u00edbil. V t\u00e9 dob\u011b mn\u011b nejv\u00edc pom\u00e1hal man\u017eel &#8211; byl takovou oporou, \u017ee jsem mu dodnes nesm\u00edrn\u011b vd\u011b\u010dn\u00e1. Dr\u017eel m\u011b, kdy\u017e jsem se hroutila, ut\u011b\u0161oval, kdy\u017e jsem po\u0159\u00e1d plakala. Synovo posti\u017een\u00ed n\u00e1s je\u0161t\u011b v\u00edc sbl\u00ed\u017eilo a upevnilo n\u00e1\u0161 vztah a man\u017eelstv\u00ed. Oba syna milujeme i p\u0159es jeho autismus. Za\u010dali jsme pravideln\u011b doch\u00e1zet na terapie &#8211; prvn\u00ed \u00famysln\u00e9 Ondrovo slovo bylo a\u017e v jeho 3,5 letech a bylo to n\u011bco jako MA a po dvou t\u00fddnech AMA a pak se p\u0159idalo MAMA. M\u011bl u toho zvl\u00e1\u0161tn\u00ed hlas. J\u00e1 i man\u017eel jsme bre\u010deli radost\u00ed a dojet\u00edm. Jeho pokusy o dal\u0161\u00ed sl\u016fvka od t\u00e9 doby pokra\u010duj\u00ed a slovn\u00ed z\u00e1soba se roz\u0161i\u0159uje. Dnes zn\u00e1 okolo 30 slov. Samotn\u00e9mu mu to d\u011bl\u00e1 radost, kdy\u017e se nau\u010d\u00ed nov\u00e9 slovo a dok\u00e1\u017ee ho pou\u017e\u00edvat&#8230;.<\/p>\n<p>Dobr\u00fd den s kur\u00fdrem<\/p>\n","protected":false},"excerpt":{"rendered":"<div class=\"mh-excerpt\"><p>Prvn\u00ed okam\u017eik, kdy mn\u011b do\u0161lo, \u017ee u syna Ondry nen\u00ed n\u011bco v po\u0159\u00e1dku, byl spole\u010dn\u00fd ob\u011bd s p\u0159\u00e1teli a jejich stejn\u011b starou dcerou &#8230;.<\/p>\n<\/div>","protected":false},"author":1,"featured_media":18700,"comment_status":"open","ping_status":"closed","sticky":false,"template":"","format":"standard","meta":{"footnotes":""},"categories":[7],"tags":[],"class_list":["post-20743","post","type-post","status-publish","format-standard","has-post-thumbnail","hentry","category-spolecnost"],"_links":{"self":[{"href":"https:\/\/www.invarena.cz\/index.php?rest_route=\/wp\/v2\/posts\/20743","targetHints":{"allow":["GET"]}}],"collection":[{"href":"https:\/\/www.invarena.cz\/index.php?rest_route=\/wp\/v2\/posts"}],"about":[{"href":"https:\/\/www.invarena.cz\/index.php?rest_route=\/wp\/v2\/types\/post"}],"author":[{"embeddable":true,"href":"https:\/\/www.invarena.cz\/index.php?rest_route=\/wp\/v2\/users\/1"}],"replies":[{"embeddable":true,"href":"https:\/\/www.invarena.cz\/index.php?rest_route=%2Fwp%2Fv2%2Fcomments&post=20743"}],"version-history":[{"count":0,"href":"https:\/\/www.invarena.cz\/index.php?rest_route=\/wp\/v2\/posts\/20743\/revisions"}],"wp:featuredmedia":[{"embeddable":true,"href":"https:\/\/www.invarena.cz\/index.php?rest_route=\/wp\/v2\/media\/18700"}],"wp:attachment":[{"href":"https:\/\/www.invarena.cz\/index.php?rest_route=%2Fwp%2Fv2%2Fmedia&parent=20743"}],"wp:term":[{"taxonomy":"category","embeddable":true,"href":"https:\/\/www.invarena.cz\/index.php?rest_route=%2Fwp%2Fv2%2Fcategories&post=20743"},{"taxonomy":"post_tag","embeddable":true,"href":"https:\/\/www.invarena.cz\/index.php?rest_route=%2Fwp%2Fv2%2Ftags&post=20743"}],"curies":[{"name":"wp","href":"https:\/\/api.w.org\/{rel}","templated":true}]}}