{"id":20782,"date":"2015-04-09T12:11:53","date_gmt":"2015-04-09T10:11:53","guid":{"rendered":"http:\/\/www.invarena.cz\/?p=20782"},"modified":"2015-04-09T12:30:29","modified_gmt":"2015-04-09T10:30:29","slug":"dobroteta-pomaha-detem-u-nas-i-v-africe","status":"publish","type":"post","link":"https:\/\/www.invarena.cz\/?p=20782","title":{"rendered":"Dobroteta pom\u00e1h\u00e1 d\u011btem u n\u00e1s i v Africe"},"content":{"rendered":"<p><strong>Rozhovor s Hanou M\u00f6snerovou, alias Bobinou, zakladatelkou sdru\u017een\u00ed Kamar\u00e1di otev\u0159en\u00e9ho srdce<\/strong><!--more--><\/p>\n<p>St\u0159edn\u00ed Morava \u2013 Velk\u00e9 srdce, pochopen\u00ed a pomoc nach\u00e1zej\u00ed handicapovan\u00e9 d\u011bti, mladistv\u00ed a senio\u0159i u Kamar\u00e1d\u016f dobr\u00e9ho srdce. Toto ob\u010dansk\u00e9 sdru\u017een\u00ed, kter\u00e9 se zab\u00fdv\u00e1 canisterapi\u00ed a muzikoterapi\u00ed, zalo\u017eila osmapades\u00e1tilet\u00e1 Hana M\u00f6snerov\u00e1 z Nov\u00e9ho Mal\u00edna na \u0160umpersku. Dobro\u010dinnosti se v\u0161ak v\u011bnuje i v dal\u0161\u00edch projektech. Jako dobroteta Bobina, jak j\u00ed lid\u00e9 \u0159\u00edkaj\u00ed, pom\u00e1h\u00e1 d\u011btem v kojeneck\u00fdch \u00fastavech, domovech a nemocnic\u00edch. S dal\u0161\u00edmi dobrovoln\u00edky ze sdru\u017een\u00ed Dobrotety se tak\u00e9 zapojila do charitativn\u00edho programu Uh\u00e1\u010dkuj \u010dtverec, kter\u00fd pom\u00e1h\u00e1 opu\u0161t\u011bn\u00fdm a nemocn\u00fdm d\u011btem v Africe.<\/p>\n<p>&#8211; Jak dlouho funguje va\u0161e ob\u010dansk\u00e9 sdru\u017een\u00ed?<\/p>\n<p>Kamar\u00e1di otev\u0159en\u00fdch srdc\u00ed p\u016fsob\u00ed u\u017e deset let, ale ob\u010dansk\u00e9 sdru\u017een\u00ed jsem ofici\u00e1ln\u011b zalo\u017eila a\u017e v roce 2008.<\/p>\n<p>&#8211; \u010c\u00edm se sdru\u017een\u00ed zab\u00fdv\u00e1 a jak vzniklo?<\/p>\n<p>Sdru\u017een\u00ed vzniklo d\u00edky z\u00e1jmu klient\u016f o canisterapii, co\u017e je terapie se psem, kterou jsem provozovala, a posl\u00e9ze i muzikoterapii. D\u00edky setk\u00e1v\u00e1n\u00ed se s handicapovan\u00fdmi lidmi m\u011b napadlo, \u017ee by se mohli vz\u00e1jemn\u011b poznat. Tak jsem v roce 2008 uspo\u0159\u00e1dala prvn\u00ed ples Kamar\u00e1d\u016f otev\u0159en\u00fdch srdc\u00ed, kter\u00fd je mezi u\u017eivateli velmi obl\u00edben\u00fd. Letos v \u00fanoru se konal u\u017e osm\u00fd ro\u010dn\u00edk. Setk\u00e1vaj\u00ed se zde klienti z cel\u00e9ho Olomouck\u00e9ho kraje.<\/p>\n<p>&#8211; Komu sdru\u017een\u00ed pom\u00e1h\u00e1?<\/p>\n<p>S canisterapi\u00ed a muzikoterapi\u00ed p\u016fsob\u00edme v n\u011bkolika r\u016fzn\u00fdch za\u0159\u00edzen\u00edch. Pom\u00e1h\u00e1me v mate\u0159sk\u00e9 a z\u00e1kladn\u00ed \u0161kole v \u0160umperku a okol\u00ed, v nemocnici \u0160umperk na odd\u011blen\u00ed dlouhodob\u011b nemocn\u00fdch, v centru soci\u00e1ln\u00edch slu\u017eeb Duha Vik\u00fd\u0159ovice, v domov\u011b se zvl\u00e1\u0161tn\u00edm re\u017eimem Jedl\u00ed, v domov\u011b pro seniory \u0160t\u00edty, v domov\u011b pro seniory Libina, v l\u00e1zn\u00edch Bludov, v SONS \u0160umperk a ve speci\u00e1ln\u00edch mate\u0159sk\u00fdch a z\u00e1kladn\u00edch \u0161kol\u00e1ch pracujeme s autisty i s \u0161irokou ve\u0159ejnost\u00ed.<\/p>\n<p>&#8211; Co d\u011bl\u00e1 canisterapeut a muzikoterapeut?<\/p>\n<p>Canisterapie je cvi\u010den\u00ed se psem. Jedn\u00e1 se pro pejska i terapeutku o velmi n\u00e1ro\u010dn\u00e9 a vy\u010derp\u00e1vaj\u00edc\u00ed cvi\u010den\u00ed, a to zvl\u00e1\u0161t\u011b v p\u0159\u00edpad\u011b, kdy\u017e pracuj\u00ed s t\u011blesn\u011b i ment\u00e1ln\u011b posti\u017een\u00fdmi lidmi. V domovech d\u016fchodc\u016f n\u00e1v\u0161t\u011bvy pejsk\u016f p\u016fsob\u00ed jako p\u0159\u00edjemn\u00e9 zpest\u0159en\u00ed stereotypn\u00edho dne. Je to pro n\u011b rozpt\u00fdlen\u00ed. Hrou s pejskem se rozv\u00edj\u00ed u d\u011bt\u00ed motorick\u00e1 \u010dinnost a podporuje se a rozv\u00edj\u00ed fantazie. Pejsek napom\u00e1h\u00e1 sbli\u017eov\u00e1n\u00ed se s okol\u00edm a podporuje komunikativnost, zaji\u0161\u0165uje pocit ochrany a jistoty. U t\u011blesn\u00e9ho posti\u017een\u00ed je canisterapie vyu\u017e\u00edv\u00e1na p\u0159edev\u0161\u00edm k rehabilitaci. Pejsek motivuje posti\u017een\u00e9ho ke cvi\u010den\u00ed. Pes a terapeut tvo\u0159\u00ed jeden spole\u010dn\u00fd t\u00fdm. Muzikoterapii prov\u00e1d\u00edm bu\u010f skupinovou, kde pou\u017e\u00edv\u00e1m etnick\u00e9 n\u00e1stroje a klienti na n\u011bkter\u00e9 z nich sami hraj\u00ed, nebo individu\u00e1ln\u00ed, kdy v\u011bt\u0161inou hraji j\u00e1 klient\u016fm. Jedn\u00e1 se o le\u017e\u00edc\u00ed lidi a v n\u011bkter\u00fdch p\u0159\u00edpadech i h\u016f\u0159 pohybliv\u00e9 voz\u00ed\u010dk\u00e1\u0159e. Pou\u017e\u00edv\u00e1m rozd\u00edln\u00e9 formy vzhledem k variabiln\u00edmu slo\u017een\u00ed c\u00edlov\u00fdch skupin.<\/p>\n<p>&#8211; Co v\u00e1s vedlo k organizovan\u00e9 dobro\u010dinnosti?<\/p>\n<p>Znala jsem mlad\u00e9ho chlapce na voz\u00edku, se kter\u00fdm jsem se potkala na jedn\u00e9 canisterapii a od t\u00e9 doby vznikla spolupr\u00e1ce mezi organizac\u00ed, kterou nav\u0161t\u011bvoval, a mnou. Bydlela jsem kousek od jednoho takov\u00e9ho za\u0159\u00edzen\u00ed. Nav\u00e1zali jsme \u0159e\u010d, kdy\u017e klienti s doprovodem chodili kolem na\u0161\u00ed zahrady, kde b\u011bhali psi a ti byli vlastn\u011b vod\u00edtkem k na\u0161emu vz\u00e1jemn\u00e9mu sezn\u00e1men\u00ed. Postupn\u011b se mi hl\u00e1sily dal\u0161\u00ed organizace, kam jsem tak\u00e9 za\u010dala doj\u00ed\u017ed\u011bt.<\/p>\n<p>&#8211; Jak vznikl n\u00e1zev Kamar\u00e1di otev\u0159en\u00fdch srdc\u00ed?<\/p>\n<p>P\u0159ed l\u00e9ty, kdy\u017e u\u017e jsem vym\u00fd\u0161lela setk\u00e1n\u00ed m\u00fdch klient\u016f, mi pan Ji\u0159\u00ed Giesel nab\u00eddl svoje prostory H-clubu a z\u00e1rove\u0148 vymyslel n\u00e1zev akce a to Den otev\u0159en\u00fdch srdc\u00ed. Sice k realizaci ten dan\u00fd rok je\u0161t\u011b nedo\u0161lo, ale n\u00e1zev z\u016fstal. Jen jsem zm\u011bnila slovo den na slovo kamar\u00e1di.<\/p>\n<p>&#8211; Jak\u00e9 akce v r\u00e1mci sdru\u017een\u00ed po\u0159\u00e1d\u00e1te?<\/p>\n<p>Ob\u010dansk\u00e9 sdru\u017een\u00ed Kamar\u00e1di otev\u0159en\u00fdch srdc\u00ed po\u0159\u00e1d\u00e1 ka\u017ed\u00fd rok v Bludov\u011b ples pro handicapovan\u00e9 d\u011bti, mlad\u00e9 lidi a seniory. V dubnu m\u00e1me Odemyk\u00e1n\u00ed jara na kynologick\u00e9m cvi\u010di\u0161ti v Nov\u00e9m Mal\u00edn\u011b a v prosinci Mikul\u00e1\u0161skou diskot\u00e9ku s nad\u00edlkou a Zamyk\u00e1n\u00ed roku v hotelu Dolte Sobot\u00edn. Na t\u011bchto akc\u00edch se setk\u00e1v\u00e1me pravideln\u011b v po\u010dtu sedmdes\u00e1t a\u017e sto pades\u00e1t lid\u00ed. U\u017e jsme tak\u00e9 d\u011blali letn\u00ed olympi\u00e1du nebo setk\u00e1n\u00ed s canisterapeuty a psovody.<\/p>\n<p>&#8211; P\u016fsob\u00edte i v ob\u010dansk\u00e9m sdru\u017een\u00ed Dobrotety. \u010cemu se v\u011bnuje?<\/p>\n<p>Dobrotety jsou celorepublikov\u00fdm ob\u010dansk\u00fdm sdru\u017een\u00edm, jeho\u017e c\u00edlem je zejm\u00e9na psychicky i materi\u00e1ln\u011b pom\u00e1hat nedono\u0161en\u00fdm mimink\u016fm a zdravotnick\u00e9mu person\u00e1lu na neonatologick\u00fdch odd\u011blen\u00edch, d\u011btem v d\u011btsk\u00fdch domovech, kojeneck\u00fdch \u00fastavech, d\u011btsk\u00fdch odd\u011blen\u00edch nemocnic, v azylov\u00fdch domech a konkr\u00e9tn\u00edm rodin\u00e1m, kter\u00e9 se ocitnou v n\u00e1ro\u010dn\u00fdch \u017eivotn\u00edch situac\u00edch. Dobrotety tak\u00e9 p\u0159isp\u00edvaj\u00ed organiza\u010dn\u00ed a osv\u011btovou \u010dinnost\u00ed ke zlep\u0161ov\u00e1n\u00ed situace nejen p\u0159ed\u010dasn\u011b narozen\u00fdch d\u011bt\u00ed, ale i jejich rodi\u010d\u016f.<\/p>\n<p>&#8211; Jak d\u011btem konkr\u00e9tn\u011b pom\u00e1h\u00e1te?<\/p>\n<p>Na za\u010d\u00e1tku se maminky spole\u010dn\u011b sch\u00e1zely a tvo\u0159ily d\u00e1re\u010dky a p\u0159\u00e1n\u00ed\u010dka pro rodi\u010de p\u0159ed\u010dasn\u011b narozen\u00fdch miminek. Ji\u017e v prosinci 2012 z tohoto klubu vznikl charitativn\u00ed projekt Dobrotety a byly vyhl\u00e1\u0161eny prvn\u00ed materi\u00e1ln\u00ed sb\u00edrky pro neonatologick\u00e1 odd\u011blen\u00ed v Praze, Plzni a Brn\u011b. V \u00fanoru 2013 se pomoc roz\u0161\u00ed\u0159ila tak\u00e9 na kojeneck\u00e9 \u00fastavy, d\u011btsk\u00e9 domovy, d\u011btsk\u00e1 odd\u011blen\u00ed nemocnic a azylov\u00e9 domy pro matky s d\u011btmi po cel\u00e9 \u010cesk\u00e9 republice. K tomuto roz\u0161\u00ed\u0159en\u00ed do\u0161lo p\u0159edev\u0161\u00edm z toho d\u016fvodu, \u017ee spousta maminek, kter\u00e9 se o n\u00e1s dozv\u011bd\u011bly, cht\u011bly tak\u00e9 pom\u00e1hat a nab\u00edzely n\u00e1m oble\u010den\u00ed a hra\u010dky po sv\u00fdch d\u011btech. V b\u0159eznu t\u00e9ho\u017e roku prob\u011bhla prvn\u00ed p\u0159ed\u00e1v\u00e1n\u00ed v kojeneck\u00fdch \u00fastavech, d\u011btsk\u00fdch domovech a podobn\u00fdch za\u0159\u00edzen\u00edch. Pro onkologii Motol jsme z\u00edskaly dar v podob\u011b ma\u0148\u00e1sk\u016f, hra\u010dek, d\u011btsk\u00fdch knih, stoln\u00edch her a spousty poh\u00e1dkov\u00fdch DVD. Od prosince 2013 jsme registrovan\u00e9 jako ob\u010dansk\u00e9 sdru\u017een\u00ed. V prosinci lo\u0148sk\u00e9ho roku vznikla skupinka Dobrotety \u0160umperk a Dobrotety Olomouck\u00fd kraj, kde jsem se stala hlavn\u00ed dobrotetou.<\/p>\n<p>&#8211; Kde v\u0161ude toto sdru\u017een\u00ed p\u016fsob\u00ed?<\/p>\n<p>P\u016fsob\u00ed v podstat\u011b v cel\u00e9 republice. Jednotliv\u00e9 kraje maj\u00ed ka\u017ed\u00fd svou hlavn\u00ed dobrotetu, kter\u00e1 je ve spojen\u00ed s jednotliv\u00fdmi za\u0159\u00edzen\u00edmi.<\/p>\n<p>&#8211; Zapojila jste se tak\u00e9 do projektu Uh\u00e1\u010dkuj nebo uple\u0165 \u010dtverec. O co se tam jedn\u00e1?<\/p>\n<p>\u017deny z r\u016fzn\u00fdch kout\u016f republiky se zapojily do tohoto charitativn\u00edho projektu Knit a square, kter\u00fd pom\u00e1h\u00e1 sirotk\u016fm, opu\u0161t\u011bn\u00fdm d\u011btem a d\u011btem s AIDS v Ji\u017en\u00ed Africe. C\u00edlem je vytvo\u0159it, upl\u00e9st nebo uh\u00e1\u010dkovat \u010dtverec libovoln\u00e9ho vzoru a barvy o rozm\u011brech dvacet kr\u00e1t dvacet centimetr\u016f. \u010ctverce jsou pak dobrovoln\u00edky se\u0161\u00edv\u00e1ny a\u017e na m\u00edst\u011b. Dobrovoln\u00edci kombinuj\u00ed v ka\u017ed\u00e9 dece \u010dtverce poslan\u00e9 z r\u016fzn\u00fdch konc\u016f sv\u011bta, r\u016fzn\u00e9 barvy, vzory a styly. Pokud by byly zasl\u00e1ny ji\u017e se\u0161it\u00e9 cel\u00e9 deky, musela by organizace Knit a square platit za ka\u017ed\u00fd kus dovozn\u00ed clo.<\/p>\n<p>&#8211; Kolik \u010dtverc\u016f je pot\u0159eba na jednu deku?<\/p>\n<p>Pro jedno d\u00edt\u011b pot\u0159ebujeme celkem p\u011btat\u0159icet \u010dtverc\u016f. Ty se sb\u00edraj\u00ed na ur\u010den\u00fdch m\u00edstech v republice a pos\u00edlaj\u00ed se bal\u00edkem do Afriky. Zhruba desetikilov\u00fd bal\u00edk pojme \u010dty\u0159i sta \u010dtverc\u016f a po\u0161tovn\u00e9 stoj\u00ed kolem tis\u00edce korun. Na po\u0161tovn\u00e9 se skl\u00e1daj\u00ed pleta\u0159ky. Zapojil se tak\u00e9 \u0160umperk a okol\u00ed a sb\u011brn\u00e9 m\u00edsto pro tuto oblast je u m\u011b doma.<\/p>\n<p>&#8211; Jak v\u00e1s mohou kontaktovat z\u00e1jemci, kte\u0159\u00ed by se rozhodli pro dobro\u010dinnost?<\/p>\n<p>Kontakt najdou na www.kamaradiotevrenychsrdci. cz nebo mi m\u016f\u017eou rovnou napsat na m\u016fj e-mail dobrotetabobina@seznam.cz.<\/p>\n<p>&#8211; V\u011bnujete ve\u0161ker\u00fd sv\u016fj \u010das dobro\u010dinnosti?<\/p>\n<p>P\u016fsob\u00edm tak\u00e9 je\u0161t\u011b v oboru vzd\u011bl\u00e1v\u00e1n\u00ed. Jsem mezin\u00e1rodn\u00ed instruktorka organizace MISA, projekt MISP Mas\u00e1\u017ee d\u011bti d\u011btem, kde se \u010cesk\u00e1 republika zapojila mezi osma\u010dty\u0159icet zem\u00ed sv\u011bta. U m\u011b absolvovaly tento program d\u011bti z Mate\u0159sk\u00e9 \u0161koly Slun\u00ed\u010dko Petrov nad Desnou a Z\u00e1kladn\u00ed \u0161koly Libina. Pak je\u0161t\u011b p\u016fsob\u00edm jako celorepublikov\u00e1 zku\u0161ebn\u00ed komisa\u0159ka canisterapie a jezd\u00edm p\u0159edn\u00e1\u0161et program Jiho\u010desk\u00e9 univerzity ve spolupr\u00e1ci s ministerstvem \u0161kolstv\u00ed &#8222;Jak \u017e\u00edt spole\u010dn\u011b bezpe\u010dn\u011b&#8220;. Jedn\u00e1 se o p\u0159edn\u00e1\u0161ku, jak se chovat k ciz\u00edm ps\u016fm, aby nedoch\u00e1zelo k \u00faraz\u016fm a smrteln\u00fdm nehod\u00e1m. A v neposledn\u00ed \u0159ad\u011b jsem p\u011btin\u00e1sobn\u00e1 babi\u010dka, tak\u017ee se v\u011bnuji tak\u00e9 sv\u00fdm vnou\u010dat\u016fm.<\/p>\n<p>09.04.2015<br \/>\nVERONIKA HRABINOV\u00c1<br \/>\nOlomouck\u00fd den\u00edk<br \/>\n<a href=\"http:\/\/www.olomoucky.denik.cz\/\">http:\/\/www.olomoucky.denik.cz\/<\/a><\/p>\n","protected":false},"excerpt":{"rendered":"<div class=\"mh-excerpt\"><p>Rozhovor s Hanou M\u00f6snerovou, alias Bobinou, zakladatelkou sdru\u017een\u00ed Kamar\u00e1di otev\u0159en\u00e9ho srdce<\/p>\n<\/div>","protected":false},"author":1,"featured_media":13251,"comment_status":"open","ping_status":"closed","sticky":false,"template":"","format":"standard","meta":{"footnotes":""},"categories":[9],"tags":[],"class_list":["post-20782","post","type-post","status-publish","format-standard","has-post-thumbnail","hentry","category-zpravy"],"_links":{"self":[{"href":"https:\/\/www.invarena.cz\/index.php?rest_route=\/wp\/v2\/posts\/20782","targetHints":{"allow":["GET"]}}],"collection":[{"href":"https:\/\/www.invarena.cz\/index.php?rest_route=\/wp\/v2\/posts"}],"about":[{"href":"https:\/\/www.invarena.cz\/index.php?rest_route=\/wp\/v2\/types\/post"}],"author":[{"embeddable":true,"href":"https:\/\/www.invarena.cz\/index.php?rest_route=\/wp\/v2\/users\/1"}],"replies":[{"embeddable":true,"href":"https:\/\/www.invarena.cz\/index.php?rest_route=%2Fwp%2Fv2%2Fcomments&post=20782"}],"version-history":[{"count":0,"href":"https:\/\/www.invarena.cz\/index.php?rest_route=\/wp\/v2\/posts\/20782\/revisions"}],"wp:featuredmedia":[{"embeddable":true,"href":"https:\/\/www.invarena.cz\/index.php?rest_route=\/wp\/v2\/media\/13251"}],"wp:attachment":[{"href":"https:\/\/www.invarena.cz\/index.php?rest_route=%2Fwp%2Fv2%2Fmedia&parent=20782"}],"wp:term":[{"taxonomy":"category","embeddable":true,"href":"https:\/\/www.invarena.cz\/index.php?rest_route=%2Fwp%2Fv2%2Fcategories&post=20782"},{"taxonomy":"post_tag","embeddable":true,"href":"https:\/\/www.invarena.cz\/index.php?rest_route=%2Fwp%2Fv2%2Ftags&post=20782"}],"curies":[{"name":"wp","href":"https:\/\/api.w.org\/{rel}","templated":true}]}}