{"id":20786,"date":"2015-04-09T12:34:15","date_gmt":"2015-04-09T10:34:15","guid":{"rendered":"http:\/\/www.invarena.cz\/?p=20786"},"modified":"2015-04-09T23:43:03","modified_gmt":"2015-04-09T21:43:03","slug":"barevny-svet-nad-kavou","status":"publish","type":"post","link":"https:\/\/www.invarena.cz\/?p=20786","title":{"rendered":"Barevn\u00fd sv\u011bt nad k\u00e1vou"},"content":{"rendered":"<p><strong>Talentovan\u00e1 \u0161kola\u010dka Barbora Sedl\u00e1\u010dkov\u00e1, kter\u00e1 kv\u016fli zdravotn\u00edmu posti\u017een\u00ed maluje pusou, vystavuje a\u017e do 7. kv\u011btna sv\u00e9 obrazy v kav\u00e1rn\u011b \u010deskobud\u011bjovick\u00e9ho kina Kotva.<\/strong><!--more--><\/p>\n<p>Jej\u00ed novou v\u00fdstavu nazvanou Barevn\u00fd sv\u011bt v pohybu zah\u00e1jil v \u00fater\u00fd vedouc\u00ed galerijn\u00edch prostor v kav\u00e1rn\u011b i p\u0159eds\u00e1l\u00ed kina Kotva V\u00e1clav N\u011bmec. &#8222;Bar\u010diny obr\u00e1zky mi hned zpo\u010d\u00e1tku p\u0159ipom\u00ednaly tvorbu mal\u00ed\u0159e Marca Chagalla,&#8220; prozradil dlouholet\u00fd organiz\u00e1tor zdej\u0161\u00edch hlavn\u011b fotografick\u00fdch v\u00fdstav. Dodal, \u017ee citliv\u00e9, up\u0159\u00edmn\u00e9 a optimistick\u00e9 obrazy t\u00e9m\u011b\u0159 t\u0159in\u00e1ctilet\u00e9 d\u00edvky zp\u0159\u00edjemn\u00ed host\u016fm atmosf\u00e9ru kav\u00e1rny. &#8222;Douf\u00e1m, \u017ee se d\u00edky Bar\u010de dostaneme i do dal\u0161\u00edch kav\u00e1ren, kam Bar\u010da jinak moc nechod\u00ed,&#8220; usm\u00edvala se nad koktejlem a dortem se \u0161leha\u010dkou spoluorganiz\u00e1torka Bar\u010din\u00fdch v\u00fdstav Alena Binterov\u00e1. Tak nev\u00e1hejte a p\u0159ij\u010fte pobejt.<\/p>\n<p>\u010ceskobed\u011bjovick\u00fd den\u00edk<br \/>\n<a href=\"http:\/\/ceskobudejovicky.denik.cz\/\">http:\/\/ceskobudejovicky.denik.cz\/<\/a><\/p>\n","protected":false},"excerpt":{"rendered":"<div class=\"mh-excerpt\"><p>Talentovan\u00e1 \u0161kola\u010dka Barbora Sedl\u00e1\u010dkov\u00e1, kter\u00e1 kv\u016fli zdravotn\u00edmu posti\u017een\u00ed maluje pusou, vystavuje a\u017e do 7. kv\u011btna sv\u00e9 obrazy v kav\u00e1rn\u011b \u010deskobud\u011bjovick\u00e9ho kina Kotva.<\/p>\n<\/div>","protected":false},"author":1,"featured_media":6953,"comment_status":"open","ping_status":"closed","sticky":false,"template":"","format":"standard","meta":{"footnotes":""},"categories":[9],"tags":[],"class_list":["post-20786","post","type-post","status-publish","format-standard","has-post-thumbnail","hentry","category-zpravy"],"_links":{"self":[{"href":"https:\/\/www.invarena.cz\/index.php?rest_route=\/wp\/v2\/posts\/20786","targetHints":{"allow":["GET"]}}],"collection":[{"href":"https:\/\/www.invarena.cz\/index.php?rest_route=\/wp\/v2\/posts"}],"about":[{"href":"https:\/\/www.invarena.cz\/index.php?rest_route=\/wp\/v2\/types\/post"}],"author":[{"embeddable":true,"href":"https:\/\/www.invarena.cz\/index.php?rest_route=\/wp\/v2\/users\/1"}],"replies":[{"embeddable":true,"href":"https:\/\/www.invarena.cz\/index.php?rest_route=%2Fwp%2Fv2%2Fcomments&post=20786"}],"version-history":[{"count":0,"href":"https:\/\/www.invarena.cz\/index.php?rest_route=\/wp\/v2\/posts\/20786\/revisions"}],"wp:featuredmedia":[{"embeddable":true,"href":"https:\/\/www.invarena.cz\/index.php?rest_route=\/wp\/v2\/media\/6953"}],"wp:attachment":[{"href":"https:\/\/www.invarena.cz\/index.php?rest_route=%2Fwp%2Fv2%2Fmedia&parent=20786"}],"wp:term":[{"taxonomy":"category","embeddable":true,"href":"https:\/\/www.invarena.cz\/index.php?rest_route=%2Fwp%2Fv2%2Fcategories&post=20786"},{"taxonomy":"post_tag","embeddable":true,"href":"https:\/\/www.invarena.cz\/index.php?rest_route=%2Fwp%2Fv2%2Ftags&post=20786"}],"curies":[{"name":"wp","href":"https:\/\/api.w.org\/{rel}","templated":true}]}}