{"id":20804,"date":"2015-04-10T01:46:30","date_gmt":"2015-04-09T23:46:30","guid":{"rendered":"http:\/\/www.invarena.cz\/?p=20804"},"modified":"2015-04-10T10:47:26","modified_gmt":"2015-04-10T08:47:26","slug":"urad-v-karvine-ma-navadeci-zarizeni-pro-nevidome","status":"publish","type":"post","link":"https:\/\/www.invarena.cz\/?p=20804","title":{"rendered":"\u00da\u0159ad v Karvin\u00e9 m\u00e1 nav\u00e1d\u011bc\u00ed za\u0159\u00edzen\u00ed pro nevidom\u00e9"},"content":{"rendered":"<p><strong>Nevidom\u00ed obyvatel\u00e9 Karvin\u00e9 se mohou ode dne\u0161ka l\u00e9pe orientovat na \u00fa\u0159adech a to d\u00edky speci\u00e1ln\u00edmu zvukov\u00e9mu nav\u00e1d\u011bc\u00edmu za\u0159\u00edzen\u00ed.<\/strong><!--more--><\/p>\n<p>Za to, \u017ee u\u017e v budov\u00e1ch nemus\u00ed b\u00fdt odk\u00e1z\u00e1ni jen na pomoc druh\u00fdch, vd\u011b\u010d\u00ed nejenom magistr\u00e1tu, ale taky Helen\u011b Goreck\u00e9. Sama je nevidom\u00e1 a i p\u0159es sv\u016fj handicap vym\u00fd\u0161l\u00ed nov\u00e9 zp\u016fsoby, jak zjednodu\u0161it \u017eivot lidem s podobn\u00fdm posti\u017een\u00edm.<\/p>\n<p>\u010cty\u0159iat\u0159icetilet\u00e1 Helena je od narozen\u00ed nevidom\u00e1. Bez vod\u00edc\u00edho psa Rockyho neud\u011bl\u00e1 ani krok a pokud si pot\u0159ebuje vy\u0159\u00eddit n\u011bco na \u00fa\u0159ad\u011b, je odk\u00e1zan\u00e1 hlavn\u011b na pomoc druh\u00fdch, tedy byla. M\u011bsto zareagovalo na jej\u00ed podn\u011bt a nechalo na v\u0161echny sv\u00e9 budovy nainstalovat speci\u00e1ln\u00ed orienta\u010dn\u00ed maj\u00e1\u010dky.<\/p>\n<p>GORECK\u00c1 Helena, :<br \/>\nNev\u00edm, kde moment\u00e1ln\u011b jsem a proto m\u011b k tomu slou\u017e\u00ed krabi\u010dka, je to takzvan\u00e1 vys\u00edla\u010d VPN 01, tak\u017ee zjist\u00edme si, kde se te\u010f moment\u00e1ln\u011b nach\u00e1z\u00edm, zda je to tady, kde pot\u0159ebuju a proto\u017ee zde pot\u0159ebuju n\u011bco vy\u0159\u00eddit, nap\u0159\u00edklad pot\u0159ebuju j\u00edt za pan\u00ed Gromadovou, tak si j\u00ed ov\u011b\u0159\u00edm, jak tam vstoup\u00edm.<\/p>\n<p>Zvukov\u00fd z\u00e1znam nevidom\u00fd spust\u00ed pomoc\u00ed univerz\u00e1ln\u00edho ovlada\u010de, kter\u00fd u\u017e pou\u017e\u00edvaj\u00ed na n\u011bkter\u00fdch m\u00edstech v MHD, nebo na p\u0159echodech pro chodce.<\/p>\n<p>Toto za\u0159\u00edzen\u00ed nevidom\u00fdm pom\u016f\u017ee v orientaci v budov\u00e1ch magistr\u00e1tu a tak\u00e9 informuje o p\u0159ek\u00e1\u017ek\u00e1ch.<\/p>\n<p>\u0160\u00e1rka SWIDEROV\u00c1, mluv\u010d\u00ed Karvin\u00e9:<br \/>\n\u010cty\u0159i krabi\u010dky na v\u0161ech magistr\u00e1tn\u00edch budov\u00e1ch n\u00e1s bratru p\u0159i\u0161ly na zhruba pades\u00e1t tis\u00edc korun, tak\u017ee je to opravdu hodn\u011b muziky za m\u00e1lo pen\u011bz. Proto\u017ee to velmi v\u00fdznamn\u011b uleh\u010d\u00ed \u017eivot nevidom\u00fdm a slabozrak\u00fdm.<\/p>\n<p>S pan\u00ed Goreckou m\u011bsto spolupracuje u\u017e del\u0161\u00ed dobu. Realizovalo nap\u0159\u00edklad jej\u00ed n\u00e1pad ozna\u010dit popelnice na pap\u00edr, plast a komun\u00e1ln\u00ed odpad \u0161t\u00edtky s Braillov\u00fdm p\u00edsmem. Nevidom\u00ed v Karvin\u00e9 tak mohou t\u0159\u00eddit odpad. <\/p>\n<p>Tv Barrandov <\/p>\n","protected":false},"excerpt":{"rendered":"<div class=\"mh-excerpt\"><p>Nevidom\u00ed obyvatel\u00e9 Karvin\u00e9 se mohou ode dne\u0161ka l\u00e9pe orientovat na \u00fa\u0159adech a to d\u00edky speci\u00e1ln\u00edmu zvukov\u00e9mu nav\u00e1d\u011bc\u00edmu za\u0159\u00edzen\u00ed.<\/p>\n<\/div>","protected":false},"author":1,"featured_media":4719,"comment_status":"open","ping_status":"closed","sticky":false,"template":"","format":"standard","meta":{"footnotes":""},"categories":[9],"tags":[],"class_list":["post-20804","post","type-post","status-publish","format-standard","has-post-thumbnail","hentry","category-zpravy"],"_links":{"self":[{"href":"https:\/\/www.invarena.cz\/index.php?rest_route=\/wp\/v2\/posts\/20804","targetHints":{"allow":["GET"]}}],"collection":[{"href":"https:\/\/www.invarena.cz\/index.php?rest_route=\/wp\/v2\/posts"}],"about":[{"href":"https:\/\/www.invarena.cz\/index.php?rest_route=\/wp\/v2\/types\/post"}],"author":[{"embeddable":true,"href":"https:\/\/www.invarena.cz\/index.php?rest_route=\/wp\/v2\/users\/1"}],"replies":[{"embeddable":true,"href":"https:\/\/www.invarena.cz\/index.php?rest_route=%2Fwp%2Fv2%2Fcomments&post=20804"}],"version-history":[{"count":0,"href":"https:\/\/www.invarena.cz\/index.php?rest_route=\/wp\/v2\/posts\/20804\/revisions"}],"wp:featuredmedia":[{"embeddable":true,"href":"https:\/\/www.invarena.cz\/index.php?rest_route=\/wp\/v2\/media\/4719"}],"wp:attachment":[{"href":"https:\/\/www.invarena.cz\/index.php?rest_route=%2Fwp%2Fv2%2Fmedia&parent=20804"}],"wp:term":[{"taxonomy":"category","embeddable":true,"href":"https:\/\/www.invarena.cz\/index.php?rest_route=%2Fwp%2Fv2%2Fcategories&post=20804"},{"taxonomy":"post_tag","embeddable":true,"href":"https:\/\/www.invarena.cz\/index.php?rest_route=%2Fwp%2Fv2%2Ftags&post=20804"}],"curies":[{"name":"wp","href":"https:\/\/api.w.org\/{rel}","templated":true}]}}