{"id":20821,"date":"2015-04-13T10:37:56","date_gmt":"2015-04-13T08:37:56","guid":{"rendered":"http:\/\/www.invarena.cz\/?p=20821"},"modified":"2015-04-14T11:07:20","modified_gmt":"2015-04-14T09:07:20","slug":"novela-zakona-ma-udelat-poradek-v-neregistrovanych-socialnich-sluzbach","status":"publish","type":"post","link":"https:\/\/www.invarena.cz\/?p=20821","title":{"rendered":"Novela z\u00e1kona m\u00e1 ud\u011blat po\u0159\u00e1dek v neregistrovan\u00fdch soci\u00e1ln\u00edch slu\u017eb\u00e1ch"},"content":{"rendered":"<p><strong>V posledn\u00edch letech se u n\u00e1s rozmohlo podnik\u00e1n\u00ed &#8222;se st\u00e1\u0159\u00edm&#8220;. Vznikaj\u00ed domovy pro seniory s nab\u00eddkou nejr\u016fzn\u011bj\u0161\u00edch soci\u00e1ln\u00edch slu\u017eeb, p\u0159i\u010dem\u017e nespl\u0148uj\u00ed technick\u00e9 ani person\u00e1ln\u00ed standardy, je\u017e vy\u017eaduje sou\u010dasn\u00e1 legislativa.<\/strong><!--more--><\/p>\n<p>Sta\u0159\u00ed lid\u00e9 a zdravotn\u011b posti\u017een\u00ed \u017eij\u00ed v t\u011bchto za\u0159\u00edzen\u00edch v ned\u016fstojn\u00fdch podm\u00ednk\u00e1ch bez slibovan\u00e9 p\u00e9\u010de a st\u00e1tn\u00ed p\u0159\u00edsp\u011bvky na p\u00e9\u010di jsou v r\u00e1mci t\u00e9to &#8222;slu\u017eby&#8220; \u010dasto zneu\u017e\u00edv\u00e1ny. Ministerstvo pr\u00e1ce a soci\u00e1ln\u00edch v\u011bc\u00ed (MPSV) se sna\u017e\u00ed \u010dinit takov\u00e1 opat\u0159en\u00ed, aby ke zneu\u017e\u00edv\u00e1n\u00ed soci\u00e1ln\u00edch slu\u017eeb doch\u00e1zelo co nejm\u00e9n\u011b, mimo jin\u00e9 chyst\u00e1 novelu z\u00e1kona o soci\u00e1ln\u00edch slu\u017eb\u00e1ch.<\/p>\n<p>&#8222;Komplexn\u00ed \u0159e\u0161en\u00ed t\u00e9to problematiky p\u0159ipravujeme v novele z\u00e1kona o soci\u00e1ln\u00edch slu\u017eb\u00e1ch, kter\u00e1 by m\u011bla za\u010d\u00edt platit od 1. ledna 2017,&#8220; uvedl \u0159editel odboru soci\u00e1ln\u00edch slu\u017eeb David Posp\u00ed\u0161il.<\/p>\n<p>Novela z\u00e1kona o soci\u00e1ln\u00edch slu\u017eb\u00e1ch p\u0159inese \u00fapravu registra\u010dn\u00edch podm\u00ednek pro poskytovatele. Budou se podrobn\u011bji v\u011bnovat materi\u00e1ln\u011btechnick\u00fdm standard\u016fm a person\u00e1ln\u00edmu zaji\u0161t\u011bn\u00ed slu\u017eeb. Diskuse zejm\u00e9na u pobytov\u00fdch slu\u017eeb se zam\u011b\u0159uje na prostory ur\u010den\u00e9 klient\u016fm, tedy na pokoje u\u017eivatel\u016f a jejich vybaven\u00ed, m\u00edstnosti na spole\u010dn\u00e9 setk\u00e1v\u00e1n\u00ed \u010di aktiviza\u010dn\u00ed m\u00edstnosti. Technick\u00e9 prostory, nap\u0159\u00edklad kuchy\u0148 a pr\u00e1delna, jsou upraveny ji\u017e jin\u00fdmi normami. Bude tak\u00e9 nutn\u00e9 stanovit minim\u00e1ln\u00ed standard pro odborn\u00fd person\u00e1l, zejm\u00e9na profes\u00ed soci\u00e1ln\u00edho pracovn\u00edka a pracovn\u00edka v soci\u00e1ln\u00edch slu\u017eb\u00e1ch.<\/p>\n<p>Podle \u00fadaj\u016f krajsk\u00fdch \u00fa\u0159ad\u016f z b\u0159ezna 2015 funguje v \u010cR 72 neregistrovan\u00fdch poskytovatel\u016f soci\u00e1ln\u00edch slu\u017eeb, co\u017e je asi 7% z celkov\u00e9ho po\u010dtu \u0159\u00e1dn\u00fdch poskytovatel\u016f s druhem p\u00e9\u010de domovy pro seniory a domovy se zvl\u00e1\u0161tn\u00edm re\u017eimem.<\/p>\n<p>S dvaceti z nich bylo zah\u00e1jeno spr\u00e1vn\u00ed \u0159\u00edzen\u00ed. Sou\u010dasn\u00e1 legislativa v\u0161ak krajsk\u00fdm \u00fa\u0159ad\u016fm ani MPSV nedovoluje takov\u00e9 za\u0159\u00edzen\u00ed uzav\u0159\u00edt. Lze je v\u0161ak za poru\u0161en\u00ed z\u00e1kona o soci\u00e1ln\u00edch slu\u017eb\u00e1ch postihnout pokutou.&#8220;Aby se zv\u00fd\u0161il tlak na tato za\u0159\u00edzen\u00ed, tak v lo\u0148sk\u00e9m roce vzrostla pokuta za poskytov\u00e1n\u00ed soci\u00e1ln\u00edch slu\u017eeb bez opr\u00e1vn\u011bn\u00ed z 250 tis\u00edc na jeden milion korun,&#8220; dodal Posp\u00ed\u0161il. Neregistrovan\u00ed poskytovatel\u00e9 soci\u00e1ln\u00edch slu\u017eeb se orientuj\u00ed sp\u00ed\u0161e na skupiny s ni\u017e\u0161\u00edmi p\u0159\u00edjmy. Rozhodn\u011b v\u0161ak neplat\u00ed, \u017ee by pro tuto p\u0159\u00edjmovou skupinu byla registrovan\u00e1 za\u0159\u00edzen\u00ed finan\u010dn\u011b nedostupn\u00e1. U\u017eivatel\u00e9 soci\u00e1ln\u00edch slu\u017eeb v domovech pro seniory, se zvl\u00e1\u0161tn\u00edm re\u017eimem nebo domovech pro osoby se zdravotn\u00edm posti\u017een\u00edm si hrad\u00ed tyto pobytov\u00e9 slu\u017eby pouze do v\u00fd\u0161e sv\u00e9ho p\u0159\u00edjmu, p\u0159i\u010dem\u017e jim mus\u00ed z\u016fstat minim\u00e1ln\u011b 15 % jejich p\u0159\u00edjm\u016f jako kapesn\u00e9. Na podporu registrovan\u00fdch soci\u00e1ln\u00edch slu\u017eeb je formou dotace ze st\u00e1tn\u00edho rozpo\u010dtu v leto\u0161n\u00edm roce ur\u010deno cca 7,7 miliard korun.<\/p>\n<p>Je tak\u00e9 d\u016fle\u017eit\u00e9, aby lid\u00e9, kte\u0159\u00ed se o tyto slu\u017eby zaj\u00edmaj\u00ed, obdr\u017eeli informace o v\u0161ech existuj\u00edc\u00edch mo\u017enostech pomoci v r\u00e1mci st\u00e1vaj\u00edc\u00edho syst\u00e9mu.<\/p>\n<p>Havl\u00ed\u010dkobrodsk\u00fd den\u00edk<\/p>\n","protected":false},"excerpt":{"rendered":"<div class=\"mh-excerpt\"><p>V posledn\u00edch letech se u n\u00e1s rozmohlo podnik\u00e1n\u00ed &#8222;se st\u00e1\u0159\u00edm&#8220;. Vznikaj\u00ed domovy pro seniory s nab\u00eddkou nejr\u016fzn\u011bj\u0161\u00edch soci\u00e1ln\u00edch slu\u017eeb, p\u0159i\u010dem\u017e nespl\u0148uj\u00ed technick\u00e9 ani person\u00e1ln\u00ed standardy, <a class=\"mh-excerpt-more\" href=\"https:\/\/www.invarena.cz\/?p=20821\" title=\"Novela z\u00e1kona m\u00e1 ud\u011blat po\u0159\u00e1dek v neregistrovan\u00fdch soci\u00e1ln\u00edch slu\u017eb\u00e1ch\">[&#8230;]<\/a><\/p>\n<\/div>","protected":false},"author":1,"featured_media":14575,"comment_status":"open","ping_status":"closed","sticky":false,"template":"","format":"standard","meta":{"footnotes":""},"categories":[9],"tags":[],"class_list":["post-20821","post","type-post","status-publish","format-standard","has-post-thumbnail","hentry","category-zpravy"],"_links":{"self":[{"href":"https:\/\/www.invarena.cz\/index.php?rest_route=\/wp\/v2\/posts\/20821","targetHints":{"allow":["GET"]}}],"collection":[{"href":"https:\/\/www.invarena.cz\/index.php?rest_route=\/wp\/v2\/posts"}],"about":[{"href":"https:\/\/www.invarena.cz\/index.php?rest_route=\/wp\/v2\/types\/post"}],"author":[{"embeddable":true,"href":"https:\/\/www.invarena.cz\/index.php?rest_route=\/wp\/v2\/users\/1"}],"replies":[{"embeddable":true,"href":"https:\/\/www.invarena.cz\/index.php?rest_route=%2Fwp%2Fv2%2Fcomments&post=20821"}],"version-history":[{"count":0,"href":"https:\/\/www.invarena.cz\/index.php?rest_route=\/wp\/v2\/posts\/20821\/revisions"}],"wp:featuredmedia":[{"embeddable":true,"href":"https:\/\/www.invarena.cz\/index.php?rest_route=\/wp\/v2\/media\/14575"}],"wp:attachment":[{"href":"https:\/\/www.invarena.cz\/index.php?rest_route=%2Fwp%2Fv2%2Fmedia&parent=20821"}],"wp:term":[{"taxonomy":"category","embeddable":true,"href":"https:\/\/www.invarena.cz\/index.php?rest_route=%2Fwp%2Fv2%2Fcategories&post=20821"},{"taxonomy":"post_tag","embeddable":true,"href":"https:\/\/www.invarena.cz\/index.php?rest_route=%2Fwp%2Fv2%2Ftags&post=20821"}],"curies":[{"name":"wp","href":"https:\/\/api.w.org\/{rel}","templated":true}]}}