{"id":20838,"date":"2015-04-16T12:00:17","date_gmt":"2015-04-16T10:00:17","guid":{"rendered":"http:\/\/www.invarena.cz\/?p=20838"},"modified":"2015-04-16T19:27:36","modified_gmt":"2015-04-16T17:27:36","slug":"samozivitelka-s-tremi-detmi-zije-z-8500-korun-mesicne-prispevek-na-peci-ji-nezvysi","status":"publish","type":"post","link":"https:\/\/www.invarena.cz\/?p=20838","title":{"rendered":"S t\u0159emi d\u011btmi \u017eije z 8500 korun m\u011bs\u00ed\u010dn\u011b. P\u0159\u00edsp\u011bvek na p\u00e9\u010di j\u00ed sn\u00ed\u017eili"},"content":{"rendered":"<p><strong>Tak\u00e9 n\u011bkdy m\u00e1te pocit, \u017ee \u010d\u00edm v\u00edc \u010dlov\u011bk pot\u0159ebuje pomoc, t\u00edm v\u00edc st\u00e1t na n\u011bm \u0161kudl\u00ed?\u00a0 P\u0159itom si m\u016f\u017ee snadno ov\u011b\u0159it, jak\u00fd je skute\u010dn\u00fd zdravotn\u00ed stav d\u00edt\u011bte, o kter\u00e9 se mus\u00ed matka nep\u0159etr\u017eit\u011b starat.\u00a0 M\u00edsto toho ale n\u011bkdo koukne do tabulek a \u0161krtne finan\u010dn\u00ed \u010d\u00e1stku, kter\u00e1 je pro rodinu fat\u00e1ln\u00ed.<\/strong><!--more--><\/p>\n<p>foto: Anita Patterson \/ MorgueFile<\/p>\n<p><em><strong>po\u0159ad \u010cern\u00e9 ovce, \u010cT<\/strong> <\/em><\/p>\n<p>Kate\u0159ina PAVLECHOV\u00c1, :<br \/>\nMy nem\u016f\u017eeme za to, \u017ee na\u0161e d\u00edt\u011b je <span class=\"highlight\">posti\u017een\u00e9<\/span>. A by\u0165 se sna\u017e\u00edme sebev\u00edc tomu d\u00edt\u011bti d\u00e1t to maximum, tak prost\u011b st\u00e1t n\u00e1s vylo\u017een\u011b poni\u017euje v tom, \u017ee my mus\u00edme chodit, a jak se \u0159\u00edk\u00e1 u n\u00e1s v \u010cech\u00e1ch, \u017eebrat.<\/p>\n<p>Kate\u0159ina Pavlechov\u00e1 z Hav\u00ed\u0159ova se sama star\u00e1 o t\u0159i d\u011bti. 11let\u00fd Samuel je z dvoj\u010dat. Zat\u00edmco jeho sestra Kl\u00e1ra je zdrav\u00e9 d\u011bv\u010de, Samuel u\u017e v 5 m\u011bs\u00edc\u00edch prod\u011blal z\u00e1pal plic, m\u00e1 siln\u00e9 astma a sn\u00ed\u017eenou imunitu. Ale to nen\u00ed v\u0161echno.<\/p>\n<p>Kate\u0159ina PAVLECHOV\u00c1, :<br \/>\nNejv\u011bt\u0161\u00ed pot\u00ed\u017ee u Sam\u00edka nastaly, kdy\u017e mu bylo zhruba asi dva a p\u016fl roku. Jeliko\u017e mi st\u00e1le nechodil, za\u010dalo se kompletn\u00ed d\u016fkladn\u011bj\u0161\u00ed vy\u0161et\u0159en\u00ed, bylo zji\u0161t\u011bno, \u017ee m\u016fj syn m\u00e1 t\u011b\u017ekou epilepsii.<\/p>\n<p>Po mate\u0159sk\u00e9 dovolen\u00e9 pan\u00ed Pavlechov\u00e1 nastoupila do pr\u00e1ce a Samuel do \u0161kolky. Jen\u017ee nastal dal\u0161\u00ed zdravotn\u00ed probl\u00e9m.<\/p>\n<p>Kate\u0159ina PAVLECHOV\u00c1, :<br \/>\nU Samuela byly zji\u0161t\u011bny dal\u0161\u00ed diagn\u00f3zy, bylo tam podez\u0159en\u00ed na schizofrenii, tak\u017ee vlastn\u011b tato l\u00e9\u010dba opravdu vy\u017eadovala ode m\u011b 24 hodinov\u00fd dohled toho syna, dostali jsme to i p\u0159\u00edkazem od l\u00e9ka\u0159\u016f. A tak\u017ee vlastn\u011b pro m\u011b zam\u011bstn\u00e1n\u00ed, jak\u00e1koliv mo\u017enost \u00fapln\u011b ukon\u010dena.<\/p>\n<p>A nav\u00edc, Samuel m\u00e1 poruchu \u0159e\u010di a je ment\u00e1ln\u011b opo\u017ed\u011bn\u00fd. Dnes je na \u00farovni p\u011btilet\u00e9ho d\u00edt\u011bte. A asi nejv\u011bt\u0161\u00ed probl\u00e9m je v tom, \u017ee Samuel je autista.<\/p>\n<p>Kate\u0159ina PAVLECHOV\u00c1, :<br \/>\nNeum\u00ed si uva\u0159it \u010daj, neum\u00ed si ukrojit rohl\u00edk. Co pro n\u011bj nen\u00ed logick\u00e9, neud\u011bl\u00e1. P\u0159ev\u00e1d\u00ed si v\u0161echno do matematiky. To znamen\u00e1, \u017ee z\u00e1kladn\u00ed b\u011b\u017en\u00e9 v\u011bci, jako m\u00e1te zav\u00e1zat si tkani\u010dky u bot, zapnout si knofl\u00edk u kalhot, zapnout si zips u t\u00e9 bundy, neud\u011bl\u00e1. Pod\u00edvej, \u017ee m\u00e1\u0161 tam boty. Tam jsou, vlevo jsou boty. Ano. Spr\u00e1vn\u011b Nerozezn\u00e1, jak si m\u00e1 vz\u00edt oble\u010den\u00ed v po\u010das\u00ed. Kdy\u017e je venku slun\u00ed\u010dko, tak prost\u011b je schopen si vz\u00edt kra\u0165asy a tri\u010dko, proto\u017ee je venku slun\u00ed\u010dko.<\/p>\n<p>Veronika \u0160PORCLOV\u00c1, psycholo\u017eka, APLA, Asociace pom\u00e1haj\u00edc\u00ed lidem s autismem:<br \/>\n\u010casto tyto d\u011bti s ment\u00e1ln\u00edm handicapem maj\u00ed sn\u00ed\u017een\u00e9 rozumov\u00e9 schopnosti a v d\u016fsledku autismu si nejsou schopni si poradit v situac\u00edch, kter\u00e9 nemaj\u00ed nacvi\u010den\u00e9. Tak\u017ee si ne\u0159ekne o pomoc, neorientuje se v \u010dase, v prostoru. D\u00edt\u011b s touto diagn\u00f3zou jednozna\u010dn\u011b nen\u00ed schopno samostatn\u011b fungovat a pot\u0159ebuje t\u00e9m\u011b\u0159 neust\u00e1lou asistenci a doprovod druh\u00e9 osoby.<\/p>\n<p>P\u0159ed 6 lety byl Samuelovi p\u0159izn\u00e1n t\u0159et\u00ed stupe\u0148 <span class=\"highlight\">posti\u017een\u00ed<\/span>. Rodina tak dost\u00e1vala 9000 a pan\u00ed Pavlechov\u00e1 mohla b\u00fdt doma a o syna se starat.<\/p>\n<p>Kate\u0159ina PAVLECHOV\u00c1, :<br \/>\nZ t\u00e9to finan\u010dn\u00ed \u010d\u00e1stky jsem mohla hradit, jako byla hospitalizace, jako byly l\u00e9ky, jako byla n\u00e1v\u0161t\u011bva l\u00e9ka\u0159\u016f, r\u016fzn\u00e9 rehabilita\u010dn\u00ed pom\u016fcky a tak d\u00e1le, aby to d\u00edt\u011b se mohlo rozv\u00edjet tak, jak pot\u0159ebovalo.<\/p>\n<p>O t\u0159i roky pozd\u011bji n\u00e1sledovalo dal\u0161\u00ed posouzen\u00ed. P\u0159esto\u017ee se podle l\u00e9ka\u0159\u016f Samuel\u016fv zdravotn\u00ed stav nezlep\u0161il, stupe\u0148 z\u00e1vislosti byl sn\u00ed\u017een na dvojku a finan\u010dn\u00ed p\u0159\u00edsp\u011bvek st\u00e1tu na 6000. T\u00edm to ale neskon\u010dilo.<\/p>\n<p>Kate\u0159ina PAVLECHOV\u00c1, :<br \/>\nBohu\u017eel v roce 2014 n\u00e1m byl stupe\u0148 sn\u00ed\u017een pouze na jedni\u010dku, kdy \u010d\u00e1stka prvn\u00edho stupn\u011b je pouze 3000 korun. A t\u00edm, \u017ee m\u00e1m pouze prvn\u00ed stupe\u0148, jsem ze z\u00e1kona povinna se zaevidovat na \u00fa\u0159ad pr\u00e1ce. To jsem tak ud\u011blala, a bylo mi sd\u011bleno na \u00fa\u0159adu pr\u00e1ce, pokud m\u00e1me pro v\u00e1s zam\u011bstn\u00e1n\u00ed, vy jej odm\u00edtnete, my v\u00e1s automaticky vy\u0159ad\u00edme z evidence \u00fa\u0159adu pr\u00e1ce, p\u0159ijdu j\u00e1 o hmotnou nouzi a s d\u011btmi skon\u010d\u00edm na ulici. To u\u017e je zoufalstv\u00ed, zoufalstv\u00ed, do jak\u00e9 situace m\u011b dost\u00e1v\u00e1 st\u00e1t. A tento st\u00e1t m\u011b do t\u00e9to situace, do toho zoufalstv\u00ed, dost\u00e1v\u00e1 v\u011bdom\u011b.<\/p>\n<p>O p\u0159izn\u00e1n\u00ed a v\u00fd\u0161i p\u0159\u00edsp\u011bvku na p\u00e9\u010di rozhoduje \u00fa\u0159ad pr\u00e1ce. Vych\u00e1z\u00ed ale z hodnocen\u00ed posudkov\u00e9ho l\u00e9ka\u0159e.<\/p>\n<p>Kate\u0159ina BER\u00c1NKOV\u00c1, mluv\u010d\u00ed, Gener\u00e1ln\u00ed \u0159editelstv\u00ed \u00da\u0159adu pr\u00e1ce \u010cR:<br \/>\nV r\u00e1mci toho procesu nebo v r\u00e1mci l\u00e9ka\u0159sk\u00e9ho posouzen\u00ed zdravotn\u00edho stavu se hodnot\u00ed to, jak je \u010dlov\u011bk schopen zvl\u00e1dat z\u00e1kladn\u00ed \u017eivotn\u00ed funkce. Nap\u0159\u00edklad to jak se um\u00ed s\u00e1m obl\u00e9ct, jak se stravuje, jak zvl\u00e1d\u00e1 t\u011blesnou hygienu a dal\u0161\u00ed.<\/p>\n<p>Z\u00e1kladn\u00ed \u0161et\u0159en\u00ed prov\u00e1d\u00ed soci\u00e1ln\u00ed pracovnice, z\u00e1v\u011br je ale na posudkov\u00e9m l\u00e9ka\u0159i, co\u017e je zam\u011bstnanec \u010cesk\u00e9 spr\u00e1vy soci\u00e1ln\u00edho zabezpe\u010den\u00ed.<\/p>\n<p>Jan HUTA\u0158, pr\u00e1vn\u00edk, N\u00e1rodn\u00ed rada osob se zdravotn\u00edm posti\u017een\u00edm \u010cR:<br \/>\nZ\u00e1le\u017e\u00ed vysloven\u011b na libov\u016fli toho posudkov\u00e9ho l\u00e9ka\u0159e. Pokud ten l\u00e9ka\u0159 tvrd\u00ed, \u017ee tam nejsou zdravotn\u00ed d\u016fvody, pak by se m\u011bl tedy vyj\u00e1d\u0159it k tomu, pro\u010d tedy toto pova\u017euje za zvl\u00e1dnut\u00e9 u toho \u010dlov\u011bka. P\u0159ihl\u00e9dnout k t\u00e9 ment\u00e1ln\u00ed retardaci, k t\u011bm rys\u016fm toho autismu. Tak\u017ee tady pochopiteln\u011b neposoudil spr\u00e1vn\u011b, proto\u017ee nerespektoval ta krit\u00e9ria, kter\u00e1 jsou tady uvedena.<\/p>\n<p>redaktorka:<br \/>\n<strong>Jak je mo\u017en\u00e9 \u017ee doch\u00e1z\u00ed ke sni\u017eov\u00e1n\u00ed stupn\u011b z\u00e1vislosti, by\u0165 to d\u00edt\u011b m\u00e1 st\u00e1le stejn\u00fd zdravotn\u00ed stav?<\/strong><\/p>\n<p>Kate\u0159ina BER\u00c1NKOV\u00c1, mluv\u010d\u00ed, Gener\u00e1ln\u00ed \u0159editelstv\u00ed \u00da\u0159adu pr\u00e1ce \u010cR:<br \/>\nOpravdu \u00fa\u0159ad pr\u00e1ce mus\u00ed vych\u00e1zet z aktu\u00e1ln\u00edch l\u00e9ka\u0159sk\u00fdch zpr\u00e1v.<\/p>\n<p>Zden\u011bk \u017dI\u017dKA, pr\u00e1vn\u00edk, N\u00e1rodn\u00ed rada osob se zdravotn\u00edm posti\u017een\u00edm \u010cR:<br \/>\nP\u0159esouvat hodnocen\u00ed zdravotn\u00edho stavu, eventueln\u011b zbytkov\u00fdch fyzick\u00fdch schopnost\u00ed t\u011bchto d\u011bt\u00ed na posudkov\u00e9 l\u00e9ka\u0159e, jejich\u017e v\u011bkov\u00fd pr\u016fm\u011br se pohybuje p\u0159ibli\u017en\u011b od 65 let nahoru, je velmi ne\u0161\u0165astn\u00e9, nebo\u0165 velmi \u010dasto posuzuje posudkov\u00fd l\u00e9ka\u0159, kter\u00fd je nap\u0159\u00edklad, kdy\u017e to p\u0159e\u017eenu, o\u010dn\u00ed l\u00e9ka\u0159, a m\u00e1 posudkovat autismus.<\/p>\n<p>Pan\u00ed Pavlechov\u00e1 se proti rozhodnut\u00ed odvolala. Jen\u017ee vypadalo to, \u017ee p\u0159\u00edsp\u011bvek na p\u00e9\u010di \u00fa\u0159ady odejmou \u00fapln\u011b. Soci\u00e1ln\u00ed pracovnice toti\u017e uznaly z\u00e1vislost jen ve dvou posuzovan\u00fdch bodech. Pan\u00ed Pavlechov\u00e1 proto sv\u00e9 odvol\u00e1n\u00ed vzala zp\u011bt. Nicm\u00e9n\u011b \u00fa\u0159ady za\u010daly v\u0161e posuzovat znovu.<\/p>\n<p>Kate\u0159ina BER\u00c1NKOV\u00c1:<br \/>\n\u00da\u0159ad pr\u00e1ce, respektive kontaktn\u00ed pracovi\u0161t\u011b \u00fa\u0159adu pr\u00e1ce na z\u00e1klad\u011b informace z Ministerstva pr\u00e1ce a soci\u00e1ln\u00edch v\u011bc\u00ed tento proces zah\u00e1jilo, tud\u00ed\u017e oslovilo i p\u0159\u00edslu\u0161nou okresn\u00ed zpr\u00e1vu soci\u00e1ln\u00edho zabezpe\u010den\u00ed, aby provedla to nov\u00e9 posouzen\u00ed<br \/>\nzdravotn\u00edho stavu.<\/p>\n<p><strong>V pr\u016fb\u011bhu jednoho roku bude tedy Samuel posuzov\u00e1n u\u017e pot\u0159et\u00ed. Podle n\u00e1zoru psychologa s\u00e1m nezvl\u00e1d\u00e1 \u017e\u00e1dnou z posuzovan\u00fdch \u017eivotn\u00edch pot\u0159eb. Jen\u017ee kone\u010dn\u00e9 rozhodnut\u00ed bude op\u011bt na posudkov\u00e9m l\u00e9ka\u0159i. Tak\u017ee je mo\u017en\u00e9, \u017ee pan\u00ed Pavlechov\u00e1 p\u0159ijde o p\u0159\u00edsp\u011bvek t\u0159eba \u00fapln\u011b?<\/strong><\/p>\n<p>Kate\u0159ina BER\u00c1NKOV\u00c1, mluv\u010d\u00ed, Gener\u00e1ln\u00ed \u0159editelstv\u00ed \u00da\u0159adu pr\u00e1ce \u010cR:<br \/>\nJ\u00e1 to samoz\u0159ejm\u011b v tuto chv\u00edli nedok\u00e1\u017eu zhodnotit, nev\u00edm, jak nakonec dopadne to p\u0159eposouzen\u00ed. A to rozhodnut\u00ed kone\u010dn\u00e9 v tomto p\u0159\u00edpad\u011b u\u017e vyd\u00e1 posudkov\u00e1 komise Ministerstva pr\u00e1ce a soci\u00e1ln\u00edch v\u011bc\u00ed.<\/p>\n<p>O vyj\u00e1d\u0159en\u00ed jsme po\u017e\u00e1dali i Ministerstvo pr\u00e1ce a soci\u00e1ln\u00edch v\u011bc\u00ed. Nejprve si vy\u017e\u00e1dali souhlas matky s poskytnut\u00edm informac\u00ed. Pot\u00e9 \u010das na sezn\u00e1men\u00ed s p\u0159\u00edpadem. A nakonec n\u00e1s odk\u00e1zali na mluv\u010d\u00ed \u010cesk\u00e9 spr\u00e1vy soci\u00e1ln\u00edho zabezpe\u010den\u00ed.<\/p>\n<p>Jana BURA\u0147OV\u00c1, mluv\u010d\u00ed, \u010cesk\u00e1 spr\u00e1va soci\u00e1ln\u00edho zabezpe\u010den\u00ed:<br \/>\nS ohledem na korektn\u00ed p\u0159\u00edstup nebude \u010cesk\u00e1 spr\u00e1va soci\u00e1ln\u00edho zabezpe\u010den\u00ed v pr\u016fb\u011bhu \u0159\u00edzen\u00ed poskytovat k p\u0159\u00edpadu bli\u017e\u0161\u00ed informace.<\/p>\n<p>redaktorka:<br \/>\n<strong>Kolik m\u00e1te ten p\u0159\u00edsp\u011bvek v hmotn\u00e9 nouzi?<\/strong><\/p>\n<p>PAVLECHOV\u00c1, :<br \/>\n8500 korun pro \u010dty\u0159\u010dlennou rodinu.<\/p>\n<p><strong>A z toho vy\u017eijete?<\/strong><\/p>\n<p>PAVLECHOV\u00c1, :<br \/>\nNo, tak z t\u00e9to \u010d\u00e1stky zaplat\u00edm inkaso, zaplat\u00edm j\u00edzdn\u00e9 d\u011btem do \u0161koly v\u010detn\u011b m\u00e9ho j\u00edzdn\u00e9ho, zaplat\u00edm je\u0161t\u011b pom\u011brnou \u010d\u00e1st, co se t\u00fdk\u00e1 l\u00e9k\u016f od Sam\u00edka, a na to \u017eivobyt\u00ed n\u00e1m z\u016fst\u00e1v\u00e1 na cel\u00fd m\u011bs\u00edc asi \u010d\u00e1stka 3000 korun. A z t\u00e9to \u010d\u00e1stky j\u00e1 jako matka, je\u0161t\u011b pokud je pot\u0159eba, d\u00edt\u011bti mus\u00edm koupit o\u0161acen\u00ed, mus\u00edte koupit, jako jsou z\u00e1kladn\u00ed v\u011bci, drogerie, zubn\u00ed pasta, \u0161ampon. Tak\u017ee 3000 je opravdu hrozn\u011b m\u00e1lo.<\/p>\n<p>:<br \/>\nV tak zoufal\u00e9 situaci je pan\u00ed Pavlechov\u00e1 i proto, \u017ee otec d\u011bt\u00ed rodin\u011b nep\u0159isp\u00edv\u00e1 a ta je proto z\u00e1visl\u00e1 na d\u00e1vk\u00e1ch od st\u00e1tu.<\/p>\n<p>Veronika \u0160PORCLOV\u00c1, psycholo\u017eka, APLA, Asociace pom\u00e1haj\u00edc\u00ed lidem s autismem:<br \/>\nTa praxe je takov\u00e1, \u017ee p\u0159\u00edsp\u011bvky na p\u00e9\u010di jsou \u010dasto rodin\u00e1m sni\u017eov\u00e1ny, ale bohu\u017eel se jedn\u00e1 o celo\u017eivotn\u00ed handicap, nem\u011bnn\u00fd trval\u00fd stav, a ty d\u011bti budou pot\u0159ebovat celo\u017eivotn\u00ed p\u00e9\u010di. A paradoxn\u011b rodi\u010de jsou potrest\u00e1ni za to, \u017ee kdy\u017e o d\u00edt\u011b pe\u010duj\u00ed, tak jim st\u00e1t sn\u00ed\u017e\u00ed p\u0159\u00edsp\u011bvek na p\u00e9\u010di, proto\u017ee se d\u00edt\u011b tro\u0161ku zlep\u0161\u00ed, ale bez t\u00e9 podpory, kterou ta rodina d\u00e1v\u00e1 d\u00edt\u011bti, vlastn\u011b d\u00edt\u011b nen\u00ed schopno fungovat.<\/p>\n<p>Zden\u011bk \u017dI\u017dKA, pr\u00e1vn\u00edk:<br \/>\nDneska v podstat\u011b st\u00e1t odm\u00edt\u00e1 a h\u00e1d\u00e1 se zaplatit rodi\u010d\u016fm p\u0159\u00edsp\u011bvek na p\u00e9\u010di. P\u0159itom se pohybujeme v maxim\u00e1ln\u00ed \u010d\u00e1stce 12 000 korun. A pokud to d\u00edt\u011b nastoup\u00ed do \u00fastavu, tak tam samoz\u0159ejm\u011b jeho m\u011bs\u00ed\u010dn\u00ed n\u00e1klady se budou pohybovat od 35 000 nahoru, kter\u00e9 ponese v\u00fdhradn\u011b st\u00e1t. Neust\u00e1le si tady nikdo nechce p\u0159iznat, \u017ee pokud rodi\u010de sami za nasazen\u00ed sv\u00fdch vlastn\u00edch sil pe\u010duj\u00ed o tyto d\u011bti, tak vlastn\u011b st\u00e1t u\u0161et\u0159\u00ed nemal\u00e9 pen\u00edze. To prost\u011b je naprosto nepochopiteln\u00e1 v\u011bc.<\/p>\n<p>Veronika \u0160PORCLOV\u00c1, psycholo\u017eka:<br \/>\nTi rodi\u010de pot\u0159ebuj\u00ed p\u0159\u00edsp\u011bvek od st\u00e1tu, kter\u00fd nen\u00ed v takov\u00e9 v\u00fd\u0161i, aby pokryl ty n\u00e1klady, ale alespo\u0148 \u010d\u00e1ste\u010dn\u011b kompenzoval, to \u017ee rodi\u010de se vzdaj\u00ed sv\u00e9ho zam\u011bstn\u00e1n\u00ed a z\u016fst\u00e1vaj\u00ed doma s d\u00edt\u011btem, tak\u017ee ur\u010dit\u011b nen\u00ed spr\u00e1vn\u00e1 praxe v tom, \u017ee ty p\u0159\u00edsp\u011bvky jsou odn\u00edm\u00e1ny t\u011bmto rodin\u00e1m.<\/p>\n","protected":false},"excerpt":{"rendered":"<div class=\"mh-excerpt\"><p>Tak\u00e9 n\u011bkdy m\u00e1te pocit, \u017ee \u010d\u00edm v\u00edc \u010dlov\u011bk pot\u0159ebuje pomoc, t\u00edm v\u00edc st\u00e1t na n\u011bm \u0161kudl\u00ed?\u00a0 P\u0159itom si m\u016f\u017ee snadno ov\u011b\u0159it, jak\u00fd je skute\u010dn\u00fd zdravotn\u00ed <a class=\"mh-excerpt-more\" href=\"https:\/\/www.invarena.cz\/?p=20838\" title=\"S t\u0159emi d\u011btmi \u017eije z 8500 korun m\u011bs\u00ed\u010dn\u011b. P\u0159\u00edsp\u011bvek na p\u00e9\u010di j\u00ed sn\u00ed\u017eili\">[&#8230;]<\/a><\/p>\n<\/div>","protected":false},"author":1,"featured_media":14565,"comment_status":"open","ping_status":"closed","sticky":false,"template":"","format":"standard","meta":{"footnotes":""},"categories":[7],"tags":[],"class_list":["post-20838","post","type-post","status-publish","format-standard","has-post-thumbnail","hentry","category-spolecnost"],"_links":{"self":[{"href":"https:\/\/www.invarena.cz\/index.php?rest_route=\/wp\/v2\/posts\/20838","targetHints":{"allow":["GET"]}}],"collection":[{"href":"https:\/\/www.invarena.cz\/index.php?rest_route=\/wp\/v2\/posts"}],"about":[{"href":"https:\/\/www.invarena.cz\/index.php?rest_route=\/wp\/v2\/types\/post"}],"author":[{"embeddable":true,"href":"https:\/\/www.invarena.cz\/index.php?rest_route=\/wp\/v2\/users\/1"}],"replies":[{"embeddable":true,"href":"https:\/\/www.invarena.cz\/index.php?rest_route=%2Fwp%2Fv2%2Fcomments&post=20838"}],"version-history":[{"count":0,"href":"https:\/\/www.invarena.cz\/index.php?rest_route=\/wp\/v2\/posts\/20838\/revisions"}],"wp:featuredmedia":[{"embeddable":true,"href":"https:\/\/www.invarena.cz\/index.php?rest_route=\/wp\/v2\/media\/14565"}],"wp:attachment":[{"href":"https:\/\/www.invarena.cz\/index.php?rest_route=%2Fwp%2Fv2%2Fmedia&parent=20838"}],"wp:term":[{"taxonomy":"category","embeddable":true,"href":"https:\/\/www.invarena.cz\/index.php?rest_route=%2Fwp%2Fv2%2Fcategories&post=20838"},{"taxonomy":"post_tag","embeddable":true,"href":"https:\/\/www.invarena.cz\/index.php?rest_route=%2Fwp%2Fv2%2Ftags&post=20838"}],"curies":[{"name":"wp","href":"https:\/\/api.w.org\/{rel}","templated":true}]}}