{"id":20841,"date":"2015-04-15T14:17:51","date_gmt":"2015-04-15T12:17:51","guid":{"rendered":"http:\/\/www.invarena.cz\/?p=20841"},"modified":"2015-04-15T14:17:51","modified_gmt":"2015-04-15T12:17:51","slug":"kolo-pro-byvaleho-mistra-sveta","status":"publish","type":"post","link":"https:\/\/www.invarena.cz\/?p=20841","title":{"rendered":"Kolo pro b\u00fdval\u00e9ho mistra sv\u011bta"},"content":{"rendered":"<p><strong>Mistra sv\u011bta v cyklotrialu Jaroslava Bla\u017eka, kter\u00fd je po t\u011b\u017ek\u00e9 autonehod\u011b v\u00e1\u017en\u011b posti\u017een\u00fd, se parta nad\u0161enc\u016f sna\u017e\u00ed vr\u00e1tit zp\u011bt do sedla. P\u0159i velikono\u010dn\u00edm b\u011bhu v Hlubok\u00e9 nad Vltavou vybrali mezi \u00fa\u010dastn\u00edky pen\u00edze na po\u0159\u00edzen\u00ed nov\u00e9ho kola pro n\u011bkdej\u0161\u00edho sv\u011btov\u00e9ho \u0161ampiona. <\/strong><!--more--><\/p>\n<p>Upraven\u00fd speci\u00e1l mu dnes p\u0159edali, aby se mohl v\u011bnovat \u017eivotn\u00ed v\u00e1\u0161ni, kterou je j\u00edzda na kole.<\/p>\n<p>41let\u00fd Jaroslav Bla\u017eek, dnes se pohybuje jen s h\u016flkou, dlouho st\u00e1t nevydr\u017e\u00ed, zrazuje ho stabilita. P\u0159itom v 90. letech pat\u0159il na kole ke sv\u011btov\u00e9 \u0161pi\u010dce, zdol\u00e1val i dvoumetrov\u00e9 kamenn\u00e9 p\u0159ek\u00e1\u017eky a vozil medaile. Tahle je nejcenn\u011bj\u0161\u00ed.1. m\u00edsto z Andory. Mistr sv\u011bta.<\/p>\n<p>P\u0159ed 11 lety havaroval v dod\u00e1vce. L\u00e9ka\u0159i mu \u017eivot zachr\u00e1nili, pak na n\u011bj \u010dekala l\u00e9ta cvi\u010den\u00ed na posteli, ve voz\u00edku a v rehabilita\u010dn\u00edm centru.<\/p>\n<p>Z nehody si nepamatuje nic. Teprve po p\u016fl roce promluvil. Kdy\u017e se za\u010dal h\u00fdbat, m\u011bl jedin\u00e9 p\u0159\u00e1n\u00ed. Sednout si zp\u00e1tky na kolo. Na star\u00e9m u\u017e zvl\u00e1dl prvn\u00ed kilometry.<\/p>\n<p>Te\u010f na n\u011bj \u010dek\u00e1 nov\u00e9. M\u00e1 roz\u0161\u00ed\u0159en\u00e1 \u0159\u00edd\u00edtka a speci\u00e1ln\u00ed pl\u00e1\u0161t\u011b. Nov\u00fd majitel se chce soust\u0159edit na j\u00edzdu po asfaltov\u00fdch stezk\u00e1ch. Na p\u0159\u00edrodn\u00ed p\u0159ek\u00e1\u017eky si u\u017e netrouf\u00e1.<\/p>\n<p>T\u00e9m\u011b\u0159 30 tis\u00edc korun na kolo vybrali organiz\u00e1to\u0159i hlubock\u00e9ho z\u00e1vodu Mezi vejci. Minul\u00e1 l\u00e9ta pozorn\u011b sledovali jeho prvn\u00ed kroky, proto mu te\u010f splnili sen.<\/p>\n<p>Val\u00e9rie CHROM\u00c1, spoluorganiz\u00e1torka akce:Br\u00e1zd\u00ed ulice Hlubov\u00e9, prost\u011b permanentn\u011b od sv\u00e9ho \u00farazu prost\u011b, tak\u017ee ho v\u0161ichni zn\u00e1me a v\u0161ichni jsme se mu sna\u017eili pomoci.<\/p>\n<p>Jaroslav bude nov\u00e9 kolo testovat cel\u00fd t\u00fdden. Zam\u00ed\u0159\u00ed s n\u00edm do T\u00fdna nad Vltavou, \u010dek\u00e1 ho 30kilometrov\u00e1 trasa. <\/p>\n<p> \u010cesk\u00e1 televize<\/p>\n","protected":false},"excerpt":{"rendered":"<div class=\"mh-excerpt\"><p>Mistra sv\u011bta v cyklotrialu Jaroslava Bla\u017eka, kter\u00fd je po t\u011b\u017ek\u00e9 autonehod\u011b v\u00e1\u017en\u011b posti\u017een\u00fd, se parta nad\u0161enc\u016f sna\u017e\u00ed vr\u00e1tit zp\u011bt do sedla. P\u0159i velikono\u010dn\u00edm b\u011bhu v <a class=\"mh-excerpt-more\" href=\"https:\/\/www.invarena.cz\/?p=20841\" title=\"Kolo pro b\u00fdval\u00e9ho mistra sv\u011bta\">[&#8230;]<\/a><\/p>\n<\/div>","protected":false},"author":1,"featured_media":0,"comment_status":"open","ping_status":"closed","sticky":false,"template":"","format":"standard","meta":{"footnotes":""},"categories":[9],"tags":[],"class_list":["post-20841","post","type-post","status-publish","format-standard","hentry","category-zpravy"],"_links":{"self":[{"href":"https:\/\/www.invarena.cz\/index.php?rest_route=\/wp\/v2\/posts\/20841","targetHints":{"allow":["GET"]}}],"collection":[{"href":"https:\/\/www.invarena.cz\/index.php?rest_route=\/wp\/v2\/posts"}],"about":[{"href":"https:\/\/www.invarena.cz\/index.php?rest_route=\/wp\/v2\/types\/post"}],"author":[{"embeddable":true,"href":"https:\/\/www.invarena.cz\/index.php?rest_route=\/wp\/v2\/users\/1"}],"replies":[{"embeddable":true,"href":"https:\/\/www.invarena.cz\/index.php?rest_route=%2Fwp%2Fv2%2Fcomments&post=20841"}],"version-history":[{"count":0,"href":"https:\/\/www.invarena.cz\/index.php?rest_route=\/wp\/v2\/posts\/20841\/revisions"}],"wp:attachment":[{"href":"https:\/\/www.invarena.cz\/index.php?rest_route=%2Fwp%2Fv2%2Fmedia&parent=20841"}],"wp:term":[{"taxonomy":"category","embeddable":true,"href":"https:\/\/www.invarena.cz\/index.php?rest_route=%2Fwp%2Fv2%2Fcategories&post=20841"},{"taxonomy":"post_tag","embeddable":true,"href":"https:\/\/www.invarena.cz\/index.php?rest_route=%2Fwp%2Fv2%2Ftags&post=20841"}],"curies":[{"name":"wp","href":"https:\/\/api.w.org\/{rel}","templated":true}]}}